{"id":14532,"date":"2017-09-18T12:42:10","date_gmt":"2017-09-18T12:42:10","guid":{"rendered":"https:\/\/armstrongyregion.com.ar\/diario\/?p=14532"},"modified":"2017-09-18T12:44:31","modified_gmt":"2017-09-18T12:44:31","slug":"lifschitz-inauguro-la-repavimentacion-de-la-ruta-n-65-tramo-san-genaro-las-rosas","status":"publish","type":"post","link":"https:\/\/armstrongyregion.com.ar\/diario\/lifschitz-inauguro-la-repavimentacion-de-la-ruta-n-65-tramo-san-genaro-las-rosas\/","title":{"rendered":"Lifschitz inaugur\u00f3 la repavimentacion de la Ruta N\u00b0 65. Tramo San Genaro-Las Rosas."},"content":{"rendered":"<p><a href=\"http:\/\/armstrongyregion.com.ar\/diario\/wp-content\/uploads\/2017\/09\/Ruta-65-.jpeg\"><img loading=\"lazy\" decoding=\"async\" src=\"http:\/\/armstrongyregion.com.ar\/diario\/wp-content\/uploads\/2017\/09\/Ruta-65-.jpeg\" alt=\"Ruta-65-Armstrong-y-Region.\" width=\"768\" height=\"432\" class=\"alignnone size-full wp-image-14533\" srcset=\"https:\/\/armstrongyregion.com.ar\/diario\/wp-content\/uploads\/2017\/09\/Ruta-65-.jpeg 768w, https:\/\/armstrongyregion.com.ar\/diario\/wp-content\/uploads\/2017\/09\/Ruta-65--300x169.jpeg 300w\" sizes=\"auto, (max-width: 768px) 100vw, 768px\" \/><\/a>\u201cHoy celebramos una nueva obra en la provincia de Santa Fe, que se empieza y se termina en los plazos establecidos; un compromiso asumido que se ve materializado con la obra terminada\u201d, resalt\u00f3 el gobernador.<br \/>\nEl gobernador Miguel Lifschitz inaugur\u00f3 este s\u00e1bado la obra de repavimentaci\u00f3n de 28 kil\u00f3metros de la Ruta Provincial N\u00b0 65, en el tramo San Genaro-Las Rosas. <\/p>\n<p>Los trabajos, demandaron una inversi\u00f3n provincial de 306 millones de pesos, fueron proyectados y licitados por la direcci\u00f3n provincial de Vialidad (DPV), y optimizan la conectividad y accesibilidad a las localidades de la zona.<\/p>\n<p><a href=\"http:\/\/armstrongyregion.com.ar\/diario\/wp-content\/uploads\/2017\/09\/Ruta-65-Lifschitz-.jpeg\"><img loading=\"lazy\" decoding=\"async\" src=\"http:\/\/armstrongyregion.com.ar\/diario\/wp-content\/uploads\/2017\/09\/Ruta-65-Lifschitz-.jpeg\" alt=\"Ruta-65-Lifschitz-\" width=\"768\" height=\"432\" class=\"alignnone size-full wp-image-14534\" srcset=\"https:\/\/armstrongyregion.com.ar\/diario\/wp-content\/uploads\/2017\/09\/Ruta-65-Lifschitz-.jpeg 768w, https:\/\/armstrongyregion.com.ar\/diario\/wp-content\/uploads\/2017\/09\/Ruta-65-Lifschitz--300x169.jpeg 300w\" sizes=\"auto, (max-width: 768px) 100vw, 768px\" \/><\/a>\u201cHoy celebramos juntos una nueva obra en la provincia, una obra que se empieza y se termina en los plazos establecidos; un compromiso asumido que se ve materializado con la obra terminada\u201d, resalt\u00f3 Lifschitz.<\/p>\n<p>\u201cYa hay nuevos proyectos, algunos que est\u00e1n en marcha y otros que van avanzando como la transformaci\u00f3n de toda la traves\u00eda urbana de la Ruta 65 en una avenida, para que deje de ser una ruta peligrosa y se convierta en un paseo de car\u00e1cter urbano, que jerarquice a la ciudad de San Genaro\u201d, adelant\u00f3.<br \/>\nLifschitz ponder\u00f3 el trabajo en conjunto con las autoridades locales y los legisladores, ya que \u201cno tendr\u00eda sentido que nosotros encar\u00e1ramos estos proyectos si no hubiese iniciativa y acompa\u00f1amiento de ellos porque es la \u00fanica manera de lograr que sean posibles y se puedan concretar r\u00e1pidamente\u201d.<br \/>\n\u201cSeguimos adelante trabajando todos los d\u00edas para mejorar la seguridad, la educaci\u00f3n, la salud, el estado de las rutas; para mejorar el medio ambiente; para defender a nuestras peque\u00f1as y medianas empresas, a los productores agropecuarios; para ayudar a los tamberos que quedaron en una situaci\u00f3n cr\u00edtica despu\u00e9s de las inundaciones de enero de este a\u00f1o; para ayudar a los peque\u00f1os y medianos industriales que han tenido un a\u00f1o dif\u00edcil y que reci\u00e9n ahora empiezan a recuperarse\u201d.<br \/>\n\u201cPensamos en grande a Santa Fe. Santa Fe es una gran provincia, tenemos todo para seguir avanzando y para seguir progresando, para resolver los problemas de la coyuntura y para pensar un futuro con crecimiento, con trabajo, con mejor educaci\u00f3n, con mejor infraestructura y para eso tambi\u00e9n necesitamos seguir priorizando las cosas importantes, seguir trabajando en conjunto\u201d, concluy\u00f3 el gobernador.<br \/>\nGRANDES OBRAS<br \/>\nEl intendente de San Genaro, Gast\u00f3n Marconcini, resalt\u00f3 el trabajo en conjunto con el gobierno provincial para la realizaci\u00f3n de proyectos en la localidad y, a su vez, se\u00f1al\u00f3 que en ese marco se encuentra \u201cen marcha el proyecto para la urbanizaci\u00f3n de la Ruta 65, en el tramo de la Ruta Nacional N\u00b0 34 hasta la avenida Nilson Maritano, una obra importante para los sangenarinos porque vamos a dejar de tener esa separaci\u00f3n f\u00edsica entre los dos antiguos pueblos que hoy forman parte de esta ciudad\u201d.<\/p>\n<p>A su turno, el senador por el departamento San Jer\u00f3nimo, Danilo Capitani, destac\u00f3 la decisi\u00f3n de la gesti\u00f3n provincial de \u201capostar a las grandes obras que tienen a mejorar la red vial de la provincia\u201d. A su vez, expres\u00f3 su apoyo al gobierno provincial para \u201ccobrar la deuda que la Naci\u00f3n mantiene con Santa Fe porque eso significa m\u00e1s rutas para los santafesinos, mejores caminos y mejor producci\u00f3n\u201d.<br \/>\nEn tanto que su par por el departamento Belgrano, Guillermo Cornaglia, agradeci\u00f3 al gobernador y a \u201ctodo su equipo\u201d, al tiempo que expres\u00f3 la necesidad de \u201cseguir trabajando juntos y por los ciudadanos\u201d.<br \/>\nPablo Seghezzo, administrador de la DPV, explic\u00f3 que los trabajos consistieron en \u201cun reciclado completo porque la estructura estaba muy deteriorada\u201d y detall\u00f3 que \u201cse recicl\u00f3 la estructura del pavimento agreg\u00e1ndole piedra, cemento, realizando compactaci\u00f3n\u201d, adem\u00e1s, el tramo \u201cse ensanch\u00f3 porque era una ruta antigua de 6,80 metros de ancho y se la llev\u00f3 a 7,30 metros y se realiz\u00f3 una importante alcantarilla. Tambi\u00e9n incluye guardarrail, se\u00f1alizaci\u00f3n horizontal y vertical\u201d.<br \/>\nAsimismo, expres\u00f3 que se est\u00e1 \u201cllevando a cabo un plan de obran sin precedentes en la provincia; era una deuda pendiente y hoy estamos demostrando que hay gesti\u00f3n y capacidad de acci\u00f3n\u201d.<br \/>\nPRESENTES<br \/>\nEn el acto, que se llev\u00f3 a cabo en la intersecci\u00f3n de la Ruta Provincial N\u00b0 65 y avenida Roque S\u00e1enz Pe\u00f1a de San Genaro, estuvieron, adem\u00e1s, el ministro de Infraestructura y Transporte de la provincia, Jos\u00e9 Garibay; los diputados provinciales Clara Garc\u00eda, Victoria Tejeda y Miguel Sol\u00eds; el intendente de Las Rosas, Javier Mayer; y el subsecretario de Regiones, Municipios y Comunas, Lisandro D&#8217;Anna.<br \/>\nFotograf\u00edas: Jos\u00e9 D\u00b4abarno. FM RENACER REGIONAL. 98.5.<\/p>\n","protected":false},"excerpt":{"rendered":"<p>\u201cHoy celebramos una nueva obra en la provincia de Santa Fe, que se empieza y se termina en los plazos establecidos; un compromiso asumido que se ve materializado con la obra terminada\u201d, resalt\u00f3 el gobernador. El gobernador Miguel Lifschitz inaugur\u00f3 este s\u00e1bado la obra de repavimentaci\u00f3n de 28 kil\u00f3metros de la Ruta Provincial N\u00b0 65, <a href=\"https:\/\/armstrongyregion.com.ar\/diario\/lifschitz-inauguro-la-repavimentacion-de-la-ruta-n-65-tramo-san-genaro-las-rosas\/\" title=\"Read more\" >&#8230;<\/a><\/p>\n","protected":false},"author":1,"featured_media":14533,"comment_status":"open","ping_status":"open","sticky":false,"template":"","format":"standard","meta":{"_jetpack_memberships_contains_paid_content":false,"footnotes":"","jetpack_publicize_message":"","jetpack_publicize_feature_enabled":true,"jetpack_social_post_already_shared":false,"jetpack_social_options":{"image_generator_settings":{"template":"highway","default_image_id":0,"enabled":false},"version":2}},"categories":[8,1,2,7,3],"tags":[5920],"class_list":["post-14532","post","type-post","status-publish","format-standard","has-post-thumbnail","hentry","category-deliberando","category-diario-armstrong","category-locales","category-politica","category-region","tag-lifschitz-inauguro-la-repavimentacion-de-la-ruta-n-65-tramo-san-genaro-las-rosas"],"jetpack_publicize_connections":[],"jetpack_featured_media_url":"https:\/\/armstrongyregion.com.ar\/diario\/wp-content\/uploads\/2017\/09\/Ruta-65-.jpeg","jetpack_shortlink":"https:\/\/wp.me\/p62QDO-3Mo","jetpack_sharing_enabled":true,"amp_enabled":true,"_links":{"self":[{"href":"https:\/\/armstrongyregion.com.ar\/diario\/wp-json\/wp\/v2\/posts\/14532","targetHints":{"allow":["GET"]}}],"collection":[{"href":"https:\/\/armstrongyregion.com.ar\/diario\/wp-json\/wp\/v2\/posts"}],"about":[{"href":"https:\/\/armstrongyregion.com.ar\/diario\/wp-json\/wp\/v2\/types\/post"}],"author":[{"embeddable":true,"href":"https:\/\/armstrongyregion.com.ar\/diario\/wp-json\/wp\/v2\/users\/1"}],"replies":[{"embeddable":true,"href":"https:\/\/armstrongyregion.com.ar\/diario\/wp-json\/wp\/v2\/comments?post=14532"}],"version-history":[{"count":0,"href":"https:\/\/armstrongyregion.com.ar\/diario\/wp-json\/wp\/v2\/posts\/14532\/revisions"}],"wp:featuredmedia":[{"embeddable":true,"href":"https:\/\/armstrongyregion.com.ar\/diario\/wp-json\/wp\/v2\/media\/14533"}],"wp:attachment":[{"href":"https:\/\/armstrongyregion.com.ar\/diario\/wp-json\/wp\/v2\/media?parent=14532"}],"wp:term":[{"taxonomy":"category","embeddable":true,"href":"https:\/\/armstrongyregion.com.ar\/diario\/wp-json\/wp\/v2\/categories?post=14532"},{"taxonomy":"post_tag","embeddable":true,"href":"https:\/\/armstrongyregion.com.ar\/diario\/wp-json\/wp\/v2\/tags?post=14532"}],"curies":[{"name":"wp","href":"https:\/\/api.w.org\/{rel}","templated":true}]}}