{"id":14507,"date":"2017-09-14T12:31:00","date_gmt":"2017-09-14T12:31:00","guid":{"rendered":"https:\/\/armstrongyregion.com.ar\/diario\/?p=14507"},"modified":"2017-09-14T12:31:00","modified_gmt":"2017-09-14T12:31:00","slug":"diputados-dio-el-primer-paso-para-que-vuelvan-los-feriados-puente","status":"publish","type":"post","link":"https:\/\/armstrongyregion.com.ar\/diario\/diputados-dio-el-primer-paso-para-que-vuelvan-los-feriados-puente\/","title":{"rendered":"Diputados dio el primer paso para que vuelvan los feriados puente."},"content":{"rendered":"<p><a href=\"http:\/\/armstrongyregion.com.ar\/diario\/wp-content\/uploads\/2017\/09\/feriadospuente.jpg_1305449671.jpg\"><img loading=\"lazy\" decoding=\"async\" src=\"http:\/\/armstrongyregion.com.ar\/diario\/wp-content\/uploads\/2017\/09\/feriadospuente.jpg_1305449671.jpg\" alt=\"feriadospuente.jpg_1305449671\" width=\"847\" height=\"476\" class=\"alignnone size-full wp-image-14508\" srcset=\"https:\/\/armstrongyregion.com.ar\/diario\/wp-content\/uploads\/2017\/09\/feriadospuente.jpg_1305449671.jpg 847w, https:\/\/armstrongyregion.com.ar\/diario\/wp-content\/uploads\/2017\/09\/feriadospuente.jpg_1305449671-300x169.jpg 300w\" sizes=\"auto, (max-width: 847px) 100vw, 847px\" \/><\/a>La C\u00e1mara baja dio media sanci\u00f3n, casi por unanimidad, a un proyecto para que el Ejecutivo establezca tres feriados puente anuales.<br \/>\nLa C\u00e1mara de Diputados aprob\u00f3 casi por unanimidad y envi\u00f3 al Senado un proyecto de ley para que el Poder Ejecutivo disponga tres feriados puente anuales. Esos feriados, que permit\u00eda a muchos argentinos disfrutar de minivacaciones en distintas \u00e9pocas del a\u00f1o y era alentado por los operadores tur\u00edsticos, fueron eliminados a principios de a\u00f1o por el presidente Mauricio Macri a trav\u00e9s de un decreto de necesidad y urgencia.<br \/>\nEl autor del proyexto es el diputado y ex gobernador misionero, Maurice Closs. La C\u00e1mara baja lo aprob\u00f3 por 152 votos a 1.<br \/>\nEl Poder Ejecutivo podr\u00e1 determinar hasta tres feriados puentes utilizando, por ejemplo, los lunes o los viernes cuando hayan feriados inamovibles que caigan en martes o jueves, respectivamente.<\/p>\n<p>El Poder Ejecutivo tendr\u00e1 que anunciar los feriados puente del a\u00f1o siguiente, hasta 50 d\u00edas antes del a\u00f1o en curso, es decir durante el mes de noviembre.<br \/>\nFuente: Rosario3.com<\/p>\n","protected":false},"excerpt":{"rendered":"<p>La C\u00e1mara baja dio media sanci\u00f3n, casi por unanimidad, a un proyecto para que el Ejecutivo establezca tres feriados puente anuales. La C\u00e1mara de Diputados aprob\u00f3 casi por unanimidad y envi\u00f3 al Senado un proyecto de ley para que el Poder Ejecutivo disponga tres feriados puente anuales. Esos feriados, que permit\u00eda a muchos argentinos disfrutar <a href=\"https:\/\/armstrongyregion.com.ar\/diario\/diputados-dio-el-primer-paso-para-que-vuelvan-los-feriados-puente\/\" title=\"Read more\" >&#8230;<\/a><\/p>\n","protected":false},"author":1,"featured_media":14508,"comment_status":"open","ping_status":"open","sticky":false,"template":"","format":"standard","meta":{"_jetpack_memberships_contains_paid_content":false,"footnotes":"","jetpack_publicize_message":"","jetpack_publicize_feature_enabled":true,"jetpack_social_post_already_shared":false,"jetpack_social_options":{"image_generator_settings":{"template":"highway","default_image_id":0,"enabled":false},"version":2}},"categories":[1,7,3],"tags":[5910],"class_list":["post-14507","post","type-post","status-publish","format-standard","has-post-thumbnail","hentry","category-diario-armstrong","category-politica","category-region","tag-diputados-dio-el-primer-paso-para-que-vuelvan-los-feriados-puente"],"jetpack_publicize_connections":[],"jetpack_featured_media_url":"https:\/\/armstrongyregion.com.ar\/diario\/wp-content\/uploads\/2017\/09\/feriadospuente.jpg_1305449671.jpg","jetpack_shortlink":"https:\/\/wp.me\/p62QDO-3LZ","jetpack_sharing_enabled":true,"amp_enabled":true,"_links":{"self":[{"href":"https:\/\/armstrongyregion.com.ar\/diario\/wp-json\/wp\/v2\/posts\/14507","targetHints":{"allow":["GET"]}}],"collection":[{"href":"https:\/\/armstrongyregion.com.ar\/diario\/wp-json\/wp\/v2\/posts"}],"about":[{"href":"https:\/\/armstrongyregion.com.ar\/diario\/wp-json\/wp\/v2\/types\/post"}],"author":[{"embeddable":true,"href":"https:\/\/armstrongyregion.com.ar\/diario\/wp-json\/wp\/v2\/users\/1"}],"replies":[{"embeddable":true,"href":"https:\/\/armstrongyregion.com.ar\/diario\/wp-json\/wp\/v2\/comments?post=14507"}],"version-history":[{"count":0,"href":"https:\/\/armstrongyregion.com.ar\/diario\/wp-json\/wp\/v2\/posts\/14507\/revisions"}],"wp:featuredmedia":[{"embeddable":true,"href":"https:\/\/armstrongyregion.com.ar\/diario\/wp-json\/wp\/v2\/media\/14508"}],"wp:attachment":[{"href":"https:\/\/armstrongyregion.com.ar\/diario\/wp-json\/wp\/v2\/media?parent=14507"}],"wp:term":[{"taxonomy":"category","embeddable":true,"href":"https:\/\/armstrongyregion.com.ar\/diario\/wp-json\/wp\/v2\/categories?post=14507"},{"taxonomy":"post_tag","embeddable":true,"href":"https:\/\/armstrongyregion.com.ar\/diario\/wp-json\/wp\/v2\/tags?post=14507"}],"curies":[{"name":"wp","href":"https:\/\/api.w.org\/{rel}","templated":true}]}}