{"id":14505,"date":"2017-09-13T22:51:04","date_gmt":"2017-09-13T22:51:04","guid":{"rendered":"https:\/\/armstrongyregion.com.ar\/diario\/?p=14505"},"modified":"2017-09-13T22:51:04","modified_gmt":"2017-09-13T22:51:04","slug":"daniela-perez-hay-dirigentes-que-tienen-memoria-cortoplacista","status":"publish","type":"post","link":"https:\/\/armstrongyregion.com.ar\/diario\/daniela-perez-hay-dirigentes-que-tienen-memoria-cortoplacista\/","title":{"rendered":"Daniela P\u00e9rez: \u201cHay dirigentes que tienen memoria cortoplacista\u201d."},"content":{"rendered":"<p><a href=\"http:\/\/armstrongyregion.com.ar\/diario\/wp-content\/uploads\/2015\/06\/11270225_841117882638959_1635617036236642105_o1.jpg\"><img loading=\"lazy\" decoding=\"async\" src=\"http:\/\/armstrongyregion.com.ar\/diario\/wp-content\/uploads\/2015\/06\/11270225_841117882638959_1635617036236642105_o1-1024x682.jpg\" alt=\"Daniela Perez\" width=\"800\" height=\"533\" class=\"alignnone size-large wp-image-2494\" srcset=\"https:\/\/armstrongyregion.com.ar\/diario\/wp-content\/uploads\/2015\/06\/11270225_841117882638959_1635617036236642105_o1-1024x682.jpg 1024w, https:\/\/armstrongyregion.com.ar\/diario\/wp-content\/uploads\/2015\/06\/11270225_841117882638959_1635617036236642105_o1-300x199.jpg 300w, https:\/\/armstrongyregion.com.ar\/diario\/wp-content\/uploads\/2015\/06\/11270225_841117882638959_1635617036236642105_o1.jpg 2048w\" sizes=\"auto, (max-width: 800px) 100vw, 800px\" \/><\/a>En la \u00faltima sesi\u00f3n del Concejo Municipal, los ediles recibieron correspondencia del Sindicato de Empleado de Comercio, una de ella solicitaba la adhesi\u00f3n a la ley provincial de empleados de comercio, y la otra nota, solicitando que se cree un registro municipal de alquileres, ante la falta de planes de viviendas sociales.<br \/>\nAnte este pedido, que paso a archivo, la concejal Daniela P\u00e9rez, manifest\u00f3 \u00abno salgo de mi asombro, ya que esta dirigente que hoy le exige al concejo que legisle, es la misma que meses atr\u00e1s, a trav\u00e9s de un audio v\u00eda whatsapp, suger\u00eda que  a cambio de que los ciudadanos voten a la lista de Augusto Fischer se iban a poder acceder a planes de viviendas.  No comprendo con qu\u00e9 autoridad moral, le habla a este cuerpo deliberativo, hay dirigentes que tienen memoria cortoplacista\u201d.<\/p>\n","protected":false},"excerpt":{"rendered":"<p>En la \u00faltima sesi\u00f3n del Concejo Municipal, los ediles recibieron correspondencia del Sindicato de Empleado de Comercio, una de ella solicitaba la adhesi\u00f3n a la ley provincial de empleados de comercio, y la otra nota, solicitando que se cree un registro municipal de alquileres, ante la falta de planes de viviendas sociales. Ante este pedido, <a href=\"https:\/\/armstrongyregion.com.ar\/diario\/daniela-perez-hay-dirigentes-que-tienen-memoria-cortoplacista\/\" title=\"Read more\" >&#8230;<\/a><\/p>\n","protected":false},"author":1,"featured_media":2454,"comment_status":"open","ping_status":"open","sticky":false,"template":"","format":"standard","meta":{"_jetpack_memberships_contains_paid_content":false,"footnotes":"","jetpack_publicize_message":"","jetpack_publicize_feature_enabled":true,"jetpack_social_post_already_shared":false,"jetpack_social_options":{"image_generator_settings":{"template":"highway","default_image_id":0,"enabled":false},"version":2}},"categories":[8,1,2,7,3],"tags":[20,5909,388,13],"class_list":["post-14505","post","type-post","status-publish","format-standard","has-post-thumbnail","hentry","category-deliberando","category-diario-armstrong","category-locales","category-politica","category-region","tag-armstrong","tag-daniela-perez-hay-dirigentes-que-tienen-memoria-cortoplacista","tag-region-2","tag-y"],"jetpack_publicize_connections":[],"jetpack_featured_media_url":"https:\/\/armstrongyregion.com.ar\/diario\/wp-content\/uploads\/2015\/06\/11270225_841117882638959_1635617036236642105_o.jpg","jetpack_shortlink":"https:\/\/wp.me\/p62QDO-3LX","jetpack_sharing_enabled":true,"amp_enabled":true,"_links":{"self":[{"href":"https:\/\/armstrongyregion.com.ar\/diario\/wp-json\/wp\/v2\/posts\/14505","targetHints":{"allow":["GET"]}}],"collection":[{"href":"https:\/\/armstrongyregion.com.ar\/diario\/wp-json\/wp\/v2\/posts"}],"about":[{"href":"https:\/\/armstrongyregion.com.ar\/diario\/wp-json\/wp\/v2\/types\/post"}],"author":[{"embeddable":true,"href":"https:\/\/armstrongyregion.com.ar\/diario\/wp-json\/wp\/v2\/users\/1"}],"replies":[{"embeddable":true,"href":"https:\/\/armstrongyregion.com.ar\/diario\/wp-json\/wp\/v2\/comments?post=14505"}],"version-history":[{"count":0,"href":"https:\/\/armstrongyregion.com.ar\/diario\/wp-json\/wp\/v2\/posts\/14505\/revisions"}],"wp:featuredmedia":[{"embeddable":true,"href":"https:\/\/armstrongyregion.com.ar\/diario\/wp-json\/wp\/v2\/media\/2454"}],"wp:attachment":[{"href":"https:\/\/armstrongyregion.com.ar\/diario\/wp-json\/wp\/v2\/media?parent=14505"}],"wp:term":[{"taxonomy":"category","embeddable":true,"href":"https:\/\/armstrongyregion.com.ar\/diario\/wp-json\/wp\/v2\/categories?post=14505"},{"taxonomy":"post_tag","embeddable":true,"href":"https:\/\/armstrongyregion.com.ar\/diario\/wp-json\/wp\/v2\/tags?post=14505"}],"curies":[{"name":"wp","href":"https:\/\/api.w.org\/{rel}","templated":true}]}}