{"id":14503,"date":"2017-09-13T22:33:29","date_gmt":"2017-09-13T22:33:29","guid":{"rendered":"https:\/\/armstrongyregion.com.ar\/diario\/?p=14503"},"modified":"2017-09-13T22:33:29","modified_gmt":"2017-09-13T22:33:29","slug":"fischer-con-respecto-a-los-pedidos-de-informeyo-los-voy-a-hacer-despues-del-22-de-octubre","status":"publish","type":"post","link":"https:\/\/armstrongyregion.com.ar\/diario\/fischer-con-respecto-a-los-pedidos-de-informeyo-los-voy-a-hacer-despues-del-22-de-octubre\/","title":{"rendered":"Fischer: \u201cCon respecto a los pedidos de informe\u2026yo los voy a hacer despu\u00e9s del 22 de octubre\u201d."},"content":{"rendered":"<p><a href=\"http:\/\/armstrongyregion.com.ar\/diario\/wp-content\/uploads\/2017\/07\/Augusto-Fischer-Concejal.jpg\"><img loading=\"lazy\" decoding=\"async\" src=\"http:\/\/armstrongyregion.com.ar\/diario\/wp-content\/uploads\/2017\/07\/Augusto-Fischer-Concejal.jpg\" alt=\"Augusto Fischer Concejal\" width=\"768\" height=\"538\" class=\"alignnone size-full wp-image-13895\" srcset=\"https:\/\/armstrongyregion.com.ar\/diario\/wp-content\/uploads\/2017\/07\/Augusto-Fischer-Concejal.jpg 768w, https:\/\/armstrongyregion.com.ar\/diario\/wp-content\/uploads\/2017\/07\/Augusto-Fischer-Concejal-300x210.jpg 300w\" sizes=\"auto, (max-width: 768px) 100vw, 768px\" \/><\/a>Al t\u00e9rmino de la sesi\u00f3n ordinaria del dia martes el concejal Augusto Fischer expresaba: \u201cLa semana anterior present\u00e9 en el Concejo un proyecto de ordenanza para que el Municipio publique en su p\u00e1gina web la lista de autoridades, funcionarios y empleados municipales, con su nombre, cargo y el sueldo que cobran, as\u00ed como tambi\u00e9n los Concejales, sus asesores y empleados del Concejo Deliberante y su remuneraci\u00f3n\u201d.<br \/>\nLuego a\u00f1adi\u00f3: \u201cTodos los ciudadanos tenemos Derecho a acceder libremente a los datos p\u00fablicos, especialmente los que se refieren a la informaci\u00f3n financiera de la Municipalidad, la gesti\u00f3n p\u00fablica debe de tener mayor transparencia\u201d.<br \/>\n\u201cCon respecto a los pedidos de informes que presentan los ediles de otros bloques, yo los voy a hacer despu\u00e9s del 22 de octubre. Ahora desde el ejecutivo dice o informa solo lo que les conviene\u201d. Finaliz\u00f3 el edil.<\/p>\n","protected":false},"excerpt":{"rendered":"<p>Al t\u00e9rmino de la sesi\u00f3n ordinaria del dia martes el concejal Augusto Fischer expresaba: \u201cLa semana anterior present\u00e9 en el Concejo un proyecto de ordenanza para que el Municipio publique en su p\u00e1gina web la lista de autoridades, funcionarios y empleados municipales, con su nombre, cargo y el sueldo que cobran, as\u00ed como tambi\u00e9n los <a href=\"https:\/\/armstrongyregion.com.ar\/diario\/fischer-con-respecto-a-los-pedidos-de-informeyo-los-voy-a-hacer-despues-del-22-de-octubre\/\" title=\"Read more\" >&#8230;<\/a><\/p>\n","protected":false},"author":1,"featured_media":13895,"comment_status":"open","ping_status":"open","sticky":false,"template":"","format":"standard","meta":{"_jetpack_memberships_contains_paid_content":false,"footnotes":"","jetpack_publicize_message":"","jetpack_publicize_feature_enabled":true,"jetpack_social_post_already_shared":false,"jetpack_social_options":{"image_generator_settings":{"template":"highway","default_image_id":0,"enabled":false},"version":2}},"categories":[8,1,2,7,3],"tags":[5908],"class_list":["post-14503","post","type-post","status-publish","format-standard","has-post-thumbnail","hentry","category-deliberando","category-diario-armstrong","category-locales","category-politica","category-region","tag-fischer-con-respecto-a-los-pedidos-de-informeyo-los-voy-a-hacer-despues-del-22-de-octubre"],"jetpack_publicize_connections":[],"jetpack_featured_media_url":"https:\/\/armstrongyregion.com.ar\/diario\/wp-content\/uploads\/2017\/07\/Augusto-Fischer-Concejal.jpg","jetpack_shortlink":"https:\/\/wp.me\/p62QDO-3LV","jetpack_sharing_enabled":true,"amp_enabled":true,"_links":{"self":[{"href":"https:\/\/armstrongyregion.com.ar\/diario\/wp-json\/wp\/v2\/posts\/14503","targetHints":{"allow":["GET"]}}],"collection":[{"href":"https:\/\/armstrongyregion.com.ar\/diario\/wp-json\/wp\/v2\/posts"}],"about":[{"href":"https:\/\/armstrongyregion.com.ar\/diario\/wp-json\/wp\/v2\/types\/post"}],"author":[{"embeddable":true,"href":"https:\/\/armstrongyregion.com.ar\/diario\/wp-json\/wp\/v2\/users\/1"}],"replies":[{"embeddable":true,"href":"https:\/\/armstrongyregion.com.ar\/diario\/wp-json\/wp\/v2\/comments?post=14503"}],"version-history":[{"count":0,"href":"https:\/\/armstrongyregion.com.ar\/diario\/wp-json\/wp\/v2\/posts\/14503\/revisions"}],"wp:featuredmedia":[{"embeddable":true,"href":"https:\/\/armstrongyregion.com.ar\/diario\/wp-json\/wp\/v2\/media\/13895"}],"wp:attachment":[{"href":"https:\/\/armstrongyregion.com.ar\/diario\/wp-json\/wp\/v2\/media?parent=14503"}],"wp:term":[{"taxonomy":"category","embeddable":true,"href":"https:\/\/armstrongyregion.com.ar\/diario\/wp-json\/wp\/v2\/categories?post=14503"},{"taxonomy":"post_tag","embeddable":true,"href":"https:\/\/armstrongyregion.com.ar\/diario\/wp-json\/wp\/v2\/tags?post=14503"}],"curies":[{"name":"wp","href":"https:\/\/api.w.org\/{rel}","templated":true}]}}