{"id":14431,"date":"2017-09-08T11:37:14","date_gmt":"2017-09-08T11:37:14","guid":{"rendered":"https:\/\/armstrongyregion.com.ar\/diario\/?p=14431"},"modified":"2017-09-08T11:37:14","modified_gmt":"2017-09-08T11:37:14","slug":"la-semana-proxima-se-pondra-en-marcha-la-planta-fotovoltaica-armstrong","status":"publish","type":"post","link":"https:\/\/armstrongyregion.com.ar\/diario\/la-semana-proxima-se-pondra-en-marcha-la-planta-fotovoltaica-armstrong\/","title":{"rendered":"La semana pr\u00f3xima se pondr\u00e1 en marcha la Planta Fotovoltaica Armstrong."},"content":{"rendered":"<p><a href=\"http:\/\/armstrongyregion.com.ar\/diario\/wp-content\/uploads\/2017\/03\/Cooperativa.jpg\"><img loading=\"lazy\" decoding=\"async\" class=\"alignnone size-medium wp-image-11991\" src=\"http:\/\/armstrongyregion.com.ar\/diario\/wp-content\/uploads\/2017\/03\/Cooperativa-300x168.jpg\" alt=\"Cooperativa-armstrong-y-region-\" width=\"300\" height=\"168\" srcset=\"https:\/\/armstrongyregion.com.ar\/diario\/wp-content\/uploads\/2017\/03\/Cooperativa-300x168.jpg 300w, https:\/\/armstrongyregion.com.ar\/diario\/wp-content\/uploads\/2017\/03\/Cooperativa.jpg 768w\" sizes=\"auto, (max-width: 300px) 100vw, 300px\" \/><\/a>El proyecto \u201cGeneraci\u00f3n Distribuida con Energ\u00edas Renovables. Aportes tecnol\u00f3gicos sociales, ambientales y econ\u00f3micos de su aplicaci\u00f3n en la Red inteligente de Armstrong\u201d impulsado por el Consorcio Asociativo P\u00fablico-Privado (CAPP \u2013 PRIER) conformado por la Cooperativa de Provisi\u00f3n de Obras y Servicios P\u00fablicos Ltda. de Armstrong (CELAR), la Universidad Tecnol\u00f3gica Nacional (UTN) y el Instituto Nacional de Tecnolog\u00eda Industrial (INTI) (PRIER), hace en estos d\u00edas la presentaci\u00f3n de sus avances.<\/p>\n<p>El proyecto es parte de un largo trayecto de b\u00fasqueda de innovaci\u00f3n y alternativas que permitan mejorar el desempe\u00f1o del servicio p\u00fablico de provisi\u00f3n de energ\u00eda al tiempo que se desarrollan nuevas experiencias, productos, emprendimientos y se generan recursos humanos para poner nuestra experiencia al servicio de otras cooperativas y ciudades.<\/p>\n<p>La CELAR se ha destacado a lo largo de su historia por un fuerte car\u00e1cter innovador y pionero, en este sentido podemos enumerar algunas de las inciativas que apuntalan esta idea:<\/p>\n<p>&#8211; El desarrollo de la primera electrificaci\u00f3n rural por parte de una cooperativa.<\/p>\n<p>&#8211; El desarrollo de la propuesta de aprovechamiento hidroel\u00e9ctrico del R\u00edo Carcara\u00f1\u00e1.<\/p>\n<p>&#8211; La medici\u00f3n de par\u00e1metros meteorol\u00f3gicos necesarios para el desarrollo de energ\u00edas renovables.<\/p>\n<p>&#8211; La implementaci\u00f3n de un sistema GIS que permite sistematizar la informaci\u00f3n de las redes e instalaciones georeferenciadamente.<\/p>\n<p>&#8211; El desarrollo de sistemas de control del alumbrado p\u00fablico.<\/p>\n<p>Pero lejos de conformarse con los logros alcanzados hace mas de cinco a\u00f1os la CELAR logr\u00f3 ser aceptada como sede de una experiencia piloto de desarrollo de un sistema de red inteligente.<\/p>\n<p>En el marco de un proyecto impulsado por la, en ese entonces, Secretar\u00eda de Energ\u00eda de la Naci\u00f3n y con la participaci\u00f3n activa de la Compa\u00f1\u00eda Adinistradora del Mercado el\u00e9ctrico (CAMMESA), la Asociaci\u00f3n de Distribuidores de la Energ\u00eda El\u00e9ctrica (ADEERA), el Instituto Nacional de Tecnolog\u00eda Industrial (INTI), el Ministerio de Ciencia y Tecnolog\u00eda de la Naci\u00f3n (MINCYT), y la Universidad Tecnol\u00f3gica Nacional (UTN) entre otros, se acord\u00f3 que la CELAR sea sede de dicha experiencia.<\/p>\n<p>Con un esfuerzo conjunto, financiamiento directo de la Secretar\u00eda de Energ\u00eda de la Naci\u00f3n y de la CELAR como contraparte, se inci\u00f3 el desarrollo del proyecto piloto de red inteligente. Esto incluye entre otras iniciativas:<\/p>\n<p>&#8211; Telemedici\u00f3n de puntos de la red de MT, BT y clientes industriales<\/p>\n<p>&#8211; Telemedici\u00f3n de clientes finales<\/p>\n<p>&#8211; Modernizaci\u00f3n del Sistema de Facturaci\u00f3n Prepago<\/p>\n<p>&#8211; Telecontrol y\/o automatizaci\u00f3n de la ET y de la red de MT<\/p>\n<p>&#8211; Telecontrol y\/o automatizaci\u00f3n de la red de MT en Zonas Rurales<\/p>\n<p>Hoy en d\u00eda, aproximadamente 1000 medidores inteligentes instalados, la implementaci\u00f3n creciente de herramientas de telecontrol y automatizaci\u00f3n de las redes, la puesta en marcha de un sistema SCADA son algunos de los logros de un proceso que est\u00e1 en marcha.<\/p>\n<p>El desarrollo de esta primera etapa de incorporaci\u00f3n de herramientas que est\u00e1n permitiendo modernizar las instalaciones de la CELAR, ha abierto tambi\u00e9n la posibilidad de nuevas etapas.<\/p>\n<p>Desde el a\u00f1o 2013 se inci\u00f3 un proceso de elaboraci\u00f3n de un proyecto de generaci\u00f3n distribuida con energ\u00edas renovables que se sume a las experiencias que se ven\u00edan desarrollando en la ciudad.<\/p>\n<p>Esta elaboraci\u00f3n se conform\u00f3 en formato de la l\u00ednea de proyectos de desarrollo sectorial (FONARSEC) del Ministrio de Ciencia y Tecnolog\u00eda de la Naci\u00f3n. Para ello se constituy\u00f3 el Consorcio Asociativo P\u00fablico Privado PRIER, conformado por la CELAR, la UTN y el INTI y con el apoyo espec\u00edfico de Cammesa tanto en la gestaci\u00f3n como el desarrollo del proyecto.<\/p>\n<p>El proyecto tuvo un proceso de evaluaci\u00f3n por jurados internacionales y logr\u00f3 ser considerado viable para inciar sus tareas sobre fines del a\u00f1o 2015 en que se firma el contrato de ejecuci\u00f3n que prev\u00e9 subsidios para compra de equipamiento y otros fines, as\u00ed como un importante aporte de las tres instituciones como contrapartes del proyecto.<\/p>\n<p>Los objetivos declarados incluyen:<\/p>\n<p>&#8211; La implementaci\u00f3n de generaci\u00f3n el\u00e9ctrica distribuida en las redes de baja y media tensi\u00f3n con fuentes fotovoltaica y minie\u00f3lica.<\/p>\n<p>&#8211; El abordaje de la problem\u00e1tica energ\u00e9tica local, estudios de eficiencia en el uso final de la energ\u00eda y plan estrat\u00e9gico energ\u00e9tico urbano.<\/p>\n<p>&#8211; El desarrollo de un programa de sensibilizaci\u00f3n social, comunicaci\u00f3n y capacitaci\u00f3n en diferentes niveles de manera de lograr el involucramiento de la poblaci\u00f3n local en el proyecto generando el concepto de \u201cprosumidores\u201d.<\/p>\n<p>&#8211; El desarrollo de estudios complementarios referidos a estabilidad de redes, normativa, regulaci\u00f3n y aspectos econ\u00f3micos.<\/p>\n<p>&#8211; El desarrollo de laboratorios asociados a la generaci\u00f3n distribuida con energ\u00edas renovables.<\/p>\n<p>&#8211; La creaci\u00f3n del Centro de Capacitaci\u00f3n en Generaci\u00f3n Distribuida con Energ\u00edas Renovables y un centro de monitoreo.<\/p>\n<p>El Proyecto ha logrado involucrar al conjunto de la comunidad local mediante un proceso de acciones participativas planificadas y ejecutadas que culminaron con la firma del Acuerdo Ciudadano por un Futuro Sustentable y una Gesti\u00f3n Democr\u00e1tica de la Energ\u00eda que nos permite avanzar en la transformaci\u00f3n energ\u00e9tica local.<\/p>\n<p>Este proceso ha permitido fortalecer la idea de la energ\u00eda como servicio p\u00fablico en manos cooperativas y ha posibilitado que muchos ciudadanos se ofrezcan voluntariamente sus techos para que en ellos se instalen sistemas de generaci\u00f3n que aporten a las redes con la sola condici\u00f3n de que los beneficios del proyecto sean reinvertidos en m\u00e1s generaci\u00f3n distribuida con fuentes renovables.<\/p>\n<p>Hoy, a un a\u00f1o y medio de desarrollo del proyecto estamos inaugurando la planta fotovoltaica del \u00e1rea industrial, hemos instalado los primeros techos solares, estamos discutiendo participativamente como mejorar la planificaci\u00f3n energ\u00e9tica urbana y tambi\u00e9n aspiramos a desarrollar otros aspectos como la adhesi\u00f3n al porgrama prosumidores de la provincia o el impulso del uso de energ\u00eda solar para calentamiento de agua en la ciudad.<\/p>\n<p>Lejos de cerrarse, el proyecto est\u00e1 m\u00e1s vivo que en sus inicios y espera poder desarrollarse y apliarse a\u00fan m\u00e1s.<\/p>\n<p>Tenemos entre nuestros principales objetivos poner prontamente a disposici\u00f3n, especialmente de otras cooperativas, la experiencia adquirida y las capacidades logradas para multiplicra las epxeriencias de generaci\u00f3n distribuida con energ\u00edas renovables como un aporte al desrrollo de la independencia energ\u00e9tica de nuestro pa\u00eds.<\/p>\n<p>Sin dudas el proyecto no habr\u00eda podido llevarse adelante sin el apoyo de la comunidad de Armstrong, del esfuerzo de los socios del proyecto y de muchas instituciones y amigos que creyeron en la posibilidad de hacer una experiencia distinta.<\/p>\n","protected":false},"excerpt":{"rendered":"<p>El proyecto \u201cGeneraci\u00f3n Distribuida con Energ\u00edas Renovables. Aportes tecnol\u00f3gicos sociales, ambientales y econ\u00f3micos de su aplicaci\u00f3n en la Red inteligente de Armstrong\u201d impulsado por el Consorcio Asociativo P\u00fablico-Privado (CAPP \u2013 PRIER) conformado por la Cooperativa de Provisi\u00f3n de Obras y Servicios P\u00fablicos Ltda. de Armstrong (CELAR), la Universidad Tecnol\u00f3gica Nacional (UTN) y el Instituto Nacional <a href=\"https:\/\/armstrongyregion.com.ar\/diario\/la-semana-proxima-se-pondra-en-marcha-la-planta-fotovoltaica-armstrong\/\" title=\"Read more\" >&#8230;<\/a><\/p>\n","protected":false},"author":1,"featured_media":9614,"comment_status":"open","ping_status":"open","sticky":false,"template":"","format":"standard","meta":{"_jetpack_memberships_contains_paid_content":false,"footnotes":"","jetpack_publicize_message":"","jetpack_publicize_feature_enabled":true,"jetpack_social_post_already_shared":false,"jetpack_social_options":{"image_generator_settings":{"template":"highway","default_image_id":0,"enabled":false},"version":2}},"categories":[1,2,3],"tags":[5889],"class_list":["post-14431","post","type-post","status-publish","format-standard","has-post-thumbnail","hentry","category-diario-armstrong","category-locales","category-region","tag-la-semana-proxima-se-pondra-en-marcha-la-planta-fotovoltaica-armstrong"],"jetpack_publicize_connections":[],"jetpack_featured_media_url":"https:\/\/armstrongyregion.com.ar\/diario\/wp-content\/uploads\/2016\/09\/Cooperativa.jpg","jetpack_shortlink":"https:\/\/wp.me\/p62QDO-3KL","jetpack_sharing_enabled":true,"amp_enabled":true,"_links":{"self":[{"href":"https:\/\/armstrongyregion.com.ar\/diario\/wp-json\/wp\/v2\/posts\/14431","targetHints":{"allow":["GET"]}}],"collection":[{"href":"https:\/\/armstrongyregion.com.ar\/diario\/wp-json\/wp\/v2\/posts"}],"about":[{"href":"https:\/\/armstrongyregion.com.ar\/diario\/wp-json\/wp\/v2\/types\/post"}],"author":[{"embeddable":true,"href":"https:\/\/armstrongyregion.com.ar\/diario\/wp-json\/wp\/v2\/users\/1"}],"replies":[{"embeddable":true,"href":"https:\/\/armstrongyregion.com.ar\/diario\/wp-json\/wp\/v2\/comments?post=14431"}],"version-history":[{"count":0,"href":"https:\/\/armstrongyregion.com.ar\/diario\/wp-json\/wp\/v2\/posts\/14431\/revisions"}],"wp:featuredmedia":[{"embeddable":true,"href":"https:\/\/armstrongyregion.com.ar\/diario\/wp-json\/wp\/v2\/media\/9614"}],"wp:attachment":[{"href":"https:\/\/armstrongyregion.com.ar\/diario\/wp-json\/wp\/v2\/media?parent=14431"}],"wp:term":[{"taxonomy":"category","embeddable":true,"href":"https:\/\/armstrongyregion.com.ar\/diario\/wp-json\/wp\/v2\/categories?post=14431"},{"taxonomy":"post_tag","embeddable":true,"href":"https:\/\/armstrongyregion.com.ar\/diario\/wp-json\/wp\/v2\/tags?post=14431"}],"curies":[{"name":"wp","href":"https:\/\/api.w.org\/{rel}","templated":true}]}}