{"id":14392,"date":"2017-09-05T14:44:22","date_gmt":"2017-09-05T14:44:22","guid":{"rendered":"https:\/\/armstrongyregion.com.ar\/diario\/?p=14392"},"modified":"2017-09-05T14:44:22","modified_gmt":"2017-09-05T14:44:22","slug":"rasetto-presento-proyecto-para-declarar-a-villa-eloisa-capital-nacional-del-raviol-casero","status":"publish","type":"post","link":"https:\/\/armstrongyregion.com.ar\/diario\/rasetto-presento-proyecto-para-declarar-a-villa-eloisa-capital-nacional-del-raviol-casero\/","title":{"rendered":"Rasetto present\u00f3 proyecto para declarar a Villa Elo\u00edsa \u201cCapital Nacional del Raviol Casero\u201d."},"content":{"rendered":"<p><a href=\"http:\/\/armstrongyregion.com.ar\/diario\/wp-content\/uploads\/2017\/09\/ASoccosmsocmut.jpg\"><img loading=\"lazy\" decoding=\"async\" class=\"alignnone size-medium wp-image-14393\" src=\"http:\/\/armstrongyregion.com.ar\/diario\/wp-content\/uploads\/2017\/09\/ASoccosmsocmut-300x202.jpg\" alt=\"ASoccosmsocmut\" width=\"300\" height=\"202\" srcset=\"https:\/\/armstrongyregion.com.ar\/diario\/wp-content\/uploads\/2017\/09\/ASoccosmsocmut-300x202.jpg 300w, https:\/\/armstrongyregion.com.ar\/diario\/wp-content\/uploads\/2017\/09\/ASoccosmsocmut.jpg 768w\" sizes=\"auto, (max-width: 300px) 100vw, 300px\" \/><\/a>Este jueves 31 de Agosto, el Senador por Iriondo present\u00f3 un proyecto de Ley para declarar a Villa Elo\u00edsa, \u201cCapital Nacional del Raviol Casero\u201d. Adem\u00e1s el proyecto propone declarar el primer domingo de Julio de cada a\u00f1o como el \u201cD\u00eda del Raviol Casero\u201d.<\/p>\n<p>El Senador explic\u00f3 que \u201cel proyecto nace de una iniciativa de los vecinos de la localidad para conmemorar la tradicional raviolada realizada por la Asociaci\u00f3n Cosmopolita de Socorros Mutuos desde hace 92 a\u00f1os\u201d y agreg\u00f3 que \u201cel hecho de mantener viva esta fiesta durante 92 a\u00f1os, junto con la camarader\u00eda y la confraternidad que genera y los v\u00ednculos nuevos creados a\u00f1o tras a\u00f1o, evidencian la necesidad de realizar un reconocimiento a dicha labor\u201d.<\/p>\n<p>Para finalizar Rasetto destac\u00f3 \u201cla participaci\u00f3n de todo el pueblo en la conmemoraci\u00f3n de dicha fiesta, ya que es un evento en que se necesita de la colaboraci\u00f3n de mucha gente para poder brindar a todos los participantes la atenci\u00f3n que merecen\u201d.<\/p>\n<p>El proyecto fue acompa\u00f1ado por documentaci\u00f3n que acompa\u00f1a el pedido, como el acta de fundaci\u00f3n de la asociaci\u00f3n, fotos antiguas de las primeras conmemoraciones, y rese\u00f1as particulares sobre la evoluci\u00f3n de dicha fiesta, mencionando a todos los integrantes que han pasado por la misma, dejando su aporte para que la fiesta se siga conmemorando de manera ininterrumpida hasta la fecha.<\/p>\n","protected":false},"excerpt":{"rendered":"<p>Este jueves 31 de Agosto, el Senador por Iriondo present\u00f3 un proyecto de Ley para declarar a Villa Elo\u00edsa, \u201cCapital Nacional del Raviol Casero\u201d. Adem\u00e1s el proyecto propone declarar el primer domingo de Julio de cada a\u00f1o como el \u201cD\u00eda del Raviol Casero\u201d. El Senador explic\u00f3 que \u201cel proyecto nace de una iniciativa de los <a href=\"https:\/\/armstrongyregion.com.ar\/diario\/rasetto-presento-proyecto-para-declarar-a-villa-eloisa-capital-nacional-del-raviol-casero\/\" title=\"Read more\" >&#8230;<\/a><\/p>\n","protected":false},"author":1,"featured_media":14393,"comment_status":"open","ping_status":"open","sticky":false,"template":"","format":"standard","meta":{"_jetpack_memberships_contains_paid_content":false,"footnotes":"","jetpack_publicize_message":"","jetpack_publicize_feature_enabled":true,"jetpack_social_post_already_shared":false,"jetpack_social_options":{"image_generator_settings":{"template":"highway","default_image_id":0,"enabled":false},"version":2}},"categories":[1,7,3],"tags":[5875],"class_list":["post-14392","post","type-post","status-publish","format-standard","has-post-thumbnail","hentry","category-diario-armstrong","category-politica","category-region","tag-rasetto-presento-proyecto-para-declarar-a-villa-eloisa-capital-nacional-del-raviol-casero"],"jetpack_publicize_connections":[],"jetpack_featured_media_url":"https:\/\/armstrongyregion.com.ar\/diario\/wp-content\/uploads\/2017\/09\/ASoccosmsocmut.jpg","jetpack_shortlink":"https:\/\/wp.me\/p62QDO-3K8","jetpack_sharing_enabled":true,"amp_enabled":true,"_links":{"self":[{"href":"https:\/\/armstrongyregion.com.ar\/diario\/wp-json\/wp\/v2\/posts\/14392","targetHints":{"allow":["GET"]}}],"collection":[{"href":"https:\/\/armstrongyregion.com.ar\/diario\/wp-json\/wp\/v2\/posts"}],"about":[{"href":"https:\/\/armstrongyregion.com.ar\/diario\/wp-json\/wp\/v2\/types\/post"}],"author":[{"embeddable":true,"href":"https:\/\/armstrongyregion.com.ar\/diario\/wp-json\/wp\/v2\/users\/1"}],"replies":[{"embeddable":true,"href":"https:\/\/armstrongyregion.com.ar\/diario\/wp-json\/wp\/v2\/comments?post=14392"}],"version-history":[{"count":0,"href":"https:\/\/armstrongyregion.com.ar\/diario\/wp-json\/wp\/v2\/posts\/14392\/revisions"}],"wp:featuredmedia":[{"embeddable":true,"href":"https:\/\/armstrongyregion.com.ar\/diario\/wp-json\/wp\/v2\/media\/14393"}],"wp:attachment":[{"href":"https:\/\/armstrongyregion.com.ar\/diario\/wp-json\/wp\/v2\/media?parent=14392"}],"wp:term":[{"taxonomy":"category","embeddable":true,"href":"https:\/\/armstrongyregion.com.ar\/diario\/wp-json\/wp\/v2\/categories?post=14392"},{"taxonomy":"post_tag","embeddable":true,"href":"https:\/\/armstrongyregion.com.ar\/diario\/wp-json\/wp\/v2\/tags?post=14392"}],"curies":[{"name":"wp","href":"https:\/\/api.w.org\/{rel}","templated":true}]}}