{"id":14382,"date":"2017-09-05T12:55:25","date_gmt":"2017-09-05T12:55:25","guid":{"rendered":"https:\/\/armstrongyregion.com.ar\/diario\/?p=14382"},"modified":"2017-09-05T12:55:25","modified_gmt":"2017-09-05T12:55:25","slug":"deliberando-hoy-estudio-consultor-y-cristaleria-vitrofin","status":"publish","type":"post","link":"https:\/\/armstrongyregion.com.ar\/diario\/deliberando-hoy-estudio-consultor-y-cristaleria-vitrofin\/","title":{"rendered":"Deliberando: Hoy Estudio Consultor y Cristaler\u00eda Vitrofin."},"content":{"rendered":"<p><img loading=\"lazy\" decoding=\"async\" class=\"alignnone size-medium wp-image-14383\" src=\"http:\/\/armstrongyregion.com.ar\/diario\/wp-content\/uploads\/2017\/09\/DSC_0794-300x200.jpg\" alt=\"Georgina-Aquili-armstrong-y-region-\" width=\"300\" height=\"200\" srcset=\"https:\/\/armstrongyregion.com.ar\/diario\/wp-content\/uploads\/2017\/09\/DSC_0794-300x200.jpg 300w, https:\/\/armstrongyregion.com.ar\/diario\/wp-content\/uploads\/2017\/09\/DSC_0794-1024x683.jpg 1024w\" sizes=\"auto, (max-width: 300px) 100vw, 300px\" \/>Hoy en Deliberando \u201cEstudio Consultor\u201d a trav\u00e9s de Georgina Aquili nos brindara informaci\u00f3n y formaci\u00f3n sobre la ley 26.844, R\u00e9gimen Especial de contrato de trabajo para el personal de casas particulares. Qui\u00e9nes est\u00e1n excluidos de este r\u00e9gimen? Qu\u00e9 debe hacer una empleada dom\u00e9stica si su empleador se negara a regularizar? \u00bfAd\u00f3nde puede reclamar una empleada dom\u00e9stica cuyos derechos no est\u00e1n siendo atendidos? Son algunos de los interrogantes donde Georgina Aquili apuntara con su asesoramiento.<\/p>\n<p><a href=\"http:\/\/armstrongyregion.com.ar\/diario\/wp-content\/uploads\/2017\/09\/DSC_0798.jpg\"><img loading=\"lazy\" decoding=\"async\" class=\"alignnone size-medium wp-image-14384\" src=\"http:\/\/armstrongyregion.com.ar\/diario\/wp-content\/uploads\/2017\/09\/DSC_0798-300x200.jpg\" alt=\"Omar-Pelli-armstrong-y-region\" width=\"300\" height=\"200\" srcset=\"https:\/\/armstrongyregion.com.ar\/diario\/wp-content\/uploads\/2017\/09\/DSC_0798-300x200.jpg 300w, https:\/\/armstrongyregion.com.ar\/diario\/wp-content\/uploads\/2017\/09\/DSC_0798-1024x683.jpg 1024w\" sizes=\"auto, (max-width: 300px) 100vw, 300px\" \/><\/a>Luego compartiremos dos bloques del programa con el Secretario General de VITROFIN, Sr. Omar Pelli. La cooperativa de trabajo de cristaler\u00eda Vitrofin sufri\u00f3 la ca\u00edda de un 50% de sus ventas en lo que va del a\u00f1o, y debi\u00f3 apagar el horno para poder hacer frente a la enorme tarifa de gas, que les subi\u00f3 600%.<\/p>\n<p>Pelli expres\u00f3: \u201cDesde el a\u00f1o pasado estamos soportando como podemos la devaluaci\u00f3n, la avalancha de importaciones y el tarifazo del gas\u201d.<\/p>\n<p>Todo este martes en DELIBERANDO, con la conducci\u00f3n de la licenciada Graciela de la Casa \u2013 Oscar Crispino y Ezequiel Piccoli. Cable Imagen Armstrong 21hs.<\/p>\n","protected":false},"excerpt":{"rendered":"<p>Hoy en Deliberando \u201cEstudio Consultor\u201d a trav\u00e9s de Georgina Aquili nos brindara informaci\u00f3n y formaci\u00f3n sobre la ley 26.844, R\u00e9gimen Especial de contrato de trabajo para el personal de casas particulares. Qui\u00e9nes est\u00e1n excluidos de este r\u00e9gimen? Qu\u00e9 debe hacer una empleada dom\u00e9stica si su empleador se negara a regularizar? \u00bfAd\u00f3nde puede reclamar una empleada <a href=\"https:\/\/armstrongyregion.com.ar\/diario\/deliberando-hoy-estudio-consultor-y-cristaleria-vitrofin\/\" title=\"Read more\" >&#8230;<\/a><\/p>\n","protected":false},"author":1,"featured_media":14383,"comment_status":"open","ping_status":"open","sticky":false,"template":"","format":"standard","meta":{"_jetpack_memberships_contains_paid_content":false,"footnotes":"","jetpack_publicize_message":"","jetpack_publicize_feature_enabled":true,"jetpack_social_post_already_shared":false,"jetpack_social_options":{"image_generator_settings":{"template":"highway","default_image_id":0,"enabled":false},"version":2}},"categories":[8,1,2,7,3],"tags":[20,5873,388,13],"class_list":["post-14382","post","type-post","status-publish","format-standard","has-post-thumbnail","hentry","category-deliberando","category-diario-armstrong","category-locales","category-politica","category-region","tag-armstrong","tag-deliberando-hoy-estudio-consultor-y-cristaleria-vitrofin","tag-region-2","tag-y"],"jetpack_publicize_connections":[],"jetpack_featured_media_url":"https:\/\/armstrongyregion.com.ar\/diario\/wp-content\/uploads\/2017\/09\/DSC_0794.jpg","jetpack_shortlink":"https:\/\/wp.me\/p62QDO-3JY","jetpack_sharing_enabled":true,"amp_enabled":true,"_links":{"self":[{"href":"https:\/\/armstrongyregion.com.ar\/diario\/wp-json\/wp\/v2\/posts\/14382","targetHints":{"allow":["GET"]}}],"collection":[{"href":"https:\/\/armstrongyregion.com.ar\/diario\/wp-json\/wp\/v2\/posts"}],"about":[{"href":"https:\/\/armstrongyregion.com.ar\/diario\/wp-json\/wp\/v2\/types\/post"}],"author":[{"embeddable":true,"href":"https:\/\/armstrongyregion.com.ar\/diario\/wp-json\/wp\/v2\/users\/1"}],"replies":[{"embeddable":true,"href":"https:\/\/armstrongyregion.com.ar\/diario\/wp-json\/wp\/v2\/comments?post=14382"}],"version-history":[{"count":0,"href":"https:\/\/armstrongyregion.com.ar\/diario\/wp-json\/wp\/v2\/posts\/14382\/revisions"}],"wp:featuredmedia":[{"embeddable":true,"href":"https:\/\/armstrongyregion.com.ar\/diario\/wp-json\/wp\/v2\/media\/14383"}],"wp:attachment":[{"href":"https:\/\/armstrongyregion.com.ar\/diario\/wp-json\/wp\/v2\/media?parent=14382"}],"wp:term":[{"taxonomy":"category","embeddable":true,"href":"https:\/\/armstrongyregion.com.ar\/diario\/wp-json\/wp\/v2\/categories?post=14382"},{"taxonomy":"post_tag","embeddable":true,"href":"https:\/\/armstrongyregion.com.ar\/diario\/wp-json\/wp\/v2\/tags?post=14382"}],"curies":[{"name":"wp","href":"https:\/\/api.w.org\/{rel}","templated":true}]}}