{"id":1438,"date":"2015-03-25T16:47:17","date_gmt":"2015-03-25T16:47:17","guid":{"rendered":"https:\/\/armstrongyregion.com.ar\/diario\/?p=1438"},"modified":"2015-03-25T16:47:17","modified_gmt":"2015-03-25T16:47:17","slug":"armstrong-acto-del-24-de-marzo","status":"publish","type":"post","link":"https:\/\/armstrongyregion.com.ar\/diario\/armstrong-acto-del-24-de-marzo\/","title":{"rendered":"Armstrong. Acto del 24 de marzo."},"content":{"rendered":"<p><a href=\"http:\/\/armstrongyregion.com.ar\/diario\/wp-content\/uploads\/2015\/03\/diadelamemoria.jpg\"><img loading=\"lazy\" decoding=\"async\" class=\"alignnone size-medium wp-image-1439\" src=\"http:\/\/armstrongyregion.com.ar\/diario\/wp-content\/uploads\/2015\/03\/diadelamemoria-300x198.jpg\" alt=\"diadelamemoria\" width=\"300\" height=\"198\" srcset=\"https:\/\/armstrongyregion.com.ar\/diario\/wp-content\/uploads\/2015\/03\/diadelamemoria-300x198.jpg 300w, https:\/\/armstrongyregion.com.ar\/diario\/wp-content\/uploads\/2015\/03\/diadelamemoria.jpg 754w\" sizes=\"auto, (max-width: 300px) 100vw, 300px\" \/><\/a>A las 11 hs. del martes 24 de marzo, en el sal\u00f3n auditorio Delmo Dar\u00f3, se realiz\u00f3 el acto con motivo del D\u00eda de la Memoria por la Verdad y la Justicia, con la presencia de autoridades municipales, locales y representantes de instituciones y entidades de la ciudad.<\/p>\n<p>Se rindi\u00f3 un sentido homenaje a las muertes civiles producidas por la \u00faltima dictadura militar que gobern\u00f3 el pa\u00eds. Ese d\u00eda, en el a\u00f1o 1976, se produjo el golpe de Estado que depuso a un gobierno constitucional.<\/p>\n<p>Se entonaron las estrofas del Himno Nacional, el que fue tambi\u00e9n se\u00f1ado por un grupo de alumnas de 4\u00ba a\u00f1o del curso de Lengua de Se\u00f1as Argentinas.<\/p>\n<p>M\u00e1s tarde, hizo uso de la palabra el Sr. Intendente Municipal Dr. Pablo Verdecchia quien dijo en un fragmento de su discurso:\u201dHoy es un d\u00eda de reflexi\u00f3n, de memoria. No cualquier memoria, de la memoria colectiva, de la suma de las memorias individuales; de la memoria que como pueblo debemos mantener para transmitir a las nuevas generaciones, para que esa memoria impida que nuevas atrocidades puedan volver a cometerse\u2026 Pero para transmitir la memoria de un hecho, \u00e9sta debe contener verdad. No se debe permitir la manipulaci\u00f3n de la verdad con fundamentos ideol\u00f3gicos, econ\u00f3micos, sociales \u00f3 pol\u00edticos. La verdad es una sola y no debe distorsionarse, porque si no honramos a la verdad tampoco tendremos Justicia\u2026\u201d<\/p>\n<p>Un minuto de silencio hizo reflexionar sobre lo ocurrido a partir de ese 24 de marzo, y recordar a las v\u00edctimas de la \u00faltima dictadura militar, que finaliz\u00f3 en 1983 con la vuelta de la democracia.<\/p>\n","protected":false},"excerpt":{"rendered":"<p>A las 11 hs. del martes 24 de marzo, en el sal\u00f3n auditorio Delmo Dar\u00f3, se realiz\u00f3 el acto con motivo del D\u00eda de la Memoria por la Verdad y la Justicia, con la presencia de autoridades municipales, locales y representantes de instituciones y entidades de la ciudad. Se rindi\u00f3 un sentido homenaje a las <a href=\"https:\/\/armstrongyregion.com.ar\/diario\/armstrong-acto-del-24-de-marzo\/\" title=\"Read more\" >&#8230;<\/a><\/p>\n","protected":false},"author":2,"featured_media":1439,"comment_status":"open","ping_status":"open","sticky":false,"template":"","format":"standard","meta":{"_jetpack_memberships_contains_paid_content":false,"footnotes":"","jetpack_publicize_message":"","jetpack_publicize_feature_enabled":true,"jetpack_social_post_already_shared":false,"jetpack_social_options":{"image_generator_settings":{"template":"highway","default_image_id":0,"enabled":false},"version":2}},"categories":[1,2],"tags":[1260,1212,20,19,53,949],"class_list":["post-1438","post","type-post","status-publish","format-standard","has-post-thumbnail","hentry","category-diario-armstrong","category-locales","tag-1260","tag-acto","tag-armstrong","tag-de","tag-del","tag-marzo"],"jetpack_publicize_connections":[],"jetpack_featured_media_url":"https:\/\/armstrongyregion.com.ar\/diario\/wp-content\/uploads\/2015\/03\/diadelamemoria.jpg","jetpack_shortlink":"https:\/\/wp.me\/p62QDO-nc","jetpack_sharing_enabled":true,"amp_enabled":true,"_links":{"self":[{"href":"https:\/\/armstrongyregion.com.ar\/diario\/wp-json\/wp\/v2\/posts\/1438","targetHints":{"allow":["GET"]}}],"collection":[{"href":"https:\/\/armstrongyregion.com.ar\/diario\/wp-json\/wp\/v2\/posts"}],"about":[{"href":"https:\/\/armstrongyregion.com.ar\/diario\/wp-json\/wp\/v2\/types\/post"}],"author":[{"embeddable":true,"href":"https:\/\/armstrongyregion.com.ar\/diario\/wp-json\/wp\/v2\/users\/2"}],"replies":[{"embeddable":true,"href":"https:\/\/armstrongyregion.com.ar\/diario\/wp-json\/wp\/v2\/comments?post=1438"}],"version-history":[{"count":0,"href":"https:\/\/armstrongyregion.com.ar\/diario\/wp-json\/wp\/v2\/posts\/1438\/revisions"}],"wp:featuredmedia":[{"embeddable":true,"href":"https:\/\/armstrongyregion.com.ar\/diario\/wp-json\/wp\/v2\/media\/1439"}],"wp:attachment":[{"href":"https:\/\/armstrongyregion.com.ar\/diario\/wp-json\/wp\/v2\/media?parent=1438"}],"wp:term":[{"taxonomy":"category","embeddable":true,"href":"https:\/\/armstrongyregion.com.ar\/diario\/wp-json\/wp\/v2\/categories?post=1438"},{"taxonomy":"post_tag","embeddable":true,"href":"https:\/\/armstrongyregion.com.ar\/diario\/wp-json\/wp\/v2\/tags?post=1438"}],"curies":[{"name":"wp","href":"https:\/\/api.w.org\/{rel}","templated":true}]}}