{"id":14371,"date":"2017-09-04T21:00:20","date_gmt":"2017-09-04T21:00:20","guid":{"rendered":"https:\/\/armstrongyregion.com.ar\/diario\/?p=14371"},"modified":"2017-09-04T21:00:20","modified_gmt":"2017-09-04T21:00:20","slug":"ministros-de-cordoba-entre-rios-y-santa-fe-se-reunen-para-avanzar-en-temas-viales","status":"publish","type":"post","link":"https:\/\/armstrongyregion.com.ar\/diario\/ministros-de-cordoba-entre-rios-y-santa-fe-se-reunen-para-avanzar-en-temas-viales\/","title":{"rendered":"Ministros de C\u00f3rdoba, Entre R\u00edos y Santa Fe se re\u00fanen para avanzar en temas viales."},"content":{"rendered":"<p class=\"m_-2487198002743779425m_-8819658736955420463gmail-yiv5609210761msonormal\"><b><a href=\"http:\/\/armstrongyregion.com.ar\/diario\/wp-content\/uploads\/2017\/09\/Reuni\u00f3n-Regi\u00f3n-Centro-1.jpg\"><img loading=\"lazy\" decoding=\"async\" class=\"alignnone size-medium wp-image-14372\" src=\"http:\/\/armstrongyregion.com.ar\/diario\/wp-content\/uploads\/2017\/09\/Reuni\u00f3n-Regi\u00f3n-Centro-1-300x200.jpg\" alt=\"Reuni\u00f3n Regi\u00f3n Centro 1\" width=\"300\" height=\"200\" srcset=\"https:\/\/armstrongyregion.com.ar\/diario\/wp-content\/uploads\/2017\/09\/Reuni\u00f3n-Regi\u00f3n-Centro-1-300x200.jpg 300w, https:\/\/armstrongyregion.com.ar\/diario\/wp-content\/uploads\/2017\/09\/Reuni\u00f3n-Regi\u00f3n-Centro-1-1024x683.jpg 1024w, https:\/\/armstrongyregion.com.ar\/diario\/wp-content\/uploads\/2017\/09\/Reuni\u00f3n-Regi\u00f3n-Centro-1.jpg 1500w\" sizes=\"auto, (max-width: 300px) 100vw, 300px\" \/><\/a>En un nuevo encuentro de la Regi\u00f3n Centro, representantes de las tres provincias se reunieron en la localidad cordobesa de San Francisco donde trabajaron en conjunto para aportar soluciones a problem\u00e1ticas comunes de la red vial.<\/b><\/p>\n<p class=\"m_-2487198002743779425m_-8819658736955420463gmail-yiv5609210761msonormal\">\n<p class=\"m_-2487198002743779425m_-8819658736955420463gmail-yiv5609210761msonormal\">El comit\u00e9 de la Regi\u00f3n Centro inform\u00f3 hoy que los ministros de Infraestructura de C\u00f3rdoba, Entre R\u00edos y Santa Fe se reunieron en San Francisco (C\u00f3rdoba) para abordar la problem\u00e1tica com\u00fan de caminos, circulaci\u00f3n y desarrollo del entramado vial secundario y terciario.<\/p>\n<p class=\"m_-2487198002743779425m_-8819658736955420463gmail-yiv5609210761msonormal\">Del encuentro participaron el ministro de C\u00f3rdoba, Jos\u00e9 Garc\u00eda; de Entre R\u00edos, Luis Benedetto; y de Santa Fe, Jos\u00e9 Le\u00f3n Garibay. Adem\u00e1s estuvo presente el director provincial de Vialidad de C\u00f3rdoba, Osvaldo Vottero y su par de Santa Fe, Pablo Seghezzo; el presidente del Ente Regi\u00f3n Centro de Entre R\u00edos, Pablo Biaggini, y el intendente de San Francisco, Ignacio Aresca.<\/p>\n<p class=\"m_-2487198002743779425m_-8819658736955420463gmail-yiv5609210761msonormal\">Al respecto, el ministro cordob\u00e9s de Vivienda, Arquitectura y Obras Viales, Jos\u00e9 Garc\u00eda, expres\u00f3: \u00abTuvimos una reuni\u00f3n muy productiva con los pares de Santa Fe y Entre R\u00edos, donde intercambiamos experiencias y consensuamos pol\u00edticas en torno a la red vial. Llegamos a la conclusi\u00f3n de que estamos trabajando en sinton\u00eda y que debemos intensificar las pol\u00edticas de docencia en el buen uso de nuestras rutas, fundamentalmente en lo concerniente al transporte de carga. En este aspecto las tres provincias somos conscientes que debemos avanzar en la educaci\u00f3n en la utilizaci\u00f3n de nuestras rutas para el resguardo de la vida de los usuarios y el cuidado del patrimonio vial, con m\u00e1s controles y sanciones a los transportistas que lleven sobrecarga\u00bb.<\/p>\n<p class=\"m_-2487198002743779425m_-8819658736955420463gmail-yiv5609210761msonormal\">\u00abTrabajamos en sinton\u00eda y las tres provincias somos conscientes de que debemos avanzar en la educaci\u00f3n en la utilizaci\u00f3n de nuestras rutas para el resguardo de la vida de los usuarios y el cuidado del patrimonio vial, con m\u00e1s controles y sanciones a los transportistas que lleven sobrecarga\u00bb, concluy\u00f3 Garc\u00eda.<\/p>\n<p class=\"m_-2487198002743779425m_-8819658736955420463gmail-yiv5609210761msonormal\">Por su parte, el ministro entrerriano Benedetto destac\u00f3 que \u00a0\u00abeste nuevo encuentro en el marco de la Regi\u00f3n Centro nos encuentra para trabajar e intercambiar opciones y mecanismos de trabajo para abordar lo referente a la situaci\u00f3n de caminos. Analizamos los diferentes modelos que vienen llevando los tres gobiernos provinciales para aportar soluciones innovadoras a las necesidades de cada provincia, dado que tenemos problem\u00e1ticas comunes. Consideramos que este intercambio es fruct\u00edfero al momento de pensar y dise\u00f1ar pol\u00edticas p\u00fablicas para el desarrollo de infraestructura y conectividad\u00bb.<\/p>\n<p class=\"m_-2487198002743779425m_-8819658736955420463gmail-yiv5609210761msonormal\">\u00abEstamos trabajando en conjunto en varios \u00e1mbitos\u00bb, se\u00f1al\u00f3 el ministro de Infraestructura y Transporte santafesino, Garibay, al t\u00e9rmino de la reuni\u00f3n, y agreg\u00f3 que \u00aben este caso, para abordar temas como los caminos, la circulaci\u00f3n y el control de cargas\u00bb. \u00abDesde la gesti\u00f3n del gobernador Miguel Lifschitz fortalecemos la Regi\u00f3n Centro como una herramienta de participaci\u00f3n y enriquecimiento para llevar adelante la gesti\u00f3n p\u00fablica\u00bb, manifest\u00f3 Jos\u00e9 Le\u00f3n Garibay.<\/p>\n<p class=\"m_-2487198002743779425m_-8819658736955420463gmail-yiv5609210761msonormal\">En tanto, Biaggini coment\u00f3 que \u00abdesde su relanzamiento, hace apenas un a\u00f1o y medio que la Regi\u00f3n Centro tom\u00f3 una din\u00e1mica importante y comenz\u00f3 a desarrollarse en m\u00faltiples \u00e1reas de gobierno con la particularidad de que se trata de un \u00e1mbito de integraci\u00f3n, no s\u00f3lo gubernamental sino con una fuerte participaci\u00f3n de la sociedad civil\u00bb, y record\u00f3 que \u00abeste \u00e1mbito fue pensado como un espacio de integraci\u00f3n multidimensional, por lo que no podemos soslayar que la conectividad y la infraestructura son una parte esencial\u00bb.<\/p>\n<p class=\"m_-2487198002743779425m_-8819658736955420463gmail-yiv5609210761msonormal\">\n<p class=\"m_-2487198002743779425m_-8819658736955420463gmail-yiv5609210761msonormal\">TEMAS ANALIZADOS<\/p>\n<p class=\"m_-2487198002743779425m_-8819658736955420463gmail-yiv5609210761msonormal\">Durante el encuentro se abord\u00f3 la tem\u00e1tica de caminos rurales, rutas y circulaci\u00f3n vial en rutas provinciales. Asimismo, se expusieron problem\u00e1ticas y pol\u00edticas que cada gobierno provincial implementan para generar respuestas a las necesidades de las diferentes zonas de cada regi\u00f3n como, por ejemplo, la instrumentaci\u00f3n del sistema de consorcios camineros, dise\u00f1o de mecanismos de control a tr\u00e1nsito pesados y organismos de ejecuci\u00f3n, y control de obras.<\/p>\n<p class=\"m_-2487198002743779425m_-8819658736955420463gmail-yiv5609210761msonormal\">Adem\u00e1s, se plante\u00f3 la posibilidad de establecer a San Francisco como sede permanente de la Regi\u00f3n Centro para continuar fortaleciendo este espacio estrat\u00e9gico de intercambio para el desarrollo de las tres provincias.<\/p>\n<p class=\"m_-2487198002743779425m_-8819658736955420463gmail-yiv5609210761msonormal\">En ese sentido, el intendente de San Francisco, Aresca, se\u00f1al\u00f3: \u00abEstoy orgulloso de que se produzcan estas reuniones en la ciudad de San Francisco porque creo que es el lugar donde tenemos las distancias equidistantes entre las tres provincias\u00bb.<\/p>\n","protected":false},"excerpt":{"rendered":"<p>En un nuevo encuentro de la Regi\u00f3n Centro, representantes de las tres provincias se reunieron en la localidad cordobesa de San Francisco donde trabajaron en conjunto para aportar soluciones a problem\u00e1ticas comunes de la red vial. El comit\u00e9 de la Regi\u00f3n Centro inform\u00f3 hoy que los ministros de Infraestructura de C\u00f3rdoba, Entre R\u00edos y Santa <a href=\"https:\/\/armstrongyregion.com.ar\/diario\/ministros-de-cordoba-entre-rios-y-santa-fe-se-reunen-para-avanzar-en-temas-viales\/\" title=\"Read more\" >&#8230;<\/a><\/p>\n","protected":false},"author":1,"featured_media":14372,"comment_status":"open","ping_status":"open","sticky":false,"template":"","format":"standard","meta":{"_jetpack_memberships_contains_paid_content":false,"footnotes":"","jetpack_publicize_message":"","jetpack_publicize_feature_enabled":true,"jetpack_social_post_already_shared":false,"jetpack_social_options":{"image_generator_settings":{"template":"highway","default_image_id":0,"enabled":false},"version":2}},"categories":[8,1,2,7,3],"tags":[5870,5869],"class_list":["post-14371","post","type-post","status-publish","format-standard","has-post-thumbnail","hentry","category-deliberando","category-diario-armstrong","category-locales","category-politica","category-region","tag-entre-rios-y-santa-fe-se-reunen-para-avanzar-en-temas-viales","tag-ministros-de-cordoba"],"jetpack_publicize_connections":[],"jetpack_featured_media_url":"https:\/\/armstrongyregion.com.ar\/diario\/wp-content\/uploads\/2017\/09\/Reuni\u00f3n-Regi\u00f3n-Centro-1.jpg","jetpack_shortlink":"https:\/\/wp.me\/p62QDO-3JN","jetpack_sharing_enabled":true,"amp_enabled":true,"_links":{"self":[{"href":"https:\/\/armstrongyregion.com.ar\/diario\/wp-json\/wp\/v2\/posts\/14371","targetHints":{"allow":["GET"]}}],"collection":[{"href":"https:\/\/armstrongyregion.com.ar\/diario\/wp-json\/wp\/v2\/posts"}],"about":[{"href":"https:\/\/armstrongyregion.com.ar\/diario\/wp-json\/wp\/v2\/types\/post"}],"author":[{"embeddable":true,"href":"https:\/\/armstrongyregion.com.ar\/diario\/wp-json\/wp\/v2\/users\/1"}],"replies":[{"embeddable":true,"href":"https:\/\/armstrongyregion.com.ar\/diario\/wp-json\/wp\/v2\/comments?post=14371"}],"version-history":[{"count":0,"href":"https:\/\/armstrongyregion.com.ar\/diario\/wp-json\/wp\/v2\/posts\/14371\/revisions"}],"wp:featuredmedia":[{"embeddable":true,"href":"https:\/\/armstrongyregion.com.ar\/diario\/wp-json\/wp\/v2\/media\/14372"}],"wp:attachment":[{"href":"https:\/\/armstrongyregion.com.ar\/diario\/wp-json\/wp\/v2\/media?parent=14371"}],"wp:term":[{"taxonomy":"category","embeddable":true,"href":"https:\/\/armstrongyregion.com.ar\/diario\/wp-json\/wp\/v2\/categories?post=14371"},{"taxonomy":"post_tag","embeddable":true,"href":"https:\/\/armstrongyregion.com.ar\/diario\/wp-json\/wp\/v2\/tags?post=14371"}],"curies":[{"name":"wp","href":"https:\/\/api.w.org\/{rel}","templated":true}]}}