{"id":14354,"date":"2017-09-02T18:23:50","date_gmt":"2017-09-02T18:23:50","guid":{"rendered":"https:\/\/armstrongyregion.com.ar\/diario\/?p=14354"},"modified":"2017-09-02T18:23:50","modified_gmt":"2017-09-02T18:23:50","slug":"armstrong-hechos-de-vandalismo-en-la-plaza-claudio-giaretti","status":"publish","type":"post","link":"https:\/\/armstrongyregion.com.ar\/diario\/armstrong-hechos-de-vandalismo-en-la-plaza-claudio-giaretti\/","title":{"rendered":"Armstrong. Hechos de vandalismo en la plaza Claudio Giaretti."},"content":{"rendered":"<p><a href=\"http:\/\/armstrongyregion.com.ar\/diario\/wp-content\/uploads\/2017\/09\/Plaza-giaretti2-.jpg\"><img loading=\"lazy\" decoding=\"async\" class=\"alignnone size-medium wp-image-14355\" src=\"http:\/\/armstrongyregion.com.ar\/diario\/wp-content\/uploads\/2017\/09\/Plaza-giaretti2--300x169.jpg\" alt=\"Plaza-giaretti2-\" width=\"300\" height=\"169\" srcset=\"https:\/\/armstrongyregion.com.ar\/diario\/wp-content\/uploads\/2017\/09\/Plaza-giaretti2--300x169.jpg 300w, https:\/\/armstrongyregion.com.ar\/diario\/wp-content\/uploads\/2017\/09\/Plaza-giaretti2-.jpg 768w\" sizes=\"auto, (max-width: 300px) 100vw, 300px\" \/><\/a>En la ma\u00f1ana de hoy los vecinos de la plaza Claudio Giaretti, notaron los hechos de vandalismo, con pintadas de aerosol negro y rojo que deslucen el monumento emplazado en la esquina de las calles Crucianelli y Berthillod.<\/p>\n<p><a href=\"http:\/\/armstrongyregion.com.ar\/diario\/wp-content\/uploads\/2017\/09\/paza-Giaretti.jpg\"><img loading=\"lazy\" decoding=\"async\" class=\"alignnone size-medium wp-image-14356\" src=\"http:\/\/armstrongyregion.com.ar\/diario\/wp-content\/uploads\/2017\/09\/paza-Giaretti-300x169.jpg\" alt=\"paza-Giaretti\" width=\"300\" height=\"169\" srcset=\"https:\/\/armstrongyregion.com.ar\/diario\/wp-content\/uploads\/2017\/09\/paza-Giaretti-300x169.jpg 300w, https:\/\/armstrongyregion.com.ar\/diario\/wp-content\/uploads\/2017\/09\/paza-Giaretti.jpg 768w\" sizes=\"auto, (max-width: 300px) 100vw, 300px\" \/><\/a>El intendente Dr. Pablo Verdecchia, se manifest\u00f3 a trav\u00e9s de las redes sociales: \u201cRepudio fervientemente desde el coraz\u00f3n, los actos de vandalismo ocurridos en la plaza que honra la memoria de nuestro h\u00e9roe Claudio Giaretti. Ya estamos buscando las c\u00e1maras de seguridad ubicadas en el lugar para que la justicia tome las medidas que correspondan\u201d.<\/p>\n<p>La plaza que lleva el nombre de nuestro h\u00e9roe est\u00e1 decorada con tonos albicelestes en las paredes, el dise\u00f1o de nuestras Islas Malvinas en el piso, para sentir que se est\u00e1 pisando suelo Argentino cada vez que alguien se posa sobre ellas y el escenario que simula el Buque General Belgrano, el cual merece un p\u00e1rrafo aparte, porque fue ah\u00ed donde Claudio Giaretti estaba aquel 2 de mayo a las cuatro de la tarde cuando los dos torpedos, de los tres que dispar\u00f3 la armada inglesa, impactaron sobre el buque y se llevaron consigo a 323 marinos, entre ellos Claudio.<\/p>\n","protected":false},"excerpt":{"rendered":"<p>En la ma\u00f1ana de hoy los vecinos de la plaza Claudio Giaretti, notaron los hechos de vandalismo, con pintadas de aerosol negro y rojo que deslucen el monumento emplazado en la esquina de las calles Crucianelli y Berthillod. El intendente Dr. Pablo Verdecchia, se manifest\u00f3 a trav\u00e9s de las redes sociales: \u201cRepudio fervientemente desde el <a href=\"https:\/\/armstrongyregion.com.ar\/diario\/armstrong-hechos-de-vandalismo-en-la-plaza-claudio-giaretti\/\" title=\"Read more\" >&#8230;<\/a><\/p>\n","protected":false},"author":1,"featured_media":14355,"comment_status":"open","ping_status":"open","sticky":false,"template":"","format":"standard","meta":{"_jetpack_memberships_contains_paid_content":false,"footnotes":"","jetpack_publicize_message":"","jetpack_publicize_feature_enabled":true,"jetpack_social_post_already_shared":false,"jetpack_social_options":{"image_generator_settings":{"template":"highway","default_image_id":0,"enabled":false},"version":2}},"categories":[6,8,1,2,3],"tags":[5863],"class_list":["post-14354","post","type-post","status-publish","format-standard","has-post-thumbnail","hentry","category-cultura-entretenimiento","category-deliberando","category-diario-armstrong","category-locales","category-region","tag-armstrong-hechos-de-vandalismo-en-la-plaza-claudio-giaretti"],"jetpack_publicize_connections":[],"jetpack_featured_media_url":"https:\/\/armstrongyregion.com.ar\/diario\/wp-content\/uploads\/2017\/09\/Plaza-giaretti2-.jpg","jetpack_shortlink":"https:\/\/wp.me\/p62QDO-3Jw","jetpack_sharing_enabled":true,"amp_enabled":true,"_links":{"self":[{"href":"https:\/\/armstrongyregion.com.ar\/diario\/wp-json\/wp\/v2\/posts\/14354","targetHints":{"allow":["GET"]}}],"collection":[{"href":"https:\/\/armstrongyregion.com.ar\/diario\/wp-json\/wp\/v2\/posts"}],"about":[{"href":"https:\/\/armstrongyregion.com.ar\/diario\/wp-json\/wp\/v2\/types\/post"}],"author":[{"embeddable":true,"href":"https:\/\/armstrongyregion.com.ar\/diario\/wp-json\/wp\/v2\/users\/1"}],"replies":[{"embeddable":true,"href":"https:\/\/armstrongyregion.com.ar\/diario\/wp-json\/wp\/v2\/comments?post=14354"}],"version-history":[{"count":0,"href":"https:\/\/armstrongyregion.com.ar\/diario\/wp-json\/wp\/v2\/posts\/14354\/revisions"}],"wp:featuredmedia":[{"embeddable":true,"href":"https:\/\/armstrongyregion.com.ar\/diario\/wp-json\/wp\/v2\/media\/14355"}],"wp:attachment":[{"href":"https:\/\/armstrongyregion.com.ar\/diario\/wp-json\/wp\/v2\/media?parent=14354"}],"wp:term":[{"taxonomy":"category","embeddable":true,"href":"https:\/\/armstrongyregion.com.ar\/diario\/wp-json\/wp\/v2\/categories?post=14354"},{"taxonomy":"post_tag","embeddable":true,"href":"https:\/\/armstrongyregion.com.ar\/diario\/wp-json\/wp\/v2\/tags?post=14354"}],"curies":[{"name":"wp","href":"https:\/\/api.w.org\/{rel}","templated":true}]}}