{"id":14351,"date":"2017-09-02T17:44:26","date_gmt":"2017-09-02T17:44:26","guid":{"rendered":"https:\/\/armstrongyregion.com.ar\/diario\/?p=14351"},"modified":"2017-09-02T17:44:26","modified_gmt":"2017-09-02T17:44:26","slug":"canadenses-se-convocaron-por-la-aparicion-de-santiago-maldonado","status":"publish","type":"post","link":"https:\/\/armstrongyregion.com.ar\/diario\/canadenses-se-convocaron-por-la-aparicion-de-santiago-maldonado\/","title":{"rendered":"Ca\u00f1adenses se convocaron por la aparici\u00f3n de Santiago Maldonado."},"content":{"rendered":"<p><a href=\"http:\/\/armstrongyregion.com.ar\/diario\/wp-content\/uploads\/2017\/09\/Marcha-maldonado-.jpg\"><img loading=\"lazy\" decoding=\"async\" class=\"alignnone size-medium wp-image-14352\" src=\"http:\/\/armstrongyregion.com.ar\/diario\/wp-content\/uploads\/2017\/09\/Marcha-maldonado--300x170.jpg\" alt=\"Marcha-maldonado-\" width=\"300\" height=\"170\" srcset=\"https:\/\/armstrongyregion.com.ar\/diario\/wp-content\/uploads\/2017\/09\/Marcha-maldonado--300x170.jpg 300w, https:\/\/armstrongyregion.com.ar\/diario\/wp-content\/uploads\/2017\/09\/Marcha-maldonado-.jpg 768w\" sizes=\"auto, (max-width: 300px) 100vw, 300px\" \/><\/a>Desde Colectividades marcharon hasta la plaza Fanny Giordano.<\/p>\n<p>En concordancia con las movilizaciones producidas en muchos lugares del pa\u00eds, Ca\u00f1ada de G\u00f3mez tambi\u00e9n aport\u00f3 su marcha por la aparici\u00f3n de Santiago Maldonado, el joven desaparecido hace un mes, durante la represi\u00f3n a la manifestaci\u00f3n de una comunidad mapuche en la provincia de Chubut.<\/p>\n<p>En nuestra ciudad, un grupo se dio cita en Plaza de Colectividades, con pancartas en las que se manifestaba el pedido de aparici\u00f3n de Santiago, afiches en los que se repet\u00eda la consigna, y en muchos casos velas encendidas.<\/p>\n<p>La pac\u00edfica manifestaci\u00f3n march\u00f3 hasta la plaza Fanny Giordano, cuyo nombre recuerda a la persona que se convirti\u00f3, para Ca\u00f1ada, en el s\u00edmbolo de la represi\u00f3n de la \u00faltima dictadura. All\u00ed los presentes tuvieron un momento de recogimiento,. Para luego emprender la caminata de regreso al punto de partida, donde se produjo la desconcentraci\u00f3n.<\/p>\n<p>Entre el p\u00fablico, gente com\u00fan de distinta extracci\u00f3n partidaria o simplemente militantes de la vida, se vio a muchos de ellos acompa\u00f1ados por sus ni\u00f1os, en una marcha que retrat\u00f3 fielmente, como las \u00faltimas que se vienen realizando por distintos temas, a qu\u00e9 sector de los ca\u00f1adenses le interesa cada asunto.<\/p>\n<p>Otrodia.Com<\/p>\n","protected":false},"excerpt":{"rendered":"<p>Desde Colectividades marcharon hasta la plaza Fanny Giordano. En concordancia con las movilizaciones producidas en muchos lugares del pa\u00eds, Ca\u00f1ada de G\u00f3mez tambi\u00e9n aport\u00f3 su marcha por la aparici\u00f3n de Santiago Maldonado, el joven desaparecido hace un mes, durante la represi\u00f3n a la manifestaci\u00f3n de una comunidad mapuche en la provincia de Chubut. En nuestra <a href=\"https:\/\/armstrongyregion.com.ar\/diario\/canadenses-se-convocaron-por-la-aparicion-de-santiago-maldonado\/\" title=\"Read more\" >&#8230;<\/a><\/p>\n","protected":false},"author":1,"featured_media":14352,"comment_status":"open","ping_status":"open","sticky":false,"template":"","format":"standard","meta":{"_jetpack_memberships_contains_paid_content":false,"footnotes":"","jetpack_publicize_message":"","jetpack_publicize_feature_enabled":true,"jetpack_social_post_already_shared":false,"jetpack_social_options":{"image_generator_settings":{"template":"highway","default_image_id":0,"enabled":false},"version":2}},"categories":[8,1,7,3],"tags":[5862],"class_list":["post-14351","post","type-post","status-publish","format-standard","has-post-thumbnail","hentry","category-deliberando","category-diario-armstrong","category-politica","category-region","tag-canadenses-se-convocaron-por-la-aparicion-de-santiago-maldonado"],"jetpack_publicize_connections":[],"jetpack_featured_media_url":"https:\/\/armstrongyregion.com.ar\/diario\/wp-content\/uploads\/2017\/09\/Marcha-maldonado-.jpg","jetpack_shortlink":"https:\/\/wp.me\/p62QDO-3Jt","jetpack_sharing_enabled":true,"amp_enabled":true,"_links":{"self":[{"href":"https:\/\/armstrongyregion.com.ar\/diario\/wp-json\/wp\/v2\/posts\/14351","targetHints":{"allow":["GET"]}}],"collection":[{"href":"https:\/\/armstrongyregion.com.ar\/diario\/wp-json\/wp\/v2\/posts"}],"about":[{"href":"https:\/\/armstrongyregion.com.ar\/diario\/wp-json\/wp\/v2\/types\/post"}],"author":[{"embeddable":true,"href":"https:\/\/armstrongyregion.com.ar\/diario\/wp-json\/wp\/v2\/users\/1"}],"replies":[{"embeddable":true,"href":"https:\/\/armstrongyregion.com.ar\/diario\/wp-json\/wp\/v2\/comments?post=14351"}],"version-history":[{"count":0,"href":"https:\/\/armstrongyregion.com.ar\/diario\/wp-json\/wp\/v2\/posts\/14351\/revisions"}],"wp:featuredmedia":[{"embeddable":true,"href":"https:\/\/armstrongyregion.com.ar\/diario\/wp-json\/wp\/v2\/media\/14352"}],"wp:attachment":[{"href":"https:\/\/armstrongyregion.com.ar\/diario\/wp-json\/wp\/v2\/media?parent=14351"}],"wp:term":[{"taxonomy":"category","embeddable":true,"href":"https:\/\/armstrongyregion.com.ar\/diario\/wp-json\/wp\/v2\/categories?post=14351"},{"taxonomy":"post_tag","embeddable":true,"href":"https:\/\/armstrongyregion.com.ar\/diario\/wp-json\/wp\/v2\/tags?post=14351"}],"curies":[{"name":"wp","href":"https:\/\/api.w.org\/{rel}","templated":true}]}}