{"id":1435,"date":"2015-03-25T16:39:12","date_gmt":"2015-03-25T16:39:12","guid":{"rendered":"https:\/\/armstrongyregion.com.ar\/diario\/?p=1435"},"modified":"2015-03-25T16:39:12","modified_gmt":"2015-03-25T16:39:12","slug":"canada-de-gomez-sonidos-de-libertad-en-casa-del-bicentenario","status":"publish","type":"post","link":"https:\/\/armstrongyregion.com.ar\/diario\/canada-de-gomez-sonidos-de-libertad-en-casa-del-bicentenario\/","title":{"rendered":"Ca\u00f1ada de G\u00f3mez. \u201cSONIDOS DE LIBERTAD\u201d en Casa del Bicentenario."},"content":{"rendered":"<p><a href=\"http:\/\/armstrongyregion.com.ar\/diario\/wp-content\/uploads\/2015\/03\/11071683_850971538294976_5462458111724910227_n.jpg\"><img loading=\"lazy\" decoding=\"async\" class=\"alignnone size-medium wp-image-1436\" src=\"http:\/\/armstrongyregion.com.ar\/diario\/wp-content\/uploads\/2015\/03\/11071683_850971538294976_5462458111724910227_n-300x200.jpg\" alt=\"sonidosenlibertad\" width=\"300\" height=\"200\" srcset=\"https:\/\/armstrongyregion.com.ar\/diario\/wp-content\/uploads\/2015\/03\/11071683_850971538294976_5462458111724910227_n-300x200.jpg 300w, https:\/\/armstrongyregion.com.ar\/diario\/wp-content\/uploads\/2015\/03\/11071683_850971538294976_5462458111724910227_n.jpg 750w\" sizes=\"auto, (max-width: 300px) 100vw, 300px\" \/><\/a>La actividad alusiva al d\u00eda de la memoria, por la verdad y la justicia.<br \/>\nParticiparon m\u00fasicos locales y se realiz\u00f3 un relato hist\u00f3rico de lo sucedido en el pa\u00eds y la ciudad.<\/p>\n<p>En Casa del Bicentenario se realiz\u00f3 la actividad \u201cSonidos de libertad\u201d alusiva al D\u00eda de la memoria, por la verdad y la justicia, con la<br \/>\nparticipaci\u00f3n de m\u00fasicos locales y el Padre Nestor Negri. Previo al inicio la intendenta Stella Cl\u00e9rici habl\u00f3 a los presentes.<br \/>\nLa jornada se llev\u00f3 adelante a trav\u00e9s de un relato hist\u00f3rico contando lo sucedido en el pa\u00eds y nuestra ciudad, proyectando im\u00e1genes pertenecientes al Museo Hist\u00f3rico Municipal. Finalmente m\u00fasicos locales<br \/>\ncantaron canciones censuradas durante la dictadura militar.<br \/>\nLa intendenta destac\u00f3 la actividad para rendir homenaje a los ca\u00f1adenses desaparecidos y a aquellos que fueron presos pol\u00edticos.<\/p>\n","protected":false},"excerpt":{"rendered":"<p>La actividad alusiva al d\u00eda de la memoria, por la verdad y la justicia. Participaron m\u00fasicos locales y se realiz\u00f3 un relato hist\u00f3rico de lo sucedido en el pa\u00eds y la ciudad. En Casa del Bicentenario se realiz\u00f3 la actividad \u201cSonidos de libertad\u201d alusiva al D\u00eda de la memoria, por la verdad y la justicia, <a href=\"https:\/\/armstrongyregion.com.ar\/diario\/canada-de-gomez-sonidos-de-libertad-en-casa-del-bicentenario\/\" title=\"Read more\" >&#8230;<\/a><\/p>\n","protected":false},"author":2,"featured_media":1436,"comment_status":"open","ping_status":"open","sticky":false,"template":"","format":"standard","meta":{"_jetpack_memberships_contains_paid_content":false,"footnotes":"","jetpack_publicize_message":"","jetpack_publicize_feature_enabled":true,"jetpack_social_post_already_shared":false,"jetpack_social_options":{"image_generator_settings":{"template":"highway","default_image_id":0,"enabled":false},"version":2}},"categories":[1,3],"tags":[1257,1259,163,325,19,53,15,164,1258],"class_list":["post-1435","post","type-post","status-publish","format-standard","has-post-thumbnail","hentry","category-diario-armstrong","category-region","tag-sonidos","tag-bicentenario","tag-canada","tag-casa","tag-de","tag-del","tag-en","tag-gomez","tag-libertad"],"jetpack_publicize_connections":[],"jetpack_featured_media_url":"https:\/\/armstrongyregion.com.ar\/diario\/wp-content\/uploads\/2015\/03\/11071683_850971538294976_5462458111724910227_n.jpg","jetpack_shortlink":"https:\/\/wp.me\/p62QDO-n9","jetpack_sharing_enabled":true,"amp_enabled":true,"_links":{"self":[{"href":"https:\/\/armstrongyregion.com.ar\/diario\/wp-json\/wp\/v2\/posts\/1435","targetHints":{"allow":["GET"]}}],"collection":[{"href":"https:\/\/armstrongyregion.com.ar\/diario\/wp-json\/wp\/v2\/posts"}],"about":[{"href":"https:\/\/armstrongyregion.com.ar\/diario\/wp-json\/wp\/v2\/types\/post"}],"author":[{"embeddable":true,"href":"https:\/\/armstrongyregion.com.ar\/diario\/wp-json\/wp\/v2\/users\/2"}],"replies":[{"embeddable":true,"href":"https:\/\/armstrongyregion.com.ar\/diario\/wp-json\/wp\/v2\/comments?post=1435"}],"version-history":[{"count":0,"href":"https:\/\/armstrongyregion.com.ar\/diario\/wp-json\/wp\/v2\/posts\/1435\/revisions"}],"wp:featuredmedia":[{"embeddable":true,"href":"https:\/\/armstrongyregion.com.ar\/diario\/wp-json\/wp\/v2\/media\/1436"}],"wp:attachment":[{"href":"https:\/\/armstrongyregion.com.ar\/diario\/wp-json\/wp\/v2\/media?parent=1435"}],"wp:term":[{"taxonomy":"category","embeddable":true,"href":"https:\/\/armstrongyregion.com.ar\/diario\/wp-json\/wp\/v2\/categories?post=1435"},{"taxonomy":"post_tag","embeddable":true,"href":"https:\/\/armstrongyregion.com.ar\/diario\/wp-json\/wp\/v2\/tags?post=1435"}],"curies":[{"name":"wp","href":"https:\/\/api.w.org\/{rel}","templated":true}]}}