{"id":14345,"date":"2017-09-02T17:02:48","date_gmt":"2017-09-02T17:02:48","guid":{"rendered":"https:\/\/armstrongyregion.com.ar\/diario\/?p=14345"},"modified":"2017-09-02T17:02:48","modified_gmt":"2017-09-02T17:02:48","slug":"en-nunca-mas-canadense-aca-tambien-paso-por-pablo-di-tomaso","status":"publish","type":"post","link":"https:\/\/armstrongyregion.com.ar\/diario\/en-nunca-mas-canadense-aca-tambien-paso-por-pablo-di-tomaso\/","title":{"rendered":"En Nunca M\u00e1s Ca\u00f1adense&#8230;Ac\u00e1 tambien pas\u00f3&#8230; Por Pablo Di Tomaso."},"content":{"rendered":"<p><strong><a href=\"http:\/\/armstrongyregion.com.ar\/diario\/wp-content\/uploads\/2017\/09\/Inauguraci\u00f3n-Local-Revista-Estrella-Calle-Lavalle-4-10-1961.jpg\"><img loading=\"lazy\" decoding=\"async\" class=\"alignnone size-medium wp-image-14346\" src=\"http:\/\/armstrongyregion.com.ar\/diario\/wp-content\/uploads\/2017\/09\/Inauguraci\u00f3n-Local-Revista-Estrella-Calle-Lavalle-4-10-1961-300x217.jpg\" alt=\"Inauguraci\u00f3n Local Revista Estrella Calle Lavalle 4-10-1961\" width=\"300\" height=\"217\" srcset=\"https:\/\/armstrongyregion.com.ar\/diario\/wp-content\/uploads\/2017\/09\/Inauguraci\u00f3n-Local-Revista-Estrella-Calle-Lavalle-4-10-1961-300x217.jpg 300w, https:\/\/armstrongyregion.com.ar\/diario\/wp-content\/uploads\/2017\/09\/Inauguraci\u00f3n-Local-Revista-Estrella-Calle-Lavalle-4-10-1961.jpg 768w\" sizes=\"auto, (max-width: 300px) 100vw, 300px\" \/><\/a>CUANDO EL OBISPO METI\u00d3 PRESO A ATILA JARTTI<\/strong><\/p>\n<p><strong>\u00a0<\/strong>Jos\u00e9 Antonio Ramacciotti es director y fundador del Diario Estrella de la Ma\u00f1ana, un peri\u00f3dico nacido el 4 de octubre de 1957. La familia Ramacciotti ven\u00eda de un origen ferroviario, peronista y hab\u00edan sido tambi\u00e9n los iniciadores del Eco de Iriondo, otro matutino que sali\u00f3 regularmente durante los a\u00f1os del justicialismo. Durante la pueblada realizada en 1969 defendiendo al Padre Armando Amiratti, desde sus p\u00e1ginas el Director jug\u00f3 muy fuertemente a favor del <em>Pastor de los Pobres<\/em>, como lo recuerdan algunos al sacerdote. Por su parte, Monse\u00f1or Guillermo Bolatti pertenec\u00eda al movimiento de defensa del catolicismo tradicional, un ferviente antiperonista que rechaz\u00f3 toda colaboraci\u00f3n del gobierno justicialista para reconstruir los templos destruidos inmediatamente despu\u00e9s del bombardeo de Plaza de Mayo en junio de 1955 y tras el derrocamiento de Juan Domingo Per\u00f3n, en diciembre de 1955, celebr\u00f3 la primera misa multitudinaria en Buenos Aires, en presencia del dictador Pedro Eugenio Aramburu. En el Concilio Vaticano II, particip\u00f3 de las cuatro sesiones, donde el 23 de octubre de 1964, se refiri\u00f3 al comunismo como <em>un peligro muy grande<\/em> y lo clasific\u00f3 como una herej\u00eda, pidiendo que en los documentos conciliares se declarase al comunismo <em>como intr\u00ednsecamente contrario a la doctrina cat\u00f3lica<\/em>. En octubre 1968, treinta sacerdotes de la arquidi\u00f3cesis se enfrentaron ruidosamente con el arzobispo, qui\u00e9nes en su mayor\u00eda fueron castigos por parte de las autoridades eclesi\u00e1sticas y civiles. En 1969 los treinta curas renunciaron a sus cargos, entre ellos Amiratti, causando la pueblada en la ciudad. \u00a0Por eso Atila Jartti no duda en culpar a Bolatti sobre su detenci\u00f3n, aunque Sobre sus setenta y cinco d\u00edas presos describe que<\/p>\n<p>&nbsp;<\/p>\n<p>\u00abCuando llega el Teniente Coronel Moresi, sin dejarme hablar, yo me paro, le tiendo la mano y \u00e9l no me la dio, me dejo con la mano as\u00ed\u2026 me sent\u00e9 y le dije <strong><em>vengo porque han entrado en mi Diario como si fu\u00e9ramos delincuentes y nosotros somos periodistas<\/em><\/strong>. El Teniente Coronel Moresi me dice <strong><em>esta usted detenido a disposici\u00f3n del Poder Ejecutivo Nacional<\/em><\/strong>.\u00a0 Me llam\u00f3 mucho la atenci\u00f3n pero en ning\u00fan momento perd\u00ed la tranquilidad porque jam\u00e1s estuve con la guerrilla, jam\u00e1s estuve involucrado en ning\u00fan movimiento terrorista, jam\u00e1s estuve de acuerdo en poner una bomba en ning\u00fan lado, ni matar a nadie por la espalda, ni todo lo que estaba ocurriendo fuera del \u00e1mbito de mi diario. Yo pens\u00e9 en determinado momento que la situaci\u00f3n iba a ser simplemente una amonestaci\u00f3n, digamos as\u00ed, cuando uno va a la escuela le ponen una amonestaci\u00f3n, porque yo me sent\u00eda absolutamente inocente de cualquier cosa. Ellos estaban en\u2026 digamos de punta con nosotros porque en nuestro Diario se dec\u00eda <strong><em>los que vinieron a crear el orden o a reponer el orden est\u00e1n fomentando el desorden<\/em><\/strong>, a ra\u00edz de que en esos d\u00edas de la toma de poder, los militares, sal\u00edan con las sirenas de la polic\u00eda a todo trapo a la madrugada, agarraban a gente poco menos que los desnudaban en la calle para sacarle los documentos, los pon\u00edan contra la pared, un espect\u00e1culo bochornoso, y bueno nosotros dec\u00edamos eso y presumiblemente la raz\u00f3n verdadera de la clausura, no haya sido la caricatura de Videla, que ellos dec\u00edan que era la causa, la falta de respeto al Presidente de la Naci\u00f3n.\u00bb<a href=\"#_ftn1\" name=\"_ftnref1\">[1]<\/a><\/p>\n<p>&nbsp;<\/p>\n<p>Sobre esa publicaci\u00f3n de la que habla Jos\u00e9, fueron publicadas entre el 1 y 7 de abril del \u00b476, donde en las mismas la postura del diario fue la de esperar que suced\u00eda en el gobierno. Sin ir m\u00e1s lejos, <em>Estrella de la Ma\u00f1ana <\/em>en su n\u00famero 1824, en su tapa dec\u00eda <strong><em>\u00bfTerroristas Ca\u00f1adenses?<\/em><\/strong> y expresaba<\/p>\n<p>&nbsp;<\/p>\n<p>\u00abLas versiones sobre la certeza de tener importantes terroristas en nuestra ciudad, ahora pr\u00f3fugos, ha llamado a grandes interrogantes y el vecindario comenta sus nombres y los hechos con total sorpresa. Gente de buena familia, con muchos amigos, gente sencilla.<\/p>\n<p>&nbsp;<\/p>\n<p>\u00bbNo va a haber nombres de nuestra parte, mientras no haya una informaci\u00f3n oficial. Es justo que ante la eventual posibilidad de un error, no se agregue el nuestro. Pero todo indica que los comentarios no son infundados y las fuentes son muy atendibles. Hay detenciones. Y hasta han corrido versiones que alguno de ellos ya ha ca\u00eddo v\u00edctima de las balas del ej\u00e9rcito. Pero siguiendo versiones sin confirmar.\u00bb<a href=\"#_ftn2\" name=\"_ftnref2\">[2]<\/a><\/p>\n<p>&nbsp;<\/p>\n<p>Cinco d\u00edas m\u00e1s tarde, el mismo matutino, publica <strong><em>Mas ruido que nueces&#8230;,<\/em><\/strong> donde da a entender lo grosero del actuar de las fuerzas policiales<\/p>\n<p>&nbsp;<\/p>\n<p>\u00abLas constantes actuaciones policiales y militares en nuestro medio son de rutina. Se mantiene al personal en alerta y en constante actividad solamente para que el estado permanente sobre salto impida que cualquier eventual ataque o desorden local puedan turbar lo que se da en llamar el \u201corden p\u00fablico\u201d.<\/p>\n<p>&nbsp;<\/p>\n<p>\u00bbClaro est\u00e1 que en este momento el \u201cdesorden p\u00fablico\u201d justamente lo est\u00e1n produciendo \u201clas fuerzas del orden\u201d<\/p>\n<p>&nbsp;<\/p>\n<p>\u00bbPero son cosas que tienen que pasar, al menos por unos d\u00edas m\u00e1s, en que se estima el orden total en el pa\u00eds permitir\u00e1 que los argentinos podamos volver a vivir en paz y con todas las libertades.\u00bb<a href=\"#_ftn3\" name=\"_ftnref3\">[3]<\/a><\/p>\n<p>&nbsp;<\/p>\n<p>Un d\u00eda despu\u00e9s de esta publicaci\u00f3n, nuestro hist\u00f3rico peri\u00f3dico publica una encuesta donde la mayor\u00eda de los ca\u00f1adenses estaban a favor del golpe. Los vecinos de la ciudad expresaban su favoritismo a la dictadura, \u00abTenemos la esperanza que el tiempo a cargo de los nuevos mandatarios sea m\u00e1s positivo, ya que durante el gobierno anterior todo ha sido negativo y de enorme atraso para la Naci\u00f3n Argentina\u00bb; \u00abm\u00e1s vale tarde que nunca, ya que esta intervenci\u00f3n deb\u00eda haberse producido 8 o 10 meses antes y no esperar que la Naci\u00f3n llegue al borde del abismo, ya que ahora va a costar mayores esfuerzos y tiempo para volver a encausarla y llevarla al sitio que debe estar en el consenso nacional e internacional\u00bb; \u00abes necesario dar tiempo a los nuevos gobernantes para que el pa\u00eds pueda volver a su cauce normal de tranquilidad, paz y trabajo. Eso es lo que necesitamos todos los argentinos\u00bb<a href=\"#_ftn4\" name=\"_ftnref4\">[4]<\/a> A pesar no demostrar oposici\u00f3n al R\u00e9gimen, el matutino fue clausurado una semana despu\u00e9s como ya lo hab\u00edamos contado en nuestros primeros cap\u00edtulos.<\/p>\n<p>&nbsp;<\/p>\n<p>Lo curioso del caso era que el entonces subdirector del Diario Estrella era el Dr. Luis Aimar, qui\u00e9n a su vez era la mano derecha del Teniente Coronel Moresi en la Intervenci\u00f3n militar a Ca\u00f1ada de G\u00f3mez y no hizo nada para defender a Ramacciotti qui\u00e9n contin\u00faa diciendo sobre su detenci\u00f3n,<\/p>\n<p>&nbsp;<\/p>\n<p>\u00abEn fin, el asunto es que yo sentado en un sill\u00f3n, que hasta hace poco estaba en la Jefatura de Polic\u00eda, pase la noche all\u00ed durmiendo, a la ma\u00f1ana siguiente me llevaron a Rosario. Me alojaron en el tercer piso de lo que ahora es la sede de la Gobernaci\u00f3n, con los presos comunes. El hombre que me tom\u00f3 los datos me dice <strong><em>\u00bfy a vos pibe te trajeron por esto?<\/em><\/strong> Ni yo ni ellos en ese momento sab\u00edamos, aunque tuvieron que pasar setenta y cinco d\u00edas para que nosotros supi\u00e9ramos realmente que quien me hab\u00eda metido preso a m\u00ed era el obispo Bolatti y no el presidente Videla. Claro ustedes me preguntaron sobre mi vida. En el tercer piso funcionaban tres secciones de detenidos por el gobierno militar. La secci\u00f3n \u201cM\u201d, que es la del medio, donde estaban los presos comunes ah\u00ed estuve ocho d\u00edas. Despu\u00e9s estaban los presos especiales, me pasaron a la otra secci\u00f3n, con una coima que dejo m\u00ed abogado al jefe de guardia para que me pasaran con los presos especiales. Entraban y sal\u00edan, iban al ba\u00f1o afuera, atend\u00edan a las visitas en el pasillo de arriba, en el tercer piso, dec\u00edan <strong><em>\u00bfy que comemos esta noche? Vamos a hacer un pescadito, vamos a hacer un matambre a la pizza<\/em><\/strong>, era otro nivel de gente, ah\u00ed hab\u00eda empresario, concejales, legisladores, hab\u00eda gente importante\u2026 Estuve 15 d\u00edas ah\u00ed, me permitieron llevar mis b\u00e1rtulos para pintar donde hice tres cuadros&#8230;\u00a0 Con algunos presos nos hicimos grandes compa\u00f1eros y grandes amigos, tal es as\u00ed que Taito Frutos, de quien estoy hablando, que me hizo, <strong><em>Derechos Inhumanos<\/em><\/strong>, por los cuales recib\u00ed tres amenazas de muerte, despu\u00e9s del segundo tomo, el ultimo, donde yo le agregue, al primero todo lo que me paso despu\u00e9s, que es lo m\u00e1s importante, el resultado de mis investigaciones posteriores. Cuando sent\u00edan desde adentro de la c\u00e1rcel, el tableteo de las ametralladoras, en las calles las sirenas de los autos, de los autos celulares de la polic\u00eda o del ej\u00e9rcito. Bueno esa situaci\u00f3n que pas\u00f3, a m\u00ed me despert\u00f3 la idea de que realmente no se ha tomado una dimensi\u00f3n exacta de que es lo que hicieron mal y que es lo que hicieron bien las fuerzas de la represi\u00f3n del ej\u00e9rcito. Porque hay muchos cosas que la gente debe conocer. No voy a estar nunca de acuerdo con lo que hizo Videla, Massera y Agosti, jam\u00e1s. En mi vida jam\u00e1s estar\u00eda de acuerdo con ellos. Estoy de acuerdo con que est\u00e9n en la c\u00e1rcel y que se hayan muerto y que se mueran como tienen que morirse: adentro de una reja. Como hoy mismo hay gente que tendr\u00eda que estar all\u00ed y no est\u00e1, est\u00e1n sueltos, caminado por las calles y le han robado al pa\u00eds, le han robado a los trabajadores, le han robado al pueblo, al gobierno y est\u00e1n libres como si fuesen se\u00f1oritos porque han puesto una fianza millonaria.\u00bb<a href=\"#_ftn5\" name=\"_ftnref5\">[5]<\/a><\/p>\n<p>&nbsp;<\/p>\n<p>Al finalizar la entrevista, Jos\u00e9 con sus ochenta a\u00f1os de vida encima recuerda que casi siendo un menor de edad fund\u00f3 un diario, que en ese momento era Semanario, y sobre su ideolog\u00eda pol\u00edtica hoy siente la libertad de decirse peronista, ya que por aquellos tiempos era imposible decirlo. Recomienda los j\u00f3venes leer el material hist\u00f3rico de Per\u00f3n, al cual lo considera como una humanista, un l\u00edder que en sus \u00faltimos a\u00f1os trajo consigo de Espa\u00f1a el mensaje de paz, de amor y de futuro.<\/p>\n<p>&nbsp;<\/p>\n<p>Sin lugar a dudas el miedo siempre anduvo dando vueltas por los aires de los escritorios del matutino. Nunca nadie despu\u00e9s de una detenci\u00f3n, y en esa \u00e9poca, volv\u00eda de la mejor manera. El Diario durante esos a\u00f1os mantuvo una escritura tranquila, fue cr\u00edtica en la parte econ\u00f3mica y no toco mucho sobre lo pol\u00edtico y menos sobre el tema de los desaparecidos. Hizo hincapi\u00e9 en las gestiones municipales y en las obras que la intendencia realizaba. Eran muy populares, y siguen si\u00e9ndoles, los anuarios del Diario, pero el de 1978 en la columna escrita por Eduardo Navarro, Rese\u00f1a 1978, en su editorial manifiesta que<\/p>\n<p>&nbsp;<\/p>\n<p>\u00abDurante este a\u00f1o de tantos altibajos saboreamos un triunfo deportivo en f\u00fatbol, otro en jockey, uno m\u00e1s en la elecci\u00f3n de Silvana Su\u00e1rez como Miss Universo, que contribuyeron a mostrar al mundo una imagen de lo que en realidad es la Rep\u00fablica Argentina (&#8230;) el conflicto del Canal de Beagle empa\u00f1\u00f3 nuestras alegr\u00edas en el filo del a\u00f1o. Nuestro pa\u00eds, joven, propenso al ataque y contaminaci\u00f3n de otros anquilosados o colonialistas, soport\u00f3 una dura batalla contra la calumnia. Surgieron organizaciones como Amnesty Internacional, diarios como Le Monde o una secretaria del presidente Carter, que se empe\u00f1aron en desprestigiarnos con el sonado asunto de los Derechos Humanos.\u00bb<a href=\"#_ftn6\" name=\"_ftnref6\">[6]<\/a><\/p>\n<p>Ese sonado asunto de los Derechos Humanos, dej\u00f3 30.000 desaparecidos, millones de exiliados, un pa\u00eds en quiebra y una generaci\u00f3n diezmada. Y ese sonado asunto, entre otros miles y miles de argentinos, tambi\u00e9n viol\u00f3 la libertad de Jos\u00e9 Antonio Ramacciotti o Atila Jartti.<\/p>\n<p>&nbsp;<\/p>\n<p><a href=\"#_ftnref1\" name=\"_ftn1\">[1]<\/a> Testimonio de Jos\u00e9 Antonio Ramaciotti, Archivo del Museo Hist\u00f3rico Municipal El\u00edas Bertola.<\/p>\n<p><a href=\"#_ftnref2\" name=\"_ftn2\">[2]<\/a> Estrella de la Ma\u00f1ana, 1 de abril de 1976<\/p>\n<p><a href=\"#_ftnref3\" name=\"_ftn3\">[3]<\/a> Estrella de la Ma\u00f1ana, 6 de abril de 1976.<\/p>\n<p><a href=\"#_ftnref4\" name=\"_ftn4\">[4]<\/a> Estrella de la Ma\u00f1ana, 7 de abril de 1976<\/p>\n<p><a href=\"#_ftnref5\" name=\"_ftn5\">[5]<\/a> Testimonio de Jos\u00e9 Antonio Ramaciotti, Archivo del Museo Hist\u00f3rico Municipal El\u00edas Bertola<\/p>\n<p><a href=\"#_ftnref6\" name=\"_ftn6\">[6]<\/a> Anuario Estrella de la Ma\u00f1ana, Diciembre de 1978. Rese\u00f1a Hist\u00f3rica a cargo de Eduardo Navarro.<\/p>\n","protected":false},"excerpt":{"rendered":"<p>CUANDO EL OBISPO METI\u00d3 PRESO A ATILA JARTTI \u00a0Jos\u00e9 Antonio Ramacciotti es director y fundador del Diario Estrella de la Ma\u00f1ana, un peri\u00f3dico nacido el 4 de octubre de 1957. La familia Ramacciotti ven\u00eda de un origen ferroviario, peronista y hab\u00edan sido tambi\u00e9n los iniciadores del Eco de Iriondo, otro matutino que sali\u00f3 regularmente durante <a href=\"https:\/\/armstrongyregion.com.ar\/diario\/en-nunca-mas-canadense-aca-tambien-paso-por-pablo-di-tomaso\/\" title=\"Read more\" >&#8230;<\/a><\/p>\n","protected":false},"author":1,"featured_media":14346,"comment_status":"open","ping_status":"open","sticky":false,"template":"","format":"standard","meta":{"_jetpack_memberships_contains_paid_content":false,"footnotes":"","jetpack_publicize_message":"","jetpack_publicize_feature_enabled":true,"jetpack_social_post_already_shared":false,"jetpack_social_options":{"image_generator_settings":{"template":"highway","default_image_id":0,"enabled":false},"version":2}},"categories":[8,1,2,7,3],"tags":[5860],"class_list":["post-14345","post","type-post","status-publish","format-standard","has-post-thumbnail","hentry","category-deliberando","category-diario-armstrong","category-locales","category-politica","category-region","tag-en-nunca-mas-canadense-aca-tambien-paso-por-pablo-di-tomaso"],"jetpack_publicize_connections":[],"jetpack_featured_media_url":"https:\/\/armstrongyregion.com.ar\/diario\/wp-content\/uploads\/2017\/09\/Inauguraci\u00f3n-Local-Revista-Estrella-Calle-Lavalle-4-10-1961.jpg","jetpack_shortlink":"https:\/\/wp.me\/p62QDO-3Jn","jetpack_sharing_enabled":true,"amp_enabled":true,"_links":{"self":[{"href":"https:\/\/armstrongyregion.com.ar\/diario\/wp-json\/wp\/v2\/posts\/14345","targetHints":{"allow":["GET"]}}],"collection":[{"href":"https:\/\/armstrongyregion.com.ar\/diario\/wp-json\/wp\/v2\/posts"}],"about":[{"href":"https:\/\/armstrongyregion.com.ar\/diario\/wp-json\/wp\/v2\/types\/post"}],"author":[{"embeddable":true,"href":"https:\/\/armstrongyregion.com.ar\/diario\/wp-json\/wp\/v2\/users\/1"}],"replies":[{"embeddable":true,"href":"https:\/\/armstrongyregion.com.ar\/diario\/wp-json\/wp\/v2\/comments?post=14345"}],"version-history":[{"count":0,"href":"https:\/\/armstrongyregion.com.ar\/diario\/wp-json\/wp\/v2\/posts\/14345\/revisions"}],"wp:featuredmedia":[{"embeddable":true,"href":"https:\/\/armstrongyregion.com.ar\/diario\/wp-json\/wp\/v2\/media\/14346"}],"wp:attachment":[{"href":"https:\/\/armstrongyregion.com.ar\/diario\/wp-json\/wp\/v2\/media?parent=14345"}],"wp:term":[{"taxonomy":"category","embeddable":true,"href":"https:\/\/armstrongyregion.com.ar\/diario\/wp-json\/wp\/v2\/categories?post=14345"},{"taxonomy":"post_tag","embeddable":true,"href":"https:\/\/armstrongyregion.com.ar\/diario\/wp-json\/wp\/v2\/tags?post=14345"}],"curies":[{"name":"wp","href":"https:\/\/api.w.org\/{rel}","templated":true}]}}