{"id":14334,"date":"2017-09-01T11:07:21","date_gmt":"2017-09-01T11:07:21","guid":{"rendered":"https:\/\/armstrongyregion.com.ar\/diario\/?p=14334"},"modified":"2017-09-01T11:07:21","modified_gmt":"2017-09-01T11:07:21","slug":"la-provincia-ira-a-la-justicia-por-el-ataque-troll","status":"publish","type":"post","link":"https:\/\/armstrongyregion.com.ar\/diario\/la-provincia-ira-a-la-justicia-por-el-ataque-troll\/","title":{"rendered":"La provincia ir\u00e1 a la justicia por el ataque troll."},"content":{"rendered":"<h1 class=\"entry-single-title\"><a href=\"http:\/\/armstrongyregion.com.ar\/diario\/wp-content\/uploads\/2017\/09\/balague_jpg_1572130063.jpg_1305449671.jpg\"><img loading=\"lazy\" decoding=\"async\" class=\"alignnone size-medium wp-image-14335\" src=\"http:\/\/armstrongyregion.com.ar\/diario\/wp-content\/uploads\/2017\/09\/balague_jpg_1572130063.jpg_1305449671-300x169.jpg\" alt=\"balague_jpg_1572130063.jpg_1305449671\" width=\"300\" height=\"169\" srcset=\"https:\/\/armstrongyregion.com.ar\/diario\/wp-content\/uploads\/2017\/09\/balague_jpg_1572130063.jpg_1305449671-300x169.jpg 300w, https:\/\/armstrongyregion.com.ar\/diario\/wp-content\/uploads\/2017\/09\/balague_jpg_1572130063.jpg_1305449671.jpg 847w\" sizes=\"auto, (max-width: 300px) 100vw, 300px\" \/><\/a>La ministra de Educaci\u00f3n, Claudia Balagu\u00e9, neg\u00f3 haber ordenado\u00a0que se tomara asistencia por Santiago Maldonado en las escuelas como buscaron instalar varias cuentas de usuarios no identificables. \u00abEl\u00a0objetivo fue desprestigiar al gobierno de Santa Fe\u00bb, asegur\u00f3 la funcionaria en di\u00e1logo con El Tres.<\/h1>\n<p>La ministra de Educaci\u00f3n de la provincia, Claudia Balagu\u00e9, se refiri\u00f3 al ataque en redes sociales perpetrado desde cuentas identificadas como trolls por el gobierno provincial en relaci\u00f3n al tratamiento de la desaparici\u00f3n de Santiago Maldonado en escuelas p\u00fablicas. La titular de la cartera educativa confirm\u00f3 que se har\u00e1 una denuncia en la justicia por el tema.<\/p>\n<p>En di\u00e1logo con el programa<em>\u00a0Telenoche<\/em>\u00a0(El Tres), la funcionaria socialista sostuvo que \u201cel nivel de violencia es muy llamativo\u201d y asegur\u00f3 que \u201cse han identificado unas 20 cuentas de distintas ciudades, ninguna de Santa Fe, retuiteando un mensaje falso\u201d.<\/p>\n<p>Tal como anticip\u00f3<em><strong>\u00a0Rosario3.com<\/strong><\/em><a href=\"https:\/\/www.rosario3.com\/noticias\/La-provincia-denuncio-ataque-troll-por-el-caso-Santiago-Maldonado-20170831-0045.html\" target=\"_blank\">\u00a0las cuentas de usuarios no identificables<\/a>\u00a0buscaron instalar que la ministra Balagu\u00e9 orden\u00f3 que se tomara asistencia por Santiago Maldonado en las primarias de la provincia, algo que la propia funcionaria neg\u00f3.<\/p>\n<p>\u201cEn la provincia no hemos tenido ning\u00fan inconveniente (con el tratamiento del tema en las escuelas)\u201d, dijo la ministra y asegur\u00f3 que el accionar de los trolls \u201ctiene el claro objetivo de desprestigiar al gobierno de Santa Fe a trav\u00e9s de mi persona\u201d.<\/p>\n<p>Balagu\u00e9 a\u00f1adi\u00f3 que la provincia har\u00e1 \u201cuna denuncia en la justicia\u201d para que \u201cnadie m\u00e1s sufra estas agresiones\u201d.<\/p>\n<p>Por otra parte dijo que Argentina atraviesa \u201cun momento de violencia que no queremos en Santa Fe\u201d y manifest\u00f3 que el gobierno provincial quiere trabajar el tema de los derechos humanos con seriedad.<\/p>\n<p>\u201cTenemos que trabajar con mucha seriedad un tema tan delicado como los derechos humanos, los docentes est\u00e1n formados y pueden debatir el tema\u201d, asever\u00f3 la funcionaria en di\u00e1logo con el periodista Alberto Lotuf.<\/p>\n<p>Rosario3.com<\/p>\n<h1 class=\"entry-single-title\"><\/h1>\n<div class=\"entry-single-bar clearfix\"><\/div>\n","protected":false},"excerpt":{"rendered":"<p>La ministra de Educaci\u00f3n, Claudia Balagu\u00e9, neg\u00f3 haber ordenado\u00a0que se tomara asistencia por Santiago Maldonado en las escuelas como buscaron instalar varias cuentas de usuarios no identificables. \u00abEl\u00a0objetivo fue desprestigiar al gobierno de Santa Fe\u00bb, asegur\u00f3 la funcionaria en di\u00e1logo con El Tres. La ministra de Educaci\u00f3n de la provincia, Claudia Balagu\u00e9, se refiri\u00f3 al <a href=\"https:\/\/armstrongyregion.com.ar\/diario\/la-provincia-ira-a-la-justicia-por-el-ataque-troll\/\" title=\"Read more\" >&#8230;<\/a><\/p>\n","protected":false},"author":1,"featured_media":14335,"comment_status":"open","ping_status":"open","sticky":false,"template":"","format":"standard","meta":{"_jetpack_memberships_contains_paid_content":false,"footnotes":"","jetpack_publicize_message":"","jetpack_publicize_feature_enabled":true,"jetpack_social_post_already_shared":false,"jetpack_social_options":{"image_generator_settings":{"template":"highway","default_image_id":0,"enabled":false},"version":2}},"categories":[6,8,1,2,3],"tags":[5856],"class_list":["post-14334","post","type-post","status-publish","format-standard","has-post-thumbnail","hentry","category-cultura-entretenimiento","category-deliberando","category-diario-armstrong","category-locales","category-region","tag-la-provincia-ira-a-la-justicia-por-el-ataque-troll"],"jetpack_publicize_connections":[],"jetpack_featured_media_url":"https:\/\/armstrongyregion.com.ar\/diario\/wp-content\/uploads\/2017\/09\/balague_jpg_1572130063.jpg_1305449671.jpg","jetpack_shortlink":"https:\/\/wp.me\/p62QDO-3Jc","jetpack_sharing_enabled":true,"amp_enabled":true,"_links":{"self":[{"href":"https:\/\/armstrongyregion.com.ar\/diario\/wp-json\/wp\/v2\/posts\/14334","targetHints":{"allow":["GET"]}}],"collection":[{"href":"https:\/\/armstrongyregion.com.ar\/diario\/wp-json\/wp\/v2\/posts"}],"about":[{"href":"https:\/\/armstrongyregion.com.ar\/diario\/wp-json\/wp\/v2\/types\/post"}],"author":[{"embeddable":true,"href":"https:\/\/armstrongyregion.com.ar\/diario\/wp-json\/wp\/v2\/users\/1"}],"replies":[{"embeddable":true,"href":"https:\/\/armstrongyregion.com.ar\/diario\/wp-json\/wp\/v2\/comments?post=14334"}],"version-history":[{"count":0,"href":"https:\/\/armstrongyregion.com.ar\/diario\/wp-json\/wp\/v2\/posts\/14334\/revisions"}],"wp:featuredmedia":[{"embeddable":true,"href":"https:\/\/armstrongyregion.com.ar\/diario\/wp-json\/wp\/v2\/media\/14335"}],"wp:attachment":[{"href":"https:\/\/armstrongyregion.com.ar\/diario\/wp-json\/wp\/v2\/media?parent=14334"}],"wp:term":[{"taxonomy":"category","embeddable":true,"href":"https:\/\/armstrongyregion.com.ar\/diario\/wp-json\/wp\/v2\/categories?post=14334"},{"taxonomy":"post_tag","embeddable":true,"href":"https:\/\/armstrongyregion.com.ar\/diario\/wp-json\/wp\/v2\/tags?post=14334"}],"curies":[{"name":"wp","href":"https:\/\/api.w.org\/{rel}","templated":true}]}}