{"id":14327,"date":"2017-08-31T15:05:00","date_gmt":"2017-08-31T15:05:00","guid":{"rendered":"https:\/\/armstrongyregion.com.ar\/diario\/?p=14327"},"modified":"2017-08-31T15:05:00","modified_gmt":"2017-08-31T15:05:00","slug":"armstrong-capacitacion-en-atencion-al-publico","status":"publish","type":"post","link":"https:\/\/armstrongyregion.com.ar\/diario\/armstrong-capacitacion-en-atencion-al-publico\/","title":{"rendered":"Armstrong. Capacitaci\u00f3n en \u201cAtenci\u00f3n al P\u00fablico\u201d."},"content":{"rendered":"<p><a href=\"http:\/\/armstrongyregion.com.ar\/diario\/wp-content\/uploads\/2017\/08\/Curso-atencion-al-publico.jpeg\"><img loading=\"lazy\" decoding=\"async\" class=\"alignnone size-medium wp-image-14329\" src=\"http:\/\/armstrongyregion.com.ar\/diario\/wp-content\/uploads\/2017\/08\/Curso-atencion-al-publico-300x214.jpeg\" alt=\"Curso atencion al publico\" width=\"300\" height=\"214\" srcset=\"https:\/\/armstrongyregion.com.ar\/diario\/wp-content\/uploads\/2017\/08\/Curso-atencion-al-publico-300x214.jpeg 300w, https:\/\/armstrongyregion.com.ar\/diario\/wp-content\/uploads\/2017\/08\/Curso-atencion-al-publico.jpeg 768w\" sizes=\"auto, (max-width: 300px) 100vw, 300px\" \/><\/a>La Municipalidad de Armstrong invita a participar del curso \u201cComunicaci\u00f3n para una efectiva atenci\u00f3n al p\u00fablico\u201d que iniciar\u00eda el d\u00eda lunes 4 de septiembre a las 13:30 hs en el sal\u00f3n Delmo Dar\u00f3.<\/p>\n<p>Este curso contara con dos encuentros a realizarse los d\u00edas lunes 4 de septiembre y 11 de septiembre con una duraci\u00f3n de tres horas la clase y est\u00e1 destinado en particular a todas aquellas personas que se desempe\u00f1en en las \u00e1reas de ventas, atenci\u00f3n al p\u00fablico, relaciones p\u00fablicas, comerciales y de administraci\u00f3n de Pymes, emprendimientos, comercios e instituciones p\u00fablicas o privadas y en general a todo p\u00fablico.<\/p>\n<p>La Metodolog\u00eda de trabajo ser\u00e1 la siguiente: el curso se desarrollar\u00e1 con un predominio de la metodolog\u00eda vivencial, los participantes tendr\u00e1n la oportunidad de experimentar con sus propias conductas en interacci\u00f3n con el grupo.<\/p>\n<p>Temas a tratar:<\/p>\n<p>\u2022Reconocimiento de la importancia del Rol que ocupa la Atenci\u00f3n al P\u00fablico. Dificultades y desaf\u00edos presentados.<\/p>\n<p>\u2022Concientizaci\u00f3n sobre las formas de hacer y vincularnos en la cotidianeidad del trabajo.<\/p>\n<p>\u2022Zona de Confort. Creaci\u00f3n de nuevas estrategias y formas de vinculaci\u00f3n en la atenci\u00f3n al p\u00fablico.<\/p>\n<p>\u2022Tipo de clientes\/ p\u00fablico.<\/p>\n<p>\u2022T\u00e9cnicas y herramientas para la resoluci\u00f3n efectiva de objeciones y conflictos.<\/p>\n<p>\u2022Atenci\u00f3n flotante y conducci\u00f3n inducida de di\u00e1logos.<\/p>\n<p>\u2022Motivaci\u00f3n y liderazgo.<\/p>\n","protected":false},"excerpt":{"rendered":"<p>La Municipalidad de Armstrong invita a participar del curso \u201cComunicaci\u00f3n para una efectiva atenci\u00f3n al p\u00fablico\u201d que iniciar\u00eda el d\u00eda lunes 4 de septiembre a las 13:30 hs en el sal\u00f3n Delmo Dar\u00f3. Este curso contara con dos encuentros a realizarse los d\u00edas lunes 4 de septiembre y 11 de septiembre con una duraci\u00f3n de <a href=\"https:\/\/armstrongyregion.com.ar\/diario\/armstrong-capacitacion-en-atencion-al-publico\/\" title=\"Read more\" >&#8230;<\/a><\/p>\n","protected":false},"author":1,"featured_media":14329,"comment_status":"open","ping_status":"open","sticky":false,"template":"","format":"standard","meta":{"_jetpack_memberships_contains_paid_content":false,"footnotes":"","jetpack_publicize_message":"","jetpack_publicize_feature_enabled":true,"jetpack_social_post_already_shared":false,"jetpack_social_options":{"image_generator_settings":{"template":"highway","default_image_id":0,"enabled":false},"version":2}},"categories":[6,8,1,2,7],"tags":[5855],"class_list":["post-14327","post","type-post","status-publish","format-standard","has-post-thumbnail","hentry","category-cultura-entretenimiento","category-deliberando","category-diario-armstrong","category-locales","category-politica","tag-armstrong-capacitacion-en-atencion-al-publico"],"jetpack_publicize_connections":[],"jetpack_featured_media_url":"https:\/\/armstrongyregion.com.ar\/diario\/wp-content\/uploads\/2017\/08\/Curso-atencion-al-publico.jpeg","jetpack_shortlink":"https:\/\/wp.me\/p62QDO-3J5","jetpack_sharing_enabled":true,"amp_enabled":true,"_links":{"self":[{"href":"https:\/\/armstrongyregion.com.ar\/diario\/wp-json\/wp\/v2\/posts\/14327","targetHints":{"allow":["GET"]}}],"collection":[{"href":"https:\/\/armstrongyregion.com.ar\/diario\/wp-json\/wp\/v2\/posts"}],"about":[{"href":"https:\/\/armstrongyregion.com.ar\/diario\/wp-json\/wp\/v2\/types\/post"}],"author":[{"embeddable":true,"href":"https:\/\/armstrongyregion.com.ar\/diario\/wp-json\/wp\/v2\/users\/1"}],"replies":[{"embeddable":true,"href":"https:\/\/armstrongyregion.com.ar\/diario\/wp-json\/wp\/v2\/comments?post=14327"}],"version-history":[{"count":0,"href":"https:\/\/armstrongyregion.com.ar\/diario\/wp-json\/wp\/v2\/posts\/14327\/revisions"}],"wp:featuredmedia":[{"embeddable":true,"href":"https:\/\/armstrongyregion.com.ar\/diario\/wp-json\/wp\/v2\/media\/14329"}],"wp:attachment":[{"href":"https:\/\/armstrongyregion.com.ar\/diario\/wp-json\/wp\/v2\/media?parent=14327"}],"wp:term":[{"taxonomy":"category","embeddable":true,"href":"https:\/\/armstrongyregion.com.ar\/diario\/wp-json\/wp\/v2\/categories?post=14327"},{"taxonomy":"post_tag","embeddable":true,"href":"https:\/\/armstrongyregion.com.ar\/diario\/wp-json\/wp\/v2\/tags?post=14327"}],"curies":[{"name":"wp","href":"https:\/\/api.w.org\/{rel}","templated":true}]}}