{"id":14324,"date":"2017-08-31T14:53:25","date_gmt":"2017-08-31T14:53:25","guid":{"rendered":"https:\/\/armstrongyregion.com.ar\/diario\/?p=14324"},"modified":"2017-08-31T14:53:25","modified_gmt":"2017-08-31T14:53:25","slug":"una-obra-mas-para-montes-de-oca-se-licita-el-alteo-de-la-28-s","status":"publish","type":"post","link":"https:\/\/armstrongyregion.com.ar\/diario\/una-obra-mas-para-montes-de-oca-se-licita-el-alteo-de-la-28-s\/","title":{"rendered":"Una obra m\u00e1s para Montes de Oca: Se licita el alteo de la 28 S."},"content":{"rendered":"<p><a href=\"http:\/\/armstrongyregion.com.ar\/diario\/wp-content\/uploads\/2017\/08\/Miguelito..jpg\"><img loading=\"lazy\" decoding=\"async\" class=\"alignnone size-medium wp-image-14325\" src=\"http:\/\/armstrongyregion.com.ar\/diario\/wp-content\/uploads\/2017\/08\/Miguelito.-300x225.jpg\" alt=\"Miguelito.\" width=\"300\" height=\"225\" srcset=\"https:\/\/armstrongyregion.com.ar\/diario\/wp-content\/uploads\/2017\/08\/Miguelito.-300x225.jpg 300w, https:\/\/armstrongyregion.com.ar\/diario\/wp-content\/uploads\/2017\/08\/Miguelito..jpg 768w\" sizes=\"auto, (max-width: 300px) 100vw, 300px\" \/><\/a><em>Fue anunciada en la comuna la licitaci\u00f3n p\u00fablica para la concreci\u00f3n de una obra muy \u00a0necesaria para la comunidad, como es el alteo sobre la ruta provincial 28 S y los trabajos de protecci\u00f3n complementarias.<\/em><\/p>\n<p>Con visible satisfacci\u00f3n, la noticia fue anunciada ante los medios locales, por el Presidente Comunal, Dr. Leandro Dietschi, acompa\u00f1ado por el diputado provincial, Miguel Solis y el asesor legal y t\u00e9cnico de la DPV, Dr. Claudio Recanatesi, confirmando oficialmente la correspondiente apertura de sobres para el 3 de octubre pr\u00f3ximo a las 11 hs. en el Club Atl\u00e9tico Montes de Oca.<\/p>\n<p>En su recorrido la RPS 28\u00a0entre los Kms. 9 y 15.4 de la traza, atraviesa una zona naturalmente baja,\u00a0que en per\u00edodos de lluvias importantes, ocasiona el corte de la calzada como consecuencia del almacenamiento de los excesos h\u00eddricos pluviales. El alteo en su punto m\u00e1s elevado va a estar en los 1,62 mts. A su vez, el proyecto contempla la\u00a0construcci\u00f3n de taludes, guarda\u00a0rails y banquinas, protecci\u00f3n de barrancas y postes de alumbrado p\u00fablico del Canal Los troncos.<\/p>\n<p>El Presupuesto Oficial de la obra es de\u00a0$\u00a0130.521.644,09 siendo una de las obras de relevancia para el Departamento Belgrano y forma parte del plan vial m\u00e1s importante de la historia de la Provincia de Santa Fe.<\/p>\n","protected":false},"excerpt":{"rendered":"<p>Fue anunciada en la comuna la licitaci\u00f3n p\u00fablica para la concreci\u00f3n de una obra muy \u00a0necesaria para la comunidad, como es el alteo sobre la ruta provincial 28 S y los trabajos de protecci\u00f3n complementarias. Con visible satisfacci\u00f3n, la noticia fue anunciada ante los medios locales, por el Presidente Comunal, Dr. Leandro Dietschi, acompa\u00f1ado por <a href=\"https:\/\/armstrongyregion.com.ar\/diario\/una-obra-mas-para-montes-de-oca-se-licita-el-alteo-de-la-28-s\/\" title=\"Read more\" >&#8230;<\/a><\/p>\n","protected":false},"author":1,"featured_media":14325,"comment_status":"open","ping_status":"open","sticky":false,"template":"","format":"standard","meta":{"_jetpack_memberships_contains_paid_content":false,"footnotes":"","jetpack_publicize_message":"","jetpack_publicize_feature_enabled":true,"jetpack_social_post_already_shared":false,"jetpack_social_options":{"image_generator_settings":{"template":"highway","default_image_id":0,"enabled":false},"version":2}},"categories":[8,1,7,3],"tags":[5854],"class_list":["post-14324","post","type-post","status-publish","format-standard","has-post-thumbnail","hentry","category-deliberando","category-diario-armstrong","category-politica","category-region","tag-una-obra-mas-para-montes-de-oca-se-licita-el-alteo-de-la-28-s"],"jetpack_publicize_connections":[],"jetpack_featured_media_url":"https:\/\/armstrongyregion.com.ar\/diario\/wp-content\/uploads\/2017\/08\/Miguelito..jpg","jetpack_shortlink":"https:\/\/wp.me\/p62QDO-3J2","jetpack_sharing_enabled":true,"amp_enabled":true,"_links":{"self":[{"href":"https:\/\/armstrongyregion.com.ar\/diario\/wp-json\/wp\/v2\/posts\/14324","targetHints":{"allow":["GET"]}}],"collection":[{"href":"https:\/\/armstrongyregion.com.ar\/diario\/wp-json\/wp\/v2\/posts"}],"about":[{"href":"https:\/\/armstrongyregion.com.ar\/diario\/wp-json\/wp\/v2\/types\/post"}],"author":[{"embeddable":true,"href":"https:\/\/armstrongyregion.com.ar\/diario\/wp-json\/wp\/v2\/users\/1"}],"replies":[{"embeddable":true,"href":"https:\/\/armstrongyregion.com.ar\/diario\/wp-json\/wp\/v2\/comments?post=14324"}],"version-history":[{"count":0,"href":"https:\/\/armstrongyregion.com.ar\/diario\/wp-json\/wp\/v2\/posts\/14324\/revisions"}],"wp:featuredmedia":[{"embeddable":true,"href":"https:\/\/armstrongyregion.com.ar\/diario\/wp-json\/wp\/v2\/media\/14325"}],"wp:attachment":[{"href":"https:\/\/armstrongyregion.com.ar\/diario\/wp-json\/wp\/v2\/media?parent=14324"}],"wp:term":[{"taxonomy":"category","embeddable":true,"href":"https:\/\/armstrongyregion.com.ar\/diario\/wp-json\/wp\/v2\/categories?post=14324"},{"taxonomy":"post_tag","embeddable":true,"href":"https:\/\/armstrongyregion.com.ar\/diario\/wp-json\/wp\/v2\/tags?post=14324"}],"curies":[{"name":"wp","href":"https:\/\/api.w.org\/{rel}","templated":true}]}}