{"id":1432,"date":"2015-03-25T16:29:57","date_gmt":"2015-03-25T16:29:57","guid":{"rendered":"https:\/\/armstrongyregion.com.ar\/diario\/?p=1432"},"modified":"2015-03-25T16:29:57","modified_gmt":"2015-03-25T16:29:57","slug":"diego-mansilla-dio-inicio-de-sesiones-ordinarias-del-concejo","status":"publish","type":"post","link":"https:\/\/armstrongyregion.com.ar\/diario\/diego-mansilla-dio-inicio-de-sesiones-ordinarias-del-concejo\/","title":{"rendered":"Diego Mansilla dio inicio de sesiones ordinarias del concejo."},"content":{"rendered":"<p><a href=\"http:\/\/armstrongyregion.com.ar\/diario\/wp-content\/uploads\/2015\/03\/diego-concejo-2015-3.jpg\"><img loading=\"lazy\" decoding=\"async\" class=\"alignnone size-medium wp-image-1433\" src=\"http:\/\/armstrongyregion.com.ar\/diario\/wp-content\/uploads\/2015\/03\/diego-concejo-2015-3-300x168.jpg\" alt=\"diego concejo 2015    3\" width=\"300\" height=\"168\" srcset=\"https:\/\/armstrongyregion.com.ar\/diario\/wp-content\/uploads\/2015\/03\/diego-concejo-2015-3-300x168.jpg 300w, https:\/\/armstrongyregion.com.ar\/diario\/wp-content\/uploads\/2015\/03\/diego-concejo-2015-3.jpg 768w\" sizes=\"auto, (max-width: 300px) 100vw, 300px\" \/><\/a>El pasado martes 10 de marzo el Intendente Municipal Diego Mart\u00edn Mansilla llev\u00f3 a cabo la apertura de las sesiones ordinarias del Concejo Municipal.<br \/>\nEl acto comenz\u00f3 con las palabras de bienvenida del Presidente del Concejo Municipal Horacio Compagnucci y seguidamente Mansilla realiz\u00f3 un repaso de la gesti\u00f3n que inici\u00f3 Bocha Mansilla en el a\u00f1o 2003.<br \/>\nEn su discurso, el Intendente destac\u00f3 que este proyecto ha logrado un desarrollo en distintos niveles para la ciudad de Las Parejas, que marcan el futuro de la comunidad. Indic\u00f3 que el presupuesto municipal ha crecido en un 1479% y que el municipio actualmente no tiene deudas, que cumple con sus obligaciones en tiempo y forma; haciendo hincapi\u00e9 en obras p\u00fablicas y detallando primero todo lo que se realiz\u00f3 durante la gestion de Bocha: 27 km de cord\u00f3n cuneta, 42.000m2 de pavimento, 2000 luminarias, revalorizaci\u00f3n de los barrios, remodelaci\u00f3n y recuperaci\u00f3n de todas las plazas y del parque municipal, Nueva Avda 21, 2 carreras terciarias, la nueva escuela t\u00e9cnica, la generaci\u00f3n de un nuevo hospital, 2 nuevos centros de salud, formaci\u00f3n del EMI, la 1er etapa del programa de aires acondicionados en las escuelas, 1 barrio de viviendas y 2 loteos municipales, un municipio activo en pol\u00edticas industriales, 2 ampliaciones del \u00e1rea industrial, donaci\u00f3n del terreno para CIDETER, 50 micro emprendimientos, el funcionamiento de la oficina de empleo, la creaci\u00f3n del sistema de c\u00e1maras de seguridad, el programa de prevenci\u00f3n en drogadicci\u00f3n, la casa del estudiante, la compra del terreno para la pprsu, la firma del convenio para la \u00b4puesta en marcha del frigor\u00edfico -que el pr\u00f3ximo 30 de marzo ser\u00e1 inaugurado- y la importancia que ha tomado la Muestra Pyme durante todos estos a\u00f1os con un fuerte acompa\u00f1amiento del Gobierno Nacional y todos sus Ministerios.<br \/>\nSeguidamente, el Intendente resalt\u00f3: \u201c\u2026luego del fallecimiento de Bocha, no nos detuvimos, continuamos con el Plan de TIERRA CERO en la ciudad: hoy no queda una calle de tierra en Las Parejas. Ampliaci\u00f3n del SISTEMA DE CAMARAS, COLONIA DE VACACIONES PARA TODOS, culminaci\u00f3n de la nueva AVDA 21, trajimos la ADUANA, el BANCO NACION, LA UNIVERSIDAD, la TV Digital, gestionamos el CIC, comenzamos con la ejecuci\u00f3n del Proyecto de la PPRSU, generamos CULTURA PARA TODOS Y CINE PARA TODOS, la 2da Etapa de AIRES ACONDICIONADOS en las escuelas, la NUEVA CASA DEL ESTUDIANTE, la ESTACION METEOROLOGICA, la CASA DEL BICENTENARIO, COMPRAMOS 9 has para un NUEVO BARRIO, la gesti\u00f3n del TERRENO entre AAC Y la UOM, la colaboraci\u00f3n permanente con todas las INSTITUCIONES de la localidad, el PROCREAR con aporte de Las Parejas, ANSES, EQUIPAMIENTO RECORD PARA MAESTRANZA, FABRICAS A PUERTAS ABIERTAS, el Programa Municipal de SALUD PARA NI\u00d1OS, la DIVERSIFICACION DE NUESTRA PRODUCCION, MAS CORDON CUNETA E ILUMINACION EN LOS BARRIOS, CANALIZACIONES, GENDARMERIA, el NAC, la REPAVIMENTACION DE LA RUTA 178 y la ORQUESTA SINFONICA.\u201d<br \/>\nDetall\u00f3 adem\u00e1s cada una de las realizaciones llevas a cabo durante el 2014, entre ellas:<br \/>\n&#8211; los primeros cursos terminados en el NAC y la capacitaci\u00f3n en oficios no tradicionales;<br \/>\n&#8211; el Plan de mejoramiento del \u00c1rea Industrial, destacando que se llev\u00f3 adelante casi la totalidad del Cord\u00f3n cuneta y mejorado en el \u00c1rea Oeste y se instalaron m\u00e1s de 40 nuevas luminarias adem\u00e1s de la limpieza de espacios verdes y el Plan de forestaci\u00f3n, las canalizaciones y desag\u00fces, la Culminaci\u00f3n del Proyecto de Ampliaci\u00f3n de la Red de Gas Natural, la adquisici\u00f3n de un Nuevo Transformador y la Confecci\u00f3n del Proyecto de Cloacas.<br \/>\n&#8211; El desarrollo de un Plan de Contingencia y un Plan de traslados.<br \/>\n&#8211; En materia de Obras P\u00fablicas en el \u00e1rea urbana: cord\u00f3n cuneta y mejorado en Avda 21 entre calle 4 y diagonal, cord\u00f3n cuneta y mejorado en calle 6 entre 17 y 11, m\u00e1s badenes y desag\u00fces en todo ese sector, repavimentaci\u00f3n a nueva de calle 22 entre 13 y 15 y de calle 22 entre 17 y 19, calle 19 entre 20 y 22, finalizaci\u00f3n de cord\u00f3n cuneta mejorado e iluminaci\u00f3n en Barrio Bocha Mansilla, nuevo BV de calle 16 entre 9 y 5, nuevo BV de diagonal 2, nuevo BV de calle 18, repavimentaci\u00f3n de calle 11 y de calle 28, en Avda 21 entre 22 y 24, repavimentaci\u00f3n frente a la Terminal, mejorado y servicios en el ULTIMO LOTEO MUNICIPAL (donde destac\u00f3 el incumplimiento de la Provincia en esta materia), y Operativos de Bacheo.<br \/>\n&#8211; La gesti\u00f3n y entrega de 15 NUEVOS MICROEMPRENDIMIENTOS.<br \/>\n&#8211; PROCREAR: casi 200 cr\u00e9ditos otorgados a ciudadanos parejenses en las distintas l\u00edneas.<br \/>\n&#8211; Planta Procesadora de Residuos: Tramitaci\u00f3n y consultas en medio ambiente. Definici\u00f3n de procesos y gesti\u00f3n de Permisos. Compra de materiales. Inicio de obra y culminaci\u00f3n estimada en julio 2015.<br \/>\n&#8211; Trabajos de remodelaci\u00f3n en todos los Centros Municipales de salud. Inauguraci\u00f3n del Nuevo Centro de Salud SalBor y del Centro Oftalmol\u00f3gico Municipal.<br \/>\n&#8211; Programa de Prevenci\u00f3n en Adicciones. Trabajo de todo el a\u00f1o&#8230; Nuevo proyecto CePla.<br \/>\n&#8211; Trabajo junto a Anses en Operativos de atenci\u00f3n, Progresar, Procrear. Oficina de empleo junto a NAC, Cecla y Centro de Formaci\u00f3n de la UOM y operativos para la tramitaci\u00f3n de DNI.<br \/>\n&#8211; Nueva Edici\u00f3n de Juegos Interbarriales con la participaci\u00f3n de m\u00e1s de 500 ni\u00f1os y Viaje a Bs As el cual lleva a cabo a\u00f1o tras a\u00f1o.<br \/>\n&#8211; Casa del Bicentenario: el espacio cultural m\u00e1s importante de la ciudad para todos con M\u00fasica, teatro, actos, conferencias, capacitaciones, cine, entre otras tantas actividades.<br \/>\n&#8211; Nuevo a\u00f1o de la Casa del Estudiante.<br \/>\n&#8211; Aporte a BOMBEROS por $263.000 para un Nuevo Cami\u00f3n.<br \/>\n&#8211; Gestiones ante el Gobierno Nacional en distintas \u00e1reas: desarrollo social, planificaci\u00f3n, comercio exterior, industria, ciencia y tecnolog\u00eda, transporte, interior, educaci\u00f3n, cultura, etc.<br \/>\n&#8211; Nuevo a\u00f1o de LAS PAREJAS CAMINA.<br \/>\n&#8211; Nuevas luminarias en calle 11 bis entre 26 y 28, calle 6 entre 21 y 27, en calle 13 bis entre 28 y 30, en calle 28 entre 13 y 17. Calle 8 entre 21 y 27, calle 26 entre 17 y 11, calle 6 entre 17 y 11, calle 4 entre 23 y 27.<br \/>\n&#8211; Nuevo a\u00f1o de Casa de la Cultura con m\u00e1s de 1400 alumnos y 40 cursos que se desarrollaran en un espacio lleno de aprendizaje.<br \/>\n&#8211; Programa Municipal \u201cColonia de Vacaciones para Todos\u201d en los clubes de la ciudad.<br \/>\n&#8211; Programa de Educaci\u00f3n Vial en las escuelas de la ciudad.<br \/>\n&#8211; Aporte de \u00datiles, guardapolvos, libros, AULAS DIGITALES a todos los establecimientos educativos.<br \/>\n&#8211; Primera Marat\u00f3n en Las Parejas.<br \/>\n&#8211; Obras de desag\u00fces en varios sectores de la ciudad.<br \/>\n&#8211; FACULTAD DE INGENIERIA EN LAS PAREJAS.<br \/>\n&#8211; Conformaci\u00f3n del Grupo de Trabajo con los Productores Agropecuarios y la adquisici\u00f3n de una Nueva Motoniveladora.<br \/>\n&#8211; 2da etapa del Programa de Salud para Ni\u00f1os.<br \/>\n&#8211; Inicio de Construcci\u00f3n del CIC.<br \/>\n&#8211; Nueva edici\u00f3n de Fabricas a puertas abiertas, programa de empleo y capacitaci\u00f3n, etc<br \/>\n&#8211; Eventos varios para la familia como el viaje a la feria del libro, el viaje por los juegos interbarriales y por el d\u00eda del estudiante, la fiesta de los trabajadores, la celebraci\u00f3n del D\u00eda del Ni\u00f1o, etc.<br \/>\n&#8211; BANCO NACION el cual ya se encuentra en proceso licitatorio y comienzo de obra.<br \/>\n&#8211; ADUANA: importante nivel de operaciones con 20 empresas de la regi\u00f3n exportando sus productos, con m\u00e1s de 20 millones de pesos en exportaciones en el 2014.<br \/>\n&#8211; Jornada de Canciller\u00eda en la ciudad para apuntalar el proceso de Internacionalizaci\u00f3n de empresas. Misi\u00f3n a Rusia.<br \/>\n&#8211; Gestiones varias para empresas en distintos organismos y ministerios con la Participaci\u00f3n en distintas Ferias Nacionales.<br \/>\n&#8211; Nueva edici\u00f3n de la MUESTRA NACIONAL AGROINDUSTRIAL en pleno crecimiento en forma permanente.<br \/>\n&#8211; Cultura para Todos con records de participantes: m\u00e1s de 80 artesanos.<br \/>\n&#8211; Orquesta Sinf\u00f3nica Municipal con la participaci\u00f3n de 100 ni\u00f1os de la ciudad y que constituye un Proyecto cultural y social que ha tendido a una permanente inclusi\u00f3n social.<br \/>\n&#8211; Conformaci\u00f3n del FAE y aportes en libros y gestiones varias para las escuelas.<br \/>\n&#8211; NUEVA MAESTRANZA MUNICIPAL y equipamiento para la misma con un Hidroelevador, una Motoniveladora y una Nueva Barredora.<br \/>\n&#8211; Netbooks con un alcance del 100% en las escuelas de la ciudad.<br \/>\n&#8211; Fibra \u00d3ptica: se ha decidido continuar la instalaci\u00f3n de fibra en distintos sectores de la ciudad. Esto significa mejor definici\u00f3n y cantidad de c\u00e1maras de seguridad, la posibilidad de dar servicio de Internet de banda ancha real, y dejar la ciudad lista para lo que se viene en nuevas tecnolog\u00edas. Es dar un paso hacia el futuro. La Obra en s\u00ed se inici\u00f3 para la \u00faltima Muestra Pyme donde se instal\u00f3 en la ciudad el primer tramo de fibra, que dio seguridad de video y acceso a internet a la ronda internacional de negocios que tuvo lugar all\u00ed. Pero el proyecto no ha quedado en eso. En estos momentos se est\u00e1 comenzando a instalar el tramo que va desde las oficinas de la Municipalidad hasta la Av. 21, de all\u00ed se extender\u00e1 hasta calle 6 y de all\u00ed hasta el sitio donde estar\u00e1 la boca de acceso a Internet de ArSat, lo cual una vez en marcha proveer\u00e1 a la ciudad del tan ansiado acceso a Internet nacional.<br \/>\n&#8211; Municipalidad de Las Parejas junto al Ministerio de Educaci\u00f3n de la Naci\u00f3n, a trav\u00e9s de los Programas Socioeducativos Intersectoriales que dependen de la Direcci\u00f3n Nacional de Pol\u00edticas Socioeducativas, concretaron por tercer a\u00f1o consecutivo la posibilidad de que 1.000 parejenses ( estudiantes acompa\u00f1ados de docentes y adultos) pudieran disfrutar de un viaje educativo de dos d\u00edas.<br \/>\n&#8211; Aportes y gestiones a TODAS LAS INSTITUCIONES.<br \/>\n&#8211; DIVERSIFICACION PRODUCTIVA con el sentido de difundir y dinamizar a los empresarios de la ciudad en las nuevas oportunidades que se est\u00e1 generando en sectores relacionados a la miner\u00eda, petr\u00f3leo o energia nuclear.<br \/>\n&#8211; La gesti\u00f3n de la oficina de PAMI para la ciudad.<br \/>\n&#8211; DNI Digital y Pasaportes: se realizaron m\u00e1s de 5000 tr\u00e1mites a lo largo del 2014.<br \/>\n&#8211; Se firm\u00f3 el Convenio para el inicio del PLAN ESTRATEGICO: hoy Las Parejas, es una ciudad con una din\u00e1mica de crecimiento en obras y gestiones para mejorar la calidad de vida de sus habitantes, siendo ejemplo de ello la ADUANA, ANSES, PAMI, RENATEA, CIC, CEPLA, la FACULTAD DE INGENIERIA, los PLANES DE MEJORA DEL AREA INDUSTRIAL Y DE CAMINOS RURALES, la MUESTRA NACIONAL DE LA PYME AGROINDUSTRIAL y el programa de DIVERSIFICACION PRODUCTIVA encarado por la gesti\u00f3n local, siendo este importante crecimiento, el disparador que gener\u00f3 la necesidad actual de implementar este nuevo modelo de PLANIFICACION ESTRATEGICA Y POR ELLO LA GESTION e IMPLEMENTACION DE ESTE PROYECTO de cara al 2020.<br \/>\n&#8211; NUEVO BARRIO PROCREAR esta gesti\u00f3n sumada a otras tantas del municipio, posibilita que 600 familias hayan tenido en los \u00faltimos 6 a\u00f1os, una soluci\u00f3n habitacional, marcando la firme decisi\u00f3n pol\u00edtica de nuestro gobierno para encarar como nunca en nuestra historia una verdadera etapa de avances en materia habitacional.<br \/>\nLuego de la enumeraci\u00f3n de todo lo realizado durante el 2014, el Intendente abord\u00f3 lo proyectado para este 2015:<br \/>\n&#8211; En materia de obras p\u00fablicas se continuar\u00e1 con todas las obras en los barrios, espec\u00edficamente la mejora de servicios, y se presentar\u00e1 un programa de pavimentaci\u00f3n, re pavimentaci\u00f3n de calles deterioradas y veredas.<br \/>\n&#8211; Se dar\u00e1 continuidad al Programa de Mejoramiento del \u00c1rea industrial.<br \/>\n&#8211; Se comenzar\u00e1n las obras de ampliaci\u00f3n en la Nueva Avda 13 con la construcci\u00f3n de dos rotondas en las intersecciones de 13 y 16 y 13 y 18.<br \/>\n&#8211; Respecto de la planta procesadora de residuos, tras la aprobaci\u00f3n del proyecto por parte de la provincia, se pondr\u00e1 en funcionamiento este mismo a\u00f1o.<br \/>\n&#8211; Tambi\u00e9n se avanzar\u00e1 en las obras para concluir la construcci\u00f3n y puesta en marcha del CIC, donde se abordar\u00e1n temas como violencia familiar, violencia de g\u00e9nero, formaci\u00f3n profesional y capacitaciones en oficios, la creaci\u00f3n de una cooperativa textil, etc.<br \/>\n&#8211; De la misma manera se avanzar\u00e1 con el edificio del CEPLA, que antes de fin de a\u00f1o deber\u00eda estar funcionando en su nuevo edificio, si bien el grupo de trabajo ya inici\u00f3 sus actividades.<br \/>\n&#8211; Tambi\u00e9n adelant\u00f3 que se presentar\u00e1 un proyecto al comit\u00e9 de cuenca con una presa de tierra para defensa urbana para evitar posibles inundaciones en el barrio Los Ucles.<br \/>\n&#8211; Por otra parte, a partir de la conformaci\u00f3n de un grupo de trabajo con productores agropecuarios para el mejoramiento de caminos, se seguir\u00e1 acompa\u00f1ando al sector en todos los niveles adquiriendo maquinarias y manteniendo a una cuadrilla para los diferentes trabajos.<br \/>\n&#8211; Se avanzar\u00e1 en materia de soluciones habitacionales.<br \/>\n&#8211; Se profundizar\u00e1 el trabajo en tr\u00e1nsito con m\u00e1s c\u00e1maras y, con la instalaci\u00f3n de fibra \u00f3ptica en la ciudad, que posibilitar\u00e1 contar con una mejor calidad de im\u00e1genes y un monitoreo m\u00e1s efectivo.<br \/>\n&#8211; Anunci\u00f3 que se ha proyectado la adaptaci\u00f3n de la actual terminal de \u00f3mnibus teniendo en cuenta la nueva realidad del transporte de pasajeros en el pa\u00eds, donde a partir de la recuperaci\u00f3n de los ferrocarriles, ser\u00e1 necesario contar no s\u00f3lo con la terminal de \u00f3mnibus, sino tambi\u00e9n con una estaci\u00f3n de trenes ante la eventual llegada del tren de pasajeros a la ciudad.<br \/>\n&#8211; Adem\u00e1s, existe un proyecto para avanzar en materia de transporte urbano de pasajeros, ya que se considera que se ha vuelto necesario debido al crecimiento de la ciudad.<br \/>\n&#8211; Se editar\u00e1 un nuevo libro de la historia de la ciudad, con el objeto de dar continuidad al primer libro lanzado en ocasi\u00f3n del centenario de Las Parejas, avanzando en un nuevo per\u00edodo hist\u00f3rico.<br \/>\n&#8211; Destac\u00f3 especialmente que durante este a\u00f1o se iniciar\u00e1 la construcci\u00f3n de una nueva escuela primaria, as\u00ed como un nuevo Jard\u00edn Maternal y Play\u00f3n Deportivo.<br \/>\n&#8211; Respecto de la Universidad, se est\u00e1 gestionando la construcci\u00f3n de un campus con un edificio propio. Asimismo, el objetivo es lograr instalar una nueva carrera que atienda las necesidades espec\u00edficas de la ciudad.<br \/>\n&#8211; Asimismo, se proyecta avanzar con los diferentes programas de inclusi\u00f3n social y de salud municipales. En particular, respecto del programa municipal de salud para ni\u00f1os, se prev\u00e9 avanzar con mayores prestaciones a los centros barriales, como lo fue la instalaci\u00f3n del centro oftalmol\u00f3gico municipal.<br \/>\n&#8211; Destac\u00f3 especialmente para este a\u00f1o la puesta en marcha del Plan Estrat\u00e9gico para la ciudad.<br \/>\n&#8211; Se continuar\u00e1 trabajando en el creciendo de la Muestra Pyme Agroindustrial, con la exposici\u00f3n de maquinarias agr\u00edcolas, espect\u00e1culos y rondas de negocios con operadores internacionales.<br \/>\n&#8211; Asimismo, anunci\u00f3 que se construir\u00e1 un nuevo edificio para la Aduana con lo cual el Resguardo Primario Aduanero pasar\u00e1 a convertirse en Zona Primaria Aduanera, con la posibilidad de contar con un Dep\u00f3sito Fiscal en la ciudad.<br \/>\nBanco Naci\u00f3n, considerada una gesti\u00f3n estrat\u00e9gica, este a\u00f1o se iniciar\u00e1 la obra de construcci\u00f3n del edificio<br \/>\n&#8211; Resalt\u00f3 que se continuar\u00e1 trabajando junto a la UOM y los trabajadores de la ciudad; y se intensificar\u00e1 el trabajo con ANSES.<br \/>\n&#8211; En materia de seguridad, se gestionar\u00e1 ante la provincia para que en la ciudad se implemente la Escuela de Formaci\u00f3n de Oficiales Locales, de modo de poder contar con polic\u00edas a los que la poblaci\u00f3n conozca, familiarizados con la idiosincrasia local. Para ello el Municipio pondr\u00e1 a disposici\u00f3n todos los recursos que sea necesarios.<\/p>\n","protected":false},"excerpt":{"rendered":"<p>El pasado martes 10 de marzo el Intendente Municipal Diego Mart\u00edn Mansilla llev\u00f3 a cabo la apertura de las sesiones ordinarias del Concejo Municipal. El acto comenz\u00f3 con las palabras de bienvenida del Presidente del Concejo Municipal Horacio Compagnucci y seguidamente Mansilla realiz\u00f3 un repaso de la gesti\u00f3n que inici\u00f3 Bocha Mansilla en el a\u00f1o <a href=\"https:\/\/armstrongyregion.com.ar\/diario\/diego-mansilla-dio-inicio-de-sesiones-ordinarias-del-concejo\/\" title=\"Read more\" >&#8230;<\/a><\/p>\n","protected":false},"author":2,"featured_media":1433,"comment_status":"open","ping_status":"open","sticky":false,"template":"","format":"standard","meta":{"_jetpack_memberships_contains_paid_content":false,"footnotes":"","jetpack_publicize_message":"","jetpack_publicize_feature_enabled":true,"jetpack_social_post_already_shared":false,"jetpack_social_options":{"image_generator_settings":{"template":"highway","default_image_id":0,"enabled":false},"version":2}},"categories":[1,7,3],"tags":[868,19,53,990,1119,174,991,1256,1022],"class_list":["post-1432","post","type-post","status-publish","format-standard","has-post-thumbnail","hentry","category-diario-armstrong","category-politica","category-region","tag-concejo","tag-de","tag-del","tag-diego","tag-dio","tag-inicio","tag-mansilla","tag-ordinarias","tag-sesiones"],"jetpack_publicize_connections":[],"jetpack_featured_media_url":"https:\/\/armstrongyregion.com.ar\/diario\/wp-content\/uploads\/2015\/03\/diego-concejo-2015-3.jpg","jetpack_shortlink":"https:\/\/wp.me\/p62QDO-n6","jetpack_sharing_enabled":true,"amp_enabled":true,"_links":{"self":[{"href":"https:\/\/armstrongyregion.com.ar\/diario\/wp-json\/wp\/v2\/posts\/1432","targetHints":{"allow":["GET"]}}],"collection":[{"href":"https:\/\/armstrongyregion.com.ar\/diario\/wp-json\/wp\/v2\/posts"}],"about":[{"href":"https:\/\/armstrongyregion.com.ar\/diario\/wp-json\/wp\/v2\/types\/post"}],"author":[{"embeddable":true,"href":"https:\/\/armstrongyregion.com.ar\/diario\/wp-json\/wp\/v2\/users\/2"}],"replies":[{"embeddable":true,"href":"https:\/\/armstrongyregion.com.ar\/diario\/wp-json\/wp\/v2\/comments?post=1432"}],"version-history":[{"count":0,"href":"https:\/\/armstrongyregion.com.ar\/diario\/wp-json\/wp\/v2\/posts\/1432\/revisions"}],"wp:featuredmedia":[{"embeddable":true,"href":"https:\/\/armstrongyregion.com.ar\/diario\/wp-json\/wp\/v2\/media\/1433"}],"wp:attachment":[{"href":"https:\/\/armstrongyregion.com.ar\/diario\/wp-json\/wp\/v2\/media?parent=1432"}],"wp:term":[{"taxonomy":"category","embeddable":true,"href":"https:\/\/armstrongyregion.com.ar\/diario\/wp-json\/wp\/v2\/categories?post=1432"},{"taxonomy":"post_tag","embeddable":true,"href":"https:\/\/armstrongyregion.com.ar\/diario\/wp-json\/wp\/v2\/tags?post=1432"}],"curies":[{"name":"wp","href":"https:\/\/api.w.org\/{rel}","templated":true}]}}