{"id":14288,"date":"2017-08-28T02:11:27","date_gmt":"2017-08-28T02:11:27","guid":{"rendered":"https:\/\/armstrongyregion.com.ar\/diario\/?p=14288"},"modified":"2017-08-28T02:11:27","modified_gmt":"2017-08-28T02:11:27","slug":"correa-barraca-suspendido-por-agresion-al-juez-de-linea","status":"publish","type":"post","link":"https:\/\/armstrongyregion.com.ar\/diario\/correa-barraca-suspendido-por-agresion-al-juez-de-linea\/","title":{"rendered":"Correa-Barraca, Suspendido por agresi\u00f3n al juez de l\u00ednea."},"content":{"rendered":"<p><a href=\"http:\/\/armstrongyregion.com.ar\/diario\/wp-content\/uploads\/2017\/08\/Barraca-malo-1-.jpg\"><img loading=\"lazy\" decoding=\"async\" class=\"alignnone size-medium wp-image-14289\" src=\"http:\/\/armstrongyregion.com.ar\/diario\/wp-content\/uploads\/2017\/08\/Barraca-malo-1--300x169.jpg\" alt=\"Barraca-malo-1-\" width=\"300\" height=\"169\" srcset=\"https:\/\/armstrongyregion.com.ar\/diario\/wp-content\/uploads\/2017\/08\/Barraca-malo-1--300x169.jpg 300w, https:\/\/armstrongyregion.com.ar\/diario\/wp-content\/uploads\/2017\/08\/Barraca-malo-1-.jpg 960w\" sizes=\"auto, (max-width: 300px) 100vw, 300px\" \/><\/a>El duelo entre Correa y Barraca por la fecha 2 del Clausura se suspendi\u00f3 por una violenta agresi\u00f3n al juez de l\u00ednea Marcelo Pereyra, por parte del arquero suplente de la visita.<br \/>\nSe jugaban 3&#8242; del primer tiempo, cuando Correa abri\u00f3 el tanteador con una conquista de Nicol\u00e1s Muzzio y se desat\u00f3 el esc\u00e1ndalo. Los visitantes reclamaban mano del delantero, aunque el \u00e1rbitro Lucas Gonz\u00e1lez convalid\u00f3 el gol a instancias del asi<span class=\"text_exposed_show\">stente y expuls\u00f3 a Mat\u00edas Dur\u00e1n, arquero suplente de Barraca por los reclamos. Fuera de s\u00ed, el futbolista sancionado agredi\u00f3 al l\u00ednea con varios golpes, hasta ser retirado por compa\u00f1eros y autoridades.<br \/>\nPereyra perdi\u00f3 moment\u00e1neamente el conocimiento y debi\u00f3 ser atendido por el m\u00e9dido, mientras Dur\u00e1n se retiraba del campo de juego escoltado por la polic\u00eda.<br \/>\n<a href=\"http:\/\/armstrongyregion.com.ar\/diario\/wp-content\/uploads\/2017\/08\/Barraca-malo-.jpg\"><img loading=\"lazy\" decoding=\"async\" class=\"alignnone size-medium wp-image-14290\" src=\"http:\/\/armstrongyregion.com.ar\/diario\/wp-content\/uploads\/2017\/08\/Barraca-malo--300x169.jpg\" alt=\"Barraca-malo-\" width=\"300\" height=\"169\" srcset=\"https:\/\/armstrongyregion.com.ar\/diario\/wp-content\/uploads\/2017\/08\/Barraca-malo--300x169.jpg 300w, https:\/\/armstrongyregion.com.ar\/diario\/wp-content\/uploads\/2017\/08\/Barraca-malo-.jpg 960w\" sizes=\"auto, (max-width: 300px) 100vw, 300px\" \/><\/a>Gonz\u00e1lez decidi\u00f3 inmediatamente la suspensi\u00f3n del partido y Pereyra fue trasladado en ambulancia al hospital de Ca\u00f1ada de G\u00f3mez. Por su parte, el agresor debi\u00f3 prestar declaraci\u00f3n en la Comisar\u00eda Quinta.<br \/>\nLa historia continuar\u00e1 en la semana: el \u00e1rbitro Gonz\u00e1lez deber\u00e1 presentar su informe de los hechos, registrados adem\u00e1s por las c\u00e1maras de TV, y la Liga Ca\u00f1adense dictaminar\u00e1 el futuro del partido y las sanciones pertinentes.<br \/>\n<span class=\"_5mfr _47e3\"><img loading=\"lazy\" decoding=\"async\" class=\"img\" src=\"https:\/\/www.facebook.com\/images\/emoji.php\/v9\/f40\/1\/16\/25b6.png\" alt=\"\" width=\"16\" height=\"16\" \/><span class=\"_7oe\">\u25b6\ufe0f<\/span><\/span>\u00a0HUBO F\u00daTBOL: antes del bochorno se jug\u00f3 el cotejo de Cuarta Divisi\u00f3n con victoria de Correa por 3 a 1, gracias a los tantos de Braian Figueroa, Patricio Elison y Santiago Pasinato.<br \/>\nPor Federico Santi.<\/span><\/p>\n","protected":false},"excerpt":{"rendered":"<p>El duelo entre Correa y Barraca por la fecha 2 del Clausura se suspendi\u00f3 por una violenta agresi\u00f3n al juez de l\u00ednea Marcelo Pereyra, por parte del arquero suplente de la visita. Se jugaban 3&#8242; del primer tiempo, cuando Correa abri\u00f3 el tanteador con una conquista de Nicol\u00e1s Muzzio y se desat\u00f3 el esc\u00e1ndalo. Los <a href=\"https:\/\/armstrongyregion.com.ar\/diario\/correa-barraca-suspendido-por-agresion-al-juez-de-linea\/\" title=\"Read more\" >&#8230;<\/a><\/p>\n","protected":false},"author":1,"featured_media":14289,"comment_status":"open","ping_status":"open","sticky":false,"template":"","format":"standard","meta":{"_jetpack_memberships_contains_paid_content":false,"footnotes":"","jetpack_publicize_message":"","jetpack_publicize_feature_enabled":true,"jetpack_social_post_already_shared":false,"jetpack_social_options":{"image_generator_settings":{"template":"highway","default_image_id":0,"enabled":false},"version":2}},"categories":[8,5,1,2,3],"tags":[5842,5843],"class_list":["post-14288","post","type-post","status-publish","format-standard","has-post-thumbnail","hentry","category-deliberando","category-deportes","category-diario-armstrong","category-locales","category-region","tag-correa-barraca","tag-suspendido-por-agresion-al-juez-de-linea"],"jetpack_publicize_connections":[],"jetpack_featured_media_url":"https:\/\/armstrongyregion.com.ar\/diario\/wp-content\/uploads\/2017\/08\/Barraca-malo-1-.jpg","jetpack_shortlink":"https:\/\/wp.me\/p62QDO-3Is","jetpack_sharing_enabled":true,"amp_enabled":true,"_links":{"self":[{"href":"https:\/\/armstrongyregion.com.ar\/diario\/wp-json\/wp\/v2\/posts\/14288","targetHints":{"allow":["GET"]}}],"collection":[{"href":"https:\/\/armstrongyregion.com.ar\/diario\/wp-json\/wp\/v2\/posts"}],"about":[{"href":"https:\/\/armstrongyregion.com.ar\/diario\/wp-json\/wp\/v2\/types\/post"}],"author":[{"embeddable":true,"href":"https:\/\/armstrongyregion.com.ar\/diario\/wp-json\/wp\/v2\/users\/1"}],"replies":[{"embeddable":true,"href":"https:\/\/armstrongyregion.com.ar\/diario\/wp-json\/wp\/v2\/comments?post=14288"}],"version-history":[{"count":0,"href":"https:\/\/armstrongyregion.com.ar\/diario\/wp-json\/wp\/v2\/posts\/14288\/revisions"}],"wp:featuredmedia":[{"embeddable":true,"href":"https:\/\/armstrongyregion.com.ar\/diario\/wp-json\/wp\/v2\/media\/14289"}],"wp:attachment":[{"href":"https:\/\/armstrongyregion.com.ar\/diario\/wp-json\/wp\/v2\/media?parent=14288"}],"wp:term":[{"taxonomy":"category","embeddable":true,"href":"https:\/\/armstrongyregion.com.ar\/diario\/wp-json\/wp\/v2\/categories?post=14288"},{"taxonomy":"post_tag","embeddable":true,"href":"https:\/\/armstrongyregion.com.ar\/diario\/wp-json\/wp\/v2\/tags?post=14288"}],"curies":[{"name":"wp","href":"https:\/\/api.w.org\/{rel}","templated":true}]}}