{"id":14285,"date":"2017-08-27T16:50:53","date_gmt":"2017-08-27T16:50:53","guid":{"rendered":"https:\/\/armstrongyregion.com.ar\/diario\/?p=14285"},"modified":"2017-08-27T16:50:53","modified_gmt":"2017-08-27T16:50:53","slug":"hacia-fin-de-ano-habra-un-nuevo-aumento-del-gas","status":"publish","type":"post","link":"https:\/\/armstrongyregion.com.ar\/diario\/hacia-fin-de-ano-habra-un-nuevo-aumento-del-gas\/","title":{"rendered":"Hacia fin de a\u00f1o habr\u00e1 un nuevo aumento del gas."},"content":{"rendered":"<p><a href=\"http:\/\/armstrongyregion.com.ar\/diario\/wp-content\/uploads\/2017\/08\/suba-gas-.jpg\"><img loading=\"lazy\" decoding=\"async\" class=\"alignnone size-medium wp-image-14286\" src=\"http:\/\/armstrongyregion.com.ar\/diario\/wp-content\/uploads\/2017\/08\/suba-gas--300x169.jpg\" alt=\"suba-gas-\" width=\"300\" height=\"169\" srcset=\"https:\/\/armstrongyregion.com.ar\/diario\/wp-content\/uploads\/2017\/08\/suba-gas--300x169.jpg 300w, https:\/\/armstrongyregion.com.ar\/diario\/wp-content\/uploads\/2017\/08\/suba-gas-.jpg 930w\" sizes=\"auto, (max-width: 300px) 100vw, 300px\" \/><\/a>Ayer el ministro de Energ\u00eda, Juan Jos\u00e9 Aranguren afirm\u00f3 que hay previsto un incremento tarifario para fin de a\u00f1o. Adem\u00e1s ENARGAS estableci\u00f3 el pago de la pr\u00f3xima factura de hasta en 4 cuotas.<\/p>\n<p>Ayer, el ministro de Energ\u00eda, Juan Jos\u00e9 Aranguren, dijo en el simposio organizado por el Council of Americas que hay previsto un incremento tarifario para fin de a\u00f1o. \u00ab<em><strong>Hacia fin de a\u00f1o se har\u00e1 una revisi\u00f3n tarifaria<\/strong><\/em><em>\u00a0(de los servicios de luz y gas) y todo va a depender de cu\u00e1l sea el costo de la energ\u00eda y el valor del tipo de cambio para definir cu\u00e1l es la magnitud (del incremento)<\/em>\u00ab, dijo Aranguren.<\/p>\n<p>Adem\u00e1s ENARGAS comunic\u00f3 a las empresas proveedoras que las boletas de gas que se emitan\u00a0<strong>desde hoy y hasta el 31 de octubre podr\u00e1n pagarse en 4 cuotas consecutivas mensuales<\/strong>. La medida busca amortiguar el impacto sobre los bolsillos del aumento de la tarifa en los meses m\u00e1s fr\u00edos del a\u00f1o. Las asociaciones de consumidores dicen que en realidad se trata de un\u00a0<em><strong>\u00abvotame ahora que te aumento despu\u00e9s.\u00a0No resuelve nada, le complica la vida a la gente. Se superponen las facturas y no resuelve nada\u00bb<\/strong>.\u00a0<\/em><strong>La refinanciaci\u00f3n es excepcional,\u00a0regir\u00e1 solo para lo que se facture entre hoy y el 31 de octubre.\u00a0<\/strong>Los intereses pagaderos a las empresas por el atraso de cobro ser\u00e1n subsidiados por el Estado nacional.<\/p>\n<p>Se modifica as\u00ed la modalidad de pago actual, donde las facturas bimestrales vienen con dos cupones. Hoy, una factura bimestral de $ 1.000, por ejemplo, llega con dos cupones\/cuotas de $ 500 mensuales, a pagar en septiembre y octubre. A partir del cambio ser\u00e1:<br \/>\n&#8211; Llegar\u00e1 primero una boleta de $ 500 en septiembre, que podr\u00e1 pagar en dos cuotas -de $ 250 cada una, la primera en septiembre y la segunda en octubre-.<br \/>\n&#8211; Despu\u00e9s, en octubre, le llegar\u00e1 otra factura de $ 500, que pagar\u00e1 en dos cuotas, una en noviembre y otra en diciembre, tambi\u00e9n de $ 250 cada una.<\/p>\n<p>El presidente de la asociaci\u00f3n Defensa de Usuarios y Consumidores (Deuco), Pedro Bussetti, manifest\u00f3 que<em>\u00a0<\/em><em>\u00abteniendo en cuenta que las facturas que han venido son pr\u00e1cticamente impagables para mucha gente, el Ministerio de Energ\u00eda ha dispuesto la posibilidad de pagar en cuotas, pero \u00e9sto lejos de resolver las cosas le complica la vida a la gente\u00bb,<\/em>\u00a0se quej\u00f3. \u00a0Despu\u00e9s de octubre\u00a0<em>\u00ablas facturas se van a superponer. La gente se va a endeudar para pagar un servicio p\u00fablico. Esta medida no es un paliativo\u00bb.<\/em><\/p>\n<p>Esta medida no alcanzar\u00e1 a los usuarios beneficiarios de la Tarifa Social,\u00a0<em>\u00abtoda vez que los mismos reciben una bonificaci\u00f3n del 100% del precio del gas natural incluido en la tarifa; ni a los usuarios con consumo cero en el per\u00edodo de facturaci\u00f3n\u00bb,<\/em>\u00a0aclar\u00f3 el ente regulador.<\/p>\n<p>Fuente: Clar\u00edn \/ La Capital<\/p>\n<p>&nbsp;<\/p>\n","protected":false},"excerpt":{"rendered":"<p>Ayer el ministro de Energ\u00eda, Juan Jos\u00e9 Aranguren afirm\u00f3 que hay previsto un incremento tarifario para fin de a\u00f1o. Adem\u00e1s ENARGAS estableci\u00f3 el pago de la pr\u00f3xima factura de hasta en 4 cuotas. Ayer, el ministro de Energ\u00eda, Juan Jos\u00e9 Aranguren, dijo en el simposio organizado por el Council of Americas que hay previsto un <a href=\"https:\/\/armstrongyregion.com.ar\/diario\/hacia-fin-de-ano-habra-un-nuevo-aumento-del-gas\/\" title=\"Read more\" >&#8230;<\/a><\/p>\n","protected":false},"author":1,"featured_media":14286,"comment_status":"open","ping_status":"open","sticky":false,"template":"","format":"standard","meta":{"_jetpack_memberships_contains_paid_content":false,"footnotes":"","jetpack_publicize_message":"","jetpack_publicize_feature_enabled":true,"jetpack_social_post_already_shared":false,"jetpack_social_options":{"image_generator_settings":{"template":"highway","default_image_id":0,"enabled":false},"version":2}},"categories":[8,1,2,7,3],"tags":[5841],"class_list":["post-14285","post","type-post","status-publish","format-standard","has-post-thumbnail","hentry","category-deliberando","category-diario-armstrong","category-locales","category-politica","category-region","tag-hacia-fin-de-ano-habra-un-nuevo-aumento-del-gas"],"jetpack_publicize_connections":[],"jetpack_featured_media_url":"https:\/\/armstrongyregion.com.ar\/diario\/wp-content\/uploads\/2017\/08\/suba-gas-.jpg","jetpack_shortlink":"https:\/\/wp.me\/p62QDO-3Ip","jetpack_sharing_enabled":true,"amp_enabled":true,"_links":{"self":[{"href":"https:\/\/armstrongyregion.com.ar\/diario\/wp-json\/wp\/v2\/posts\/14285","targetHints":{"allow":["GET"]}}],"collection":[{"href":"https:\/\/armstrongyregion.com.ar\/diario\/wp-json\/wp\/v2\/posts"}],"about":[{"href":"https:\/\/armstrongyregion.com.ar\/diario\/wp-json\/wp\/v2\/types\/post"}],"author":[{"embeddable":true,"href":"https:\/\/armstrongyregion.com.ar\/diario\/wp-json\/wp\/v2\/users\/1"}],"replies":[{"embeddable":true,"href":"https:\/\/armstrongyregion.com.ar\/diario\/wp-json\/wp\/v2\/comments?post=14285"}],"version-history":[{"count":0,"href":"https:\/\/armstrongyregion.com.ar\/diario\/wp-json\/wp\/v2\/posts\/14285\/revisions"}],"wp:featuredmedia":[{"embeddable":true,"href":"https:\/\/armstrongyregion.com.ar\/diario\/wp-json\/wp\/v2\/media\/14286"}],"wp:attachment":[{"href":"https:\/\/armstrongyregion.com.ar\/diario\/wp-json\/wp\/v2\/media?parent=14285"}],"wp:term":[{"taxonomy":"category","embeddable":true,"href":"https:\/\/armstrongyregion.com.ar\/diario\/wp-json\/wp\/v2\/categories?post=14285"},{"taxonomy":"post_tag","embeddable":true,"href":"https:\/\/armstrongyregion.com.ar\/diario\/wp-json\/wp\/v2\/tags?post=14285"}],"curies":[{"name":"wp","href":"https:\/\/api.w.org\/{rel}","templated":true}]}}