{"id":14270,"date":"2017-08-25T23:21:37","date_gmt":"2017-08-25T23:21:37","guid":{"rendered":"https:\/\/armstrongyregion.com.ar\/diario\/?p=14270"},"modified":"2017-08-25T23:21:37","modified_gmt":"2017-08-25T23:21:37","slug":"alerta-renovado-y-amenaza-de-lluvia-hasta-el-sabado-a-la-tarde","status":"publish","type":"post","link":"https:\/\/armstrongyregion.com.ar\/diario\/alerta-renovado-y-amenaza-de-lluvia-hasta-el-sabado-a-la-tarde\/","title":{"rendered":"Alerta renovado y amenaza de lluvia hasta el s\u00e1bado a la tarde."},"content":{"rendered":"<p><a href=\"http:\/\/armstrongyregion.com.ar\/diario\/wp-content\/uploads\/2017\/04\/Alerta-1.jpg\"><img loading=\"lazy\" decoding=\"async\" class=\"alignnone size-medium wp-image-12665\" src=\"http:\/\/armstrongyregion.com.ar\/diario\/wp-content\/uploads\/2017\/04\/Alerta-1-300x198.jpg\" alt=\"Alerta-\" width=\"300\" height=\"198\" srcset=\"https:\/\/armstrongyregion.com.ar\/diario\/wp-content\/uploads\/2017\/04\/Alerta-1-300x198.jpg 300w, https:\/\/armstrongyregion.com.ar\/diario\/wp-content\/uploads\/2017\/04\/Alerta-1.jpg 960w\" sizes=\"auto, (max-width: 300px) 100vw, 300px\" \/><\/a>La advertencia del Servicio Meteorol\u00f3gico por precipitaciones intensas y fuertes r\u00e1fagas se actualiz\u00f3 a la tarde e incluye a Santa Fe.<\/p>\n<p>El viernes amaneci\u00f3 con lluvia y bajo un alerta meteorol\u00f3gica por tormentas fuertes que se extendi\u00f3 de principio a fin. A las 18 se actualiz\u00f3 la advertencia que rige al menos hasta la medianoche.<\/p>\n<p>De acuerdo al Servicio Meteorol\u00f3gico Nacional (SMN), se esperan lluvias y tormentas fuertes en Santa Fe.<\/p>\n<p>El \u00e1rea de cobertura se extiende al este de C\u00f3rdoba, centro y sur de Corrientes, Entre R\u00edos, sudetes de Santiago del Estero y r\u00edo de La plata.<\/p>\n<p>Temprano este viernes llovi\u00f3 y desde entonces la jornada se hizo pesada y h\u00fameda, con nubes que amenazaron m\u00e1s agua casi toda la jornada.<\/p>\n<p>Para el\u00a0s\u00e1bado, contin\u00faa la probabilidad de lluvias y tormentas, con una m\u00ednima de 15 grados y una m\u00e1xima de 22. El domingo, entre nublado e inestable.<\/p>\n<p>&nbsp;<\/p>\n<div class=\"teads-inread\"><\/div>\n","protected":false},"excerpt":{"rendered":"<p>La advertencia del Servicio Meteorol\u00f3gico por precipitaciones intensas y fuertes r\u00e1fagas se actualiz\u00f3 a la tarde e incluye a Santa Fe. El viernes amaneci\u00f3 con lluvia y bajo un alerta meteorol\u00f3gica por tormentas fuertes que se extendi\u00f3 de principio a fin. A las 18 se actualiz\u00f3 la advertencia que rige al menos hasta la medianoche. <a href=\"https:\/\/armstrongyregion.com.ar\/diario\/alerta-renovado-y-amenaza-de-lluvia-hasta-el-sabado-a-la-tarde\/\" title=\"Read more\" >&#8230;<\/a><\/p>\n","protected":false},"author":1,"featured_media":12439,"comment_status":"open","ping_status":"open","sticky":false,"template":"","format":"standard","meta":{"_jetpack_memberships_contains_paid_content":false,"footnotes":"","jetpack_publicize_message":"","jetpack_publicize_feature_enabled":true,"jetpack_social_post_already_shared":false,"jetpack_social_options":{"image_generator_settings":{"template":"highway","default_image_id":0,"enabled":false},"version":2}},"categories":[1,2,3],"tags":[5836],"class_list":["post-14270","post","type-post","status-publish","format-standard","has-post-thumbnail","hentry","category-diario-armstrong","category-locales","category-region","tag-alerta-renovado-y-amenaza-de-lluvia-hasta-el-sabado-a-la-tarde"],"jetpack_publicize_connections":[],"jetpack_featured_media_url":"https:\/\/armstrongyregion.com.ar\/diario\/wp-content\/uploads\/2017\/04\/Alerta-.jpg","jetpack_shortlink":"https:\/\/wp.me\/p62QDO-3Ia","jetpack_sharing_enabled":true,"amp_enabled":true,"_links":{"self":[{"href":"https:\/\/armstrongyregion.com.ar\/diario\/wp-json\/wp\/v2\/posts\/14270","targetHints":{"allow":["GET"]}}],"collection":[{"href":"https:\/\/armstrongyregion.com.ar\/diario\/wp-json\/wp\/v2\/posts"}],"about":[{"href":"https:\/\/armstrongyregion.com.ar\/diario\/wp-json\/wp\/v2\/types\/post"}],"author":[{"embeddable":true,"href":"https:\/\/armstrongyregion.com.ar\/diario\/wp-json\/wp\/v2\/users\/1"}],"replies":[{"embeddable":true,"href":"https:\/\/armstrongyregion.com.ar\/diario\/wp-json\/wp\/v2\/comments?post=14270"}],"version-history":[{"count":0,"href":"https:\/\/armstrongyregion.com.ar\/diario\/wp-json\/wp\/v2\/posts\/14270\/revisions"}],"wp:featuredmedia":[{"embeddable":true,"href":"https:\/\/armstrongyregion.com.ar\/diario\/wp-json\/wp\/v2\/media\/12439"}],"wp:attachment":[{"href":"https:\/\/armstrongyregion.com.ar\/diario\/wp-json\/wp\/v2\/media?parent=14270"}],"wp:term":[{"taxonomy":"category","embeddable":true,"href":"https:\/\/armstrongyregion.com.ar\/diario\/wp-json\/wp\/v2\/categories?post=14270"},{"taxonomy":"post_tag","embeddable":true,"href":"https:\/\/armstrongyregion.com.ar\/diario\/wp-json\/wp\/v2\/tags?post=14270"}],"curies":[{"name":"wp","href":"https:\/\/api.w.org\/{rel}","templated":true}]}}