{"id":14266,"date":"2017-08-25T10:54:00","date_gmt":"2017-08-25T10:54:00","guid":{"rendered":"https:\/\/armstrongyregion.com.ar\/diario\/?p=14266"},"modified":"2017-08-25T10:54:00","modified_gmt":"2017-08-25T10:54:00","slug":"armstrong-confusion-en-11-y-11","status":"publish","type":"post","link":"https:\/\/armstrongyregion.com.ar\/diario\/armstrong-confusion-en-11-y-11\/","title":{"rendered":"Armstrong. ConFusi\u00f3n en 11 y 11."},"content":{"rendered":"<p><strong><a href=\"http:\/\/armstrongyregion.com.ar\/diario\/wp-content\/uploads\/2017\/08\/confusion-nuevo.jpg\"><img loading=\"lazy\" decoding=\"async\" class=\"alignnone size-medium wp-image-14267\" src=\"http:\/\/armstrongyregion.com.ar\/diario\/wp-content\/uploads\/2017\/08\/confusion-nuevo-300x200.jpg\" alt=\"confusion nuevo\" width=\"300\" height=\"200\" srcset=\"https:\/\/armstrongyregion.com.ar\/diario\/wp-content\/uploads\/2017\/08\/confusion-nuevo-300x200.jpg 300w, https:\/\/armstrongyregion.com.ar\/diario\/wp-content\/uploads\/2017\/08\/confusion-nuevo.jpg 768w\" sizes=\"auto, (max-width: 300px) 100vw, 300px\" \/><\/a>CONFUSI\u00d3N : Grupo de la Ciudad de Ca\u00f1ada de G\u00f3mez (Santa Fe) cuyos integrantes de vasta trayectoria, que provienen de distintas vertientes musicales como ser el Jazz, Tango y Rock, se han reunido para fusionar todos estos ritmos en un proyecto en lo que hoy se denomina \u201cTango Electr\u00f3nico\u201d o \u201cTango Fusi\u00f3n\u201d<\/strong><\/p>\n<p><strong>Su repertorio consiste en obras versionadas de Astor Piazzolla y temas propios, \u00faltimamente han compartido escenario con la Banda \u201cBestias\u201d(Buenos Aires) y con el legendario Baterista Fernando Samalea (Charly Garcia-Andr\u00e9s Calamaro-Gustavo Cerati-Joaqu\u00edn Sabina, Etc.)<\/strong><\/p>\n<p><strong>\u201cConFusi\u00f3n Colectiva\u201d es el EP que editaron y lo estar\u00e1n presentando en ARMSTRONG en el Pub 11&amp;11 \u00a0el d\u00eda S\u00e1bado 26 de Agosto a las 23 Hs.en cual \u201cPiazzollando con Fusi\u00f3n\u201d estuvo postulado a los Premios Carlos Gardel 2017.<\/strong><\/p>\n<p><strong>Sus integrantes son:<\/strong><\/p>\n<p><strong>Norberto Hern\u00e1ndez: Bandone\u00f3n<\/strong>\u00a0(M\u00fasico de vasta trayectoria Ex integrante del m\u00edtico quinteto de Tango llamado \u201cTangolatr\u00eda\u201d)<\/p>\n<p><strong>Sergio \u201cTomy\u201d Sosa: Piano y Teclados\u00a0\u00a0<\/strong>(M\u00fasico que realiz\u00f3 sus estudios en la ciudad de Buenos Aires en la Academia de Jazz cuyo Director era Walter Malosetti, particip\u00f3 en grupos como \u201cVoces de Pueblo\u201d, \u201cContempor\u00e1neo\u201d, \u201cLos Cosos de al Lado\u201d<\/p>\n<p><strong>Orlando Peralta: Bajo\u00a0<\/strong>(M\u00fasico que proviene del Jazz y fue en Rosario donde estudi\u00f3 con numerosos Profesores de esa corriente musical, particip\u00f3 en el grupo \u201cLos Cosos de al Lado\u201d)<\/p>\n<p><strong>Juan Sosa: Guitarras &#8211; Programaci\u00f3n de bater\u00edas y Voz\u00a0\u00a0<\/strong>(M\u00fasico que estudi\u00f3 con numerosos Profesores\u00a0 de distintas corrientes musicales, particip\u00f3 en varios grupos donde se destaca la Banda de Rock \u201cLas Viejas\u201d con qui\u00e9n particip\u00f3 de gran cantidad de festivales y shows en el Pa\u00eds compartiendo escenario con destacados m\u00fasicos como Le\u00f3n Gieco, Jaf, Omar Mollo, Ciro Fogliatta, Claudia Puy\u00f3, Cielo Razzo,\u00a0 Los Durabeat, Club de Guitarras Callejeras y un largo etc\u00e9tera.)<\/p>\n<p><strong>\u00a0<\/strong><\/p>\n<p>&nbsp;<\/p>\n","protected":false},"excerpt":{"rendered":"<p>CONFUSI\u00d3N : Grupo de la Ciudad de Ca\u00f1ada de G\u00f3mez (Santa Fe) cuyos integrantes de vasta trayectoria, que provienen de distintas vertientes musicales como ser el Jazz, Tango y Rock, se han reunido para fusionar todos estos ritmos en un proyecto en lo que hoy se denomina \u201cTango Electr\u00f3nico\u201d o \u201cTango Fusi\u00f3n\u201d Su repertorio consiste <a href=\"https:\/\/armstrongyregion.com.ar\/diario\/armstrong-confusion-en-11-y-11\/\" title=\"Read more\" >&#8230;<\/a><\/p>\n","protected":false},"author":1,"featured_media":14267,"comment_status":"open","ping_status":"open","sticky":false,"template":"","format":"standard","meta":{"_jetpack_memberships_contains_paid_content":false,"footnotes":"","jetpack_publicize_message":"","jetpack_publicize_feature_enabled":true,"jetpack_social_post_already_shared":false,"jetpack_social_options":{"image_generator_settings":{"template":"highway","default_image_id":0,"enabled":false},"version":2}},"categories":[6,8,1,2],"tags":[5835],"class_list":["post-14266","post","type-post","status-publish","format-standard","has-post-thumbnail","hentry","category-cultura-entretenimiento","category-deliberando","category-diario-armstrong","category-locales","tag-armstrong-confusion-en-11-y-11"],"jetpack_publicize_connections":[],"jetpack_featured_media_url":"https:\/\/armstrongyregion.com.ar\/diario\/wp-content\/uploads\/2017\/08\/confusion-nuevo.jpg","jetpack_shortlink":"https:\/\/wp.me\/p62QDO-3I6","jetpack_sharing_enabled":true,"amp_enabled":true,"_links":{"self":[{"href":"https:\/\/armstrongyregion.com.ar\/diario\/wp-json\/wp\/v2\/posts\/14266","targetHints":{"allow":["GET"]}}],"collection":[{"href":"https:\/\/armstrongyregion.com.ar\/diario\/wp-json\/wp\/v2\/posts"}],"about":[{"href":"https:\/\/armstrongyregion.com.ar\/diario\/wp-json\/wp\/v2\/types\/post"}],"author":[{"embeddable":true,"href":"https:\/\/armstrongyregion.com.ar\/diario\/wp-json\/wp\/v2\/users\/1"}],"replies":[{"embeddable":true,"href":"https:\/\/armstrongyregion.com.ar\/diario\/wp-json\/wp\/v2\/comments?post=14266"}],"version-history":[{"count":0,"href":"https:\/\/armstrongyregion.com.ar\/diario\/wp-json\/wp\/v2\/posts\/14266\/revisions"}],"wp:featuredmedia":[{"embeddable":true,"href":"https:\/\/armstrongyregion.com.ar\/diario\/wp-json\/wp\/v2\/media\/14267"}],"wp:attachment":[{"href":"https:\/\/armstrongyregion.com.ar\/diario\/wp-json\/wp\/v2\/media?parent=14266"}],"wp:term":[{"taxonomy":"category","embeddable":true,"href":"https:\/\/armstrongyregion.com.ar\/diario\/wp-json\/wp\/v2\/categories?post=14266"},{"taxonomy":"post_tag","embeddable":true,"href":"https:\/\/armstrongyregion.com.ar\/diario\/wp-json\/wp\/v2\/tags?post=14266"}],"curies":[{"name":"wp","href":"https:\/\/api.w.org\/{rel}","templated":true}]}}