{"id":14246,"date":"2017-08-22T15:49:36","date_gmt":"2017-08-22T15:49:36","guid":{"rendered":"https:\/\/armstrongyregion.com.ar\/diario\/?p=14246"},"modified":"2017-08-22T15:49:36","modified_gmt":"2017-08-22T15:49:36","slug":"otra-vez-el-sol-y-un-vientito-que-nos-recuerda-el-invierno","status":"publish","type":"post","link":"https:\/\/armstrongyregion.com.ar\/diario\/otra-vez-el-sol-y-un-vientito-que-nos-recuerda-el-invierno\/","title":{"rendered":"Otra vez el sol y un vientito que nos recuerda el invierno."},"content":{"rendered":"<p><a href=\"http:\/\/armstrongyregion.com.ar\/diario\/wp-content\/uploads\/2017\/08\/sol-huevo.jpg_1305449671.jpg\"><img loading=\"lazy\" decoding=\"async\" class=\"alignnone size-medium wp-image-14247\" src=\"http:\/\/armstrongyregion.com.ar\/diario\/wp-content\/uploads\/2017\/08\/sol-huevo.jpg_1305449671-300x169.jpg\" alt=\"sol-huevo.jpg_1305449671\" width=\"300\" height=\"169\" srcset=\"https:\/\/armstrongyregion.com.ar\/diario\/wp-content\/uploads\/2017\/08\/sol-huevo.jpg_1305449671-300x169.jpg 300w, https:\/\/armstrongyregion.com.ar\/diario\/wp-content\/uploads\/2017\/08\/sol-huevo.jpg_1305449671.jpg 768w\" sizes=\"auto, (max-width: 300px) 100vw, 300px\" \/><\/a>Este martes de inicio de semana laboral ser\u00e1 con cielo mayormente soleado de nuevo. La temperatura ir\u00e1 de los 8 a los 21 grados. Algunas r\u00e1fagas haran bajar la sensaci\u00f3n t\u00e9rmica.<\/p>\n<p>En estos d\u00edas, sobre todo en las primeras y en las \u00faltimas horas de la jornada, un vientito fresco nos recuerda que todav\u00eda es invierno en esta parte del planeta, aunque la primavera ya empieza a nunciar su pronta llegada. Al menos en este martes de inicio de la semana laboral despu\u00e9s del fin de semana largo, otra vez habr\u00e1 sol.<\/p>\n<p>Seg\u00fan datos del Servicio Meteorol\u00f3gico Nacional (SMN), en el amanecer la temperatura en Armstrong \u00a0y la regi\u00f3n era de 9.3 grados. El cielo estaba parcialmente nublado y la humedad era bastante baja para esta regi\u00f3n: 66 por ciento.<\/p>\n<p>El viento soplaba desde el norte a 16 kil\u00f3metros por hora y se pronostican r\u00e1fagas para el resto del d\u00eda.<\/p>\n<p>La lluvia llegar\u00eda a la ciudad y a la regi\u00f3n el jueves.<\/p>\n<p>Rosario3.Com<\/p>\n<p>&nbsp;<\/p>\n","protected":false},"excerpt":{"rendered":"<p>Este martes de inicio de semana laboral ser\u00e1 con cielo mayormente soleado de nuevo. La temperatura ir\u00e1 de los 8 a los 21 grados. Algunas r\u00e1fagas haran bajar la sensaci\u00f3n t\u00e9rmica. En estos d\u00edas, sobre todo en las primeras y en las \u00faltimas horas de la jornada, un vientito fresco nos recuerda que todav\u00eda es <a href=\"https:\/\/armstrongyregion.com.ar\/diario\/otra-vez-el-sol-y-un-vientito-que-nos-recuerda-el-invierno\/\" title=\"Read more\" >&#8230;<\/a><\/p>\n","protected":false},"author":1,"featured_media":14247,"comment_status":"open","ping_status":"open","sticky":false,"template":"","format":"standard","meta":{"_jetpack_memberships_contains_paid_content":false,"footnotes":"","jetpack_publicize_message":"","jetpack_publicize_feature_enabled":true,"jetpack_social_post_already_shared":false,"jetpack_social_options":{"image_generator_settings":{"template":"highway","default_image_id":0,"enabled":false},"version":2}},"categories":[1,2,3],"tags":[5826],"class_list":["post-14246","post","type-post","status-publish","format-standard","has-post-thumbnail","hentry","category-diario-armstrong","category-locales","category-region","tag-otra-vez-el-sol-y-un-vientito-que-nos-recuerda-el-invierno"],"jetpack_publicize_connections":[],"jetpack_featured_media_url":"https:\/\/armstrongyregion.com.ar\/diario\/wp-content\/uploads\/2017\/08\/sol-huevo.jpg_1305449671.jpg","jetpack_shortlink":"https:\/\/wp.me\/p62QDO-3HM","jetpack_sharing_enabled":true,"amp_enabled":true,"_links":{"self":[{"href":"https:\/\/armstrongyregion.com.ar\/diario\/wp-json\/wp\/v2\/posts\/14246","targetHints":{"allow":["GET"]}}],"collection":[{"href":"https:\/\/armstrongyregion.com.ar\/diario\/wp-json\/wp\/v2\/posts"}],"about":[{"href":"https:\/\/armstrongyregion.com.ar\/diario\/wp-json\/wp\/v2\/types\/post"}],"author":[{"embeddable":true,"href":"https:\/\/armstrongyregion.com.ar\/diario\/wp-json\/wp\/v2\/users\/1"}],"replies":[{"embeddable":true,"href":"https:\/\/armstrongyregion.com.ar\/diario\/wp-json\/wp\/v2\/comments?post=14246"}],"version-history":[{"count":0,"href":"https:\/\/armstrongyregion.com.ar\/diario\/wp-json\/wp\/v2\/posts\/14246\/revisions"}],"wp:featuredmedia":[{"embeddable":true,"href":"https:\/\/armstrongyregion.com.ar\/diario\/wp-json\/wp\/v2\/media\/14247"}],"wp:attachment":[{"href":"https:\/\/armstrongyregion.com.ar\/diario\/wp-json\/wp\/v2\/media?parent=14246"}],"wp:term":[{"taxonomy":"category","embeddable":true,"href":"https:\/\/armstrongyregion.com.ar\/diario\/wp-json\/wp\/v2\/categories?post=14246"},{"taxonomy":"post_tag","embeddable":true,"href":"https:\/\/armstrongyregion.com.ar\/diario\/wp-json\/wp\/v2\/tags?post=14246"}],"curies":[{"name":"wp","href":"https:\/\/api.w.org\/{rel}","templated":true}]}}