{"id":14241,"date":"2017-08-22T14:02:02","date_gmt":"2017-08-22T14:02:02","guid":{"rendered":"https:\/\/armstrongyregion.com.ar\/diario\/?p=14241"},"modified":"2017-08-22T14:02:02","modified_gmt":"2017-08-22T14:02:02","slug":"deliberando-candidatos-a-concejales-de-armstrong-en-busca-de-una-banca","status":"publish","type":"post","link":"https:\/\/armstrongyregion.com.ar\/diario\/deliberando-candidatos-a-concejales-de-armstrong-en-busca-de-una-banca\/","title":{"rendered":"DELIBERANDO, candidatos a concejales de Armstrong en busca de una banca."},"content":{"rendered":"<p><a href=\"http:\/\/armstrongyregion.com.ar\/diario\/wp-content\/uploads\/2017\/08\/DSC_0752.jpg\"><img loading=\"lazy\" decoding=\"async\" class=\"alignnone size-medium wp-image-14242\" src=\"http:\/\/armstrongyregion.com.ar\/diario\/wp-content\/uploads\/2017\/08\/DSC_0752-300x200.jpg\" alt=\"Facundo-Amil-Armstrongyregion-\" width=\"300\" height=\"200\" srcset=\"https:\/\/armstrongyregion.com.ar\/diario\/wp-content\/uploads\/2017\/08\/DSC_0752-300x200.jpg 300w, https:\/\/armstrongyregion.com.ar\/diario\/wp-content\/uploads\/2017\/08\/DSC_0752-1024x683.jpg 1024w\" sizes=\"auto, (max-width: 300px) 100vw, 300px\" \/><\/a>Tras las P.A.S.O., las cartas est\u00e1n echadas el 22 de octubre las fuerzas pol\u00edticas de nuestra ciudad, pugnar\u00e1n por ser integrantes del cuerpo deliberativo local.<\/p>\n<p>Renovaci\u00f3n y futuro, lleva como candidato en segundo lugar a Facundo Amil, quien expondr\u00e1 sus conceptos por los cuales luchar\u00e1n en favor de la ciudad desde su banca.<\/p>\n<p><a href=\"http:\/\/armstrongyregion.com.ar\/diario\/wp-content\/uploads\/2017\/08\/DSC_0755.jpg\"><img loading=\"lazy\" decoding=\"async\" class=\"alignnone size-medium wp-image-14243\" src=\"http:\/\/armstrongyregion.com.ar\/diario\/wp-content\/uploads\/2017\/08\/DSC_0755-300x200.jpg\" alt=\"Guille-Marconi-Armstrongyregion\" width=\"300\" height=\"200\" srcset=\"https:\/\/armstrongyregion.com.ar\/diario\/wp-content\/uploads\/2017\/08\/DSC_0755-300x200.jpg 300w, https:\/\/armstrongyregion.com.ar\/diario\/wp-content\/uploads\/2017\/08\/DSC_0755-1024x683.jpg 1024w\" sizes=\"auto, (max-width: 300px) 100vw, 300px\" \/><\/a>Por su parte Guillermo Marconi, es el integrante n\u00famero uno de la lista \u00abEs tiempo de hacer\u00bb del PJ. Marcar\u00e1 el basamento de esa corriente de cara a las pr\u00f3ximas elecciones, sus inquietudes b\u00e1sicas que consideran deben ser tenidas en cuenta en el cuerpo deliberativo.<\/p>\n<p><a href=\"http:\/\/armstrongyregion.com.ar\/diario\/wp-content\/uploads\/2017\/08\/DSC_0764.jpg\"><img loading=\"lazy\" decoding=\"async\" class=\"alignnone size-medium wp-image-14244\" src=\"http:\/\/armstrongyregion.com.ar\/diario\/wp-content\/uploads\/2017\/08\/DSC_0764-300x200.jpg\" alt=\"Rosana-Siri-Armstrongyregion\" width=\"300\" height=\"200\" srcset=\"https:\/\/armstrongyregion.com.ar\/diario\/wp-content\/uploads\/2017\/08\/DSC_0764-300x200.jpg 300w, https:\/\/armstrongyregion.com.ar\/diario\/wp-content\/uploads\/2017\/08\/DSC_0764-1024x683.jpg 1024w\" sizes=\"auto, (max-width: 300px) 100vw, 300px\" \/><\/a>El Frente Progresista C\u00edvico y Social, tiene como cabeza de la lista de ediles a Rosana Siri, quien enumer\u00f3 las formas que aplicara en el deliberativo para aprobar las ordenanzas necesarias en el mejoramiento de las condiciones de vida de los habitantes de la ciudad.<\/p>\n<p>Todo este martes en DELIBERANDO, con la conducci\u00f3n de la licenciada Graciela de la Casa &#8211; Oscar Crispino- Ezequiel Piccoli.<\/p>\n<p>Por Cable Imagen Armstrong 21hs.<\/p>\n","protected":false},"excerpt":{"rendered":"<p>Tras las P.A.S.O., las cartas est\u00e1n echadas el 22 de octubre las fuerzas pol\u00edticas de nuestra ciudad, pugnar\u00e1n por ser integrantes del cuerpo deliberativo local. Renovaci\u00f3n y futuro, lleva como candidato en segundo lugar a Facundo Amil, quien expondr\u00e1 sus conceptos por los cuales luchar\u00e1n en favor de la ciudad desde su banca. Por su <a href=\"https:\/\/armstrongyregion.com.ar\/diario\/deliberando-candidatos-a-concejales-de-armstrong-en-busca-de-una-banca\/\" title=\"Read more\" >&#8230;<\/a><\/p>\n","protected":false},"author":1,"featured_media":14242,"comment_status":"open","ping_status":"open","sticky":false,"template":"","format":"standard","meta":{"_jetpack_memberships_contains_paid_content":false,"footnotes":"","jetpack_publicize_message":"","jetpack_publicize_feature_enabled":true,"jetpack_social_post_already_shared":false,"jetpack_social_options":{"image_generator_settings":{"template":"highway","default_image_id":0,"enabled":false},"version":2}},"categories":[8,1,2,3],"tags":[5825,44],"class_list":["post-14241","post","type-post","status-publish","format-standard","has-post-thumbnail","hentry","category-deliberando","category-diario-armstrong","category-locales","category-region","tag-candidatos-a-concejales-de-armstrong-en-busca-de-una-banca","tag-deliberando-2"],"jetpack_publicize_connections":[],"jetpack_featured_media_url":"https:\/\/armstrongyregion.com.ar\/diario\/wp-content\/uploads\/2017\/08\/DSC_0752.jpg","jetpack_shortlink":"https:\/\/wp.me\/p62QDO-3HH","jetpack_sharing_enabled":true,"amp_enabled":true,"_links":{"self":[{"href":"https:\/\/armstrongyregion.com.ar\/diario\/wp-json\/wp\/v2\/posts\/14241","targetHints":{"allow":["GET"]}}],"collection":[{"href":"https:\/\/armstrongyregion.com.ar\/diario\/wp-json\/wp\/v2\/posts"}],"about":[{"href":"https:\/\/armstrongyregion.com.ar\/diario\/wp-json\/wp\/v2\/types\/post"}],"author":[{"embeddable":true,"href":"https:\/\/armstrongyregion.com.ar\/diario\/wp-json\/wp\/v2\/users\/1"}],"replies":[{"embeddable":true,"href":"https:\/\/armstrongyregion.com.ar\/diario\/wp-json\/wp\/v2\/comments?post=14241"}],"version-history":[{"count":0,"href":"https:\/\/armstrongyregion.com.ar\/diario\/wp-json\/wp\/v2\/posts\/14241\/revisions"}],"wp:featuredmedia":[{"embeddable":true,"href":"https:\/\/armstrongyregion.com.ar\/diario\/wp-json\/wp\/v2\/media\/14242"}],"wp:attachment":[{"href":"https:\/\/armstrongyregion.com.ar\/diario\/wp-json\/wp\/v2\/media?parent=14241"}],"wp:term":[{"taxonomy":"category","embeddable":true,"href":"https:\/\/armstrongyregion.com.ar\/diario\/wp-json\/wp\/v2\/categories?post=14241"},{"taxonomy":"post_tag","embeddable":true,"href":"https:\/\/armstrongyregion.com.ar\/diario\/wp-json\/wp\/v2\/tags?post=14241"}],"curies":[{"name":"wp","href":"https:\/\/api.w.org\/{rel}","templated":true}]}}