{"id":14238,"date":"2017-08-22T13:39:49","date_gmt":"2017-08-22T13:39:49","guid":{"rendered":"https:\/\/armstrongyregion.com.ar\/diario\/?p=14238"},"modified":"2017-08-22T13:39:49","modified_gmt":"2017-08-22T13:39:49","slug":"armstrong-orden-del-dia-22-de-agosto","status":"publish","type":"post","link":"https:\/\/armstrongyregion.com.ar\/diario\/armstrong-orden-del-dia-22-de-agosto\/","title":{"rendered":"Armstrong. Orden del D\u00eda 22 de Agosto."},"content":{"rendered":"<p><a href=\"http:\/\/armstrongyregion.com.ar\/diario\/wp-content\/uploads\/2017\/08\/Armstrong-Concejo-2.jpeg\"><img loading=\"lazy\" decoding=\"async\" class=\"alignnone size-medium wp-image-14239\" src=\"http:\/\/armstrongyregion.com.ar\/diario\/wp-content\/uploads\/2017\/08\/Armstrong-Concejo-2-300x168.jpeg\" alt=\"Armstrong-Concejo-\" width=\"300\" height=\"168\" srcset=\"https:\/\/armstrongyregion.com.ar\/diario\/wp-content\/uploads\/2017\/08\/Armstrong-Concejo-2-300x168.jpeg 300w, https:\/\/armstrongyregion.com.ar\/diario\/wp-content\/uploads\/2017\/08\/Armstrong-Concejo-2.jpeg 960w\" sizes=\"auto, (max-width: 300px) 100vw, 300px\" \/><\/a>1-\u00a0 <u>ACTA\u00a0 SESI\u00d3N\u00a0 N\u00ba 941<\/u><\/p>\n<p><u>\u00a0<\/u>2-\u00a0 <u>MENSAJES DEL D.E.:<\/u><\/p>\n<p>3-\u00a0 <u>CORRESPONDENCIA:<\/u><\/p>\n<p>4-\u00a0 <u>DICTAMENES DE COMISIONES:<\/u><\/p>\n<p>5-\u00a0 <u>PROYECTOS DE CONCEJALES:<\/u><\/p>\n<p>A- <u>BLOQUE DE FRENTE PROGRESISTA, C\u00cdVICO Y SOCIAL:<\/u><\/p>\n<p>B- <u>BLOQUE DE RENOVACI\u00d3N POR ARMSTRONG:<\/u><\/p>\n<p>1- M.C.: COLOCACI\u00d3N DE CARTELES EN BICISENDA UBICADA A LA VERA DE LAS VIAS FERREAS, QUE INDIQUEN LA NO UTILIZACI\u00d3N DE MOTOCICLETAS Y REALIZACI\u00d3N DE CONTROLES NECESARIOS PARA EVITAR CUALQUIER TIPO DE ACCIDENTE.<\/p>\n<p>2- M.C.: INFORMACI\u00d3N SOBRE LAS CAUSAS POR LAS CUALES SE ESTA HACIENDO UNA TALA Y EXTRACCION DE \u00c1RBOLES EN LA CIUDAD.<\/p>\n<p>C- <u>BLOQUE DE LA GRAN\u00a0 ARGENTINA \u2013 PARTIDO JUSTICIALISTA:<\/u><\/p>\n<p><u>\u00a0<\/u>\u00a03- M.C: ICLUIR DENTRO DEL PLAN DE AMPLIACION CLOACAL AL SECTOR COMPRENDIDO DE CALLE LA PLATA, ENTRE CUFFIA Y RUTA NACIONAL N\u00ba9.<\/p>\n<p>D- <u>BLOQUE DE FRENTE JUSTICIALISTA PARA LA VICTORIA:<\/u><\/p>\n<p>4- M.C.: LA NECESIDAD DE DAR CUMPLIMIENTO A LA ORDENANZA VIGENTE SOBRE EL PROGRAMA INTEGRAL DE MANTENIMIENTO DE LAS CALLES PAVIMENTADAS DE NUESTRA CIUDAD.<\/p>\n<p>&nbsp;<\/p>\n<p>E- <u>CONCEJO:<\/u><\/p>\n<p>&nbsp;<\/p>\n<p>5- MD.: 26 DE AGOSTO D\u00cdA DE LA SOLIDARIDAD.<\/p>\n<p>&nbsp;<\/p>\n<p>&nbsp;<\/p>\n<p>INICIO A LAS 20:00 HORAS.-<\/p>\n<p>&nbsp;<\/p>\n<p>&nbsp;<\/p>\n<p>&nbsp;<\/p>\n<p>&nbsp;<\/p>\n<p>&nbsp;<\/p>\n<p>&nbsp;<\/p>\n<p>&nbsp;<\/p>\n<p>&nbsp;<\/p>\n<p>&nbsp;<\/p>\n","protected":false},"excerpt":{"rendered":"<p>1-\u00a0 ACTA\u00a0 SESI\u00d3N\u00a0 N\u00ba 941 \u00a02-\u00a0 MENSAJES DEL D.E.: 3-\u00a0 CORRESPONDENCIA: 4-\u00a0 DICTAMENES DE COMISIONES: 5-\u00a0 PROYECTOS DE CONCEJALES: A- BLOQUE DE FRENTE PROGRESISTA, C\u00cdVICO Y SOCIAL: B- BLOQUE DE RENOVACI\u00d3N POR ARMSTRONG: 1- M.C.: COLOCACI\u00d3N DE CARTELES EN BICISENDA UBICADA A LA VERA DE LAS VIAS FERREAS, QUE INDIQUEN LA NO UTILIZACI\u00d3N DE MOTOCICLETAS <a href=\"https:\/\/armstrongyregion.com.ar\/diario\/armstrong-orden-del-dia-22-de-agosto\/\" title=\"Read more\" >&#8230;<\/a><\/p>\n","protected":false},"author":1,"featured_media":14239,"comment_status":"open","ping_status":"open","sticky":false,"template":"","format":"standard","meta":{"_jetpack_memberships_contains_paid_content":false,"footnotes":"","jetpack_publicize_message":"","jetpack_publicize_feature_enabled":true,"jetpack_social_post_already_shared":false,"jetpack_social_options":{"image_generator_settings":{"template":"highway","default_image_id":0,"enabled":false},"version":2}},"categories":[8,1,2,7],"tags":[5824],"class_list":["post-14238","post","type-post","status-publish","format-standard","has-post-thumbnail","hentry","category-deliberando","category-diario-armstrong","category-locales","category-politica","tag-armstrong-orden-del-dia-22-de-agosto"],"jetpack_publicize_connections":[],"jetpack_featured_media_url":"https:\/\/armstrongyregion.com.ar\/diario\/wp-content\/uploads\/2017\/08\/Armstrong-Concejo-2.jpeg","jetpack_shortlink":"https:\/\/wp.me\/p62QDO-3HE","jetpack_sharing_enabled":true,"amp_enabled":true,"_links":{"self":[{"href":"https:\/\/armstrongyregion.com.ar\/diario\/wp-json\/wp\/v2\/posts\/14238","targetHints":{"allow":["GET"]}}],"collection":[{"href":"https:\/\/armstrongyregion.com.ar\/diario\/wp-json\/wp\/v2\/posts"}],"about":[{"href":"https:\/\/armstrongyregion.com.ar\/diario\/wp-json\/wp\/v2\/types\/post"}],"author":[{"embeddable":true,"href":"https:\/\/armstrongyregion.com.ar\/diario\/wp-json\/wp\/v2\/users\/1"}],"replies":[{"embeddable":true,"href":"https:\/\/armstrongyregion.com.ar\/diario\/wp-json\/wp\/v2\/comments?post=14238"}],"version-history":[{"count":0,"href":"https:\/\/armstrongyregion.com.ar\/diario\/wp-json\/wp\/v2\/posts\/14238\/revisions"}],"wp:featuredmedia":[{"embeddable":true,"href":"https:\/\/armstrongyregion.com.ar\/diario\/wp-json\/wp\/v2\/media\/14239"}],"wp:attachment":[{"href":"https:\/\/armstrongyregion.com.ar\/diario\/wp-json\/wp\/v2\/media?parent=14238"}],"wp:term":[{"taxonomy":"category","embeddable":true,"href":"https:\/\/armstrongyregion.com.ar\/diario\/wp-json\/wp\/v2\/categories?post=14238"},{"taxonomy":"post_tag","embeddable":true,"href":"https:\/\/armstrongyregion.com.ar\/diario\/wp-json\/wp\/v2\/tags?post=14238"}],"curies":[{"name":"wp","href":"https:\/\/api.w.org\/{rel}","templated":true}]}}