{"id":14232,"date":"2017-08-22T00:36:10","date_gmt":"2017-08-22T00:36:10","guid":{"rendered":"https:\/\/armstrongyregion.com.ar\/diario\/?p=14232"},"modified":"2017-08-22T00:36:10","modified_gmt":"2017-08-22T00:36:10","slug":"elecciones-de-ctera-la-lista-celeste-y-violeta-visito-las-escuelas-armstronenses","status":"publish","type":"post","link":"https:\/\/armstrongyregion.com.ar\/diario\/elecciones-de-ctera-la-lista-celeste-y-violeta-visito-las-escuelas-armstronenses\/","title":{"rendered":"Elecciones de CTERA, la lista Celeste y Violeta visit\u00f3 las escuelas armstronenses."},"content":{"rendered":"<p><a href=\"http:\/\/armstrongyregion.com.ar\/diario\/wp-content\/uploads\/2017\/08\/Lista-Celeste-y-Violeta-.jpg\"><img loading=\"lazy\" decoding=\"async\" class=\"alignnone size-medium wp-image-14233\" src=\"http:\/\/armstrongyregion.com.ar\/diario\/wp-content\/uploads\/2017\/08\/Lista-Celeste-y-Violeta--300x169.jpg\" alt=\"Lista-Celeste-y-Violeta-\" width=\"300\" height=\"169\" srcset=\"https:\/\/armstrongyregion.com.ar\/diario\/wp-content\/uploads\/2017\/08\/Lista-Celeste-y-Violeta--300x169.jpg 300w, https:\/\/armstrongyregion.com.ar\/diario\/wp-content\/uploads\/2017\/08\/Lista-Celeste-y-Violeta-.jpg 960w\" sizes=\"auto, (max-width: 300px) 100vw, 300px\" \/><\/a>Representantes de la lista Celeste y Violeta, en dialogo con los medios locales informaron sobre las pr\u00f3ximas elecciones y sus proyectos: Adriana Monteverde, (Secretaria Adjunta de AMSAFE Provincia); Rogelio Retamoso (Miembro del Comit\u00e9 de Seguridad e Higiene de AMSAFE) y Daniela Charo (Candidata a Congresal por el Dto. Belgrano).<\/p>\n<p>Adriana Monteverde dijo: \u201cEstamos recorriendo la ciudad de Armstrong, como otras localidades de la provincia, \u00a0ya que el pr\u00f3ximo 7 de septiembre son las elecciones de CETERA, que se vota por un lado lo que es junta ejecutiva y por otro lado los Congresales de nuestra provincia que nos van a representar en el Congreso de la CETERA\u201d.<\/p>\n<p>La Secretaria agreg\u00f3: \u201cCETERA es la Confederaci\u00f3n de Trabajadores de la Educaci\u00f3n, es nuestra entidad madre, es la que agrupa a todos los sindicatos del pa\u00eds y es la que nos mantiene unidos y con la que llevamos adelante largas luchas en las que participamos a nivel nacional\u201d.<\/p>\n<p>Por otro lado Rogelio Retamoso a\u00f1adi\u00f3: \u201cNuestra propuesta, es la propuesta hist\u00f3rica de la CETERA que es la Defensa irrestricta de los derechos de los compa\u00f1eros. En esta elecci\u00f3n tenemos un escenario muy complicado, donde los pilares de nuestra lucha son seguir manteniendo la paritaria nacional, ya que la misma fue un logro. Y este a\u00f1o el gobierno nacional no quiso recibirlo en este car\u00e1cter, ya que por ejemplo la paritaria nacional establec\u00eda un piso salarial docente, este a\u00f1o, el gobierno incumpli\u00f3 una ley. Esto dio origen a la escuela itinerante antes la carpa blanca. Tambi\u00e9n nos resistimos a la jubilaci\u00f3n docente de equiparaci\u00f3n y tercer punto nuestra lucha establec\u00eda que se cumpla la ley de financiamiento educativo que fundaba un 6% del producto bruto interno, esto tampoco se ejecut\u00f3. Hoy pretendemos un el 10% del producto interno para educaci\u00f3n. Esto marco dos hechos importantes las movilizaciones en plaza de mayo, y a nivel provincial si bien hemos tenido paritarias reci\u00e9n en agosto se cumpli\u00f3 la segunda parte del acuerdo salarial que con la inflaci\u00f3n sinceramente este ingreso no rindi\u00f3\u201d.<\/p>\n<p>Daniela Charo, quien representa al Departamento Belgrano, dijo: \u201cquiero llevar la voz a los congresos de CETERA, hace varios a\u00f1os que milito en el Departamento. Creemos que esta es la forma de hacer gremio, en el departamento, en la provincia y a nivel pa\u00eds, por lo tanto pido el acompa\u00f1amiento de todos los docentes del Departamento\u201d.<\/p>\n<p>&nbsp;<\/p>\n","protected":false},"excerpt":{"rendered":"<p>Representantes de la lista Celeste y Violeta, en dialogo con los medios locales informaron sobre las pr\u00f3ximas elecciones y sus proyectos: Adriana Monteverde, (Secretaria Adjunta de AMSAFE Provincia); Rogelio Retamoso (Miembro del Comit\u00e9 de Seguridad e Higiene de AMSAFE) y Daniela Charo (Candidata a Congresal por el Dto. Belgrano). Adriana Monteverde dijo: \u201cEstamos recorriendo la <a href=\"https:\/\/armstrongyregion.com.ar\/diario\/elecciones-de-ctera-la-lista-celeste-y-violeta-visito-las-escuelas-armstronenses\/\" title=\"Read more\" >&#8230;<\/a><\/p>\n","protected":false},"author":1,"featured_media":14233,"comment_status":"open","ping_status":"open","sticky":false,"template":"","format":"standard","meta":{"_jetpack_memberships_contains_paid_content":false,"footnotes":"","jetpack_publicize_message":"","jetpack_publicize_feature_enabled":true,"jetpack_social_post_already_shared":false,"jetpack_social_options":{"image_generator_settings":{"template":"highway","default_image_id":0,"enabled":false},"version":2}},"categories":[6,8,1,2,7,3],"tags":[5821,5822],"class_list":["post-14232","post","type-post","status-publish","format-standard","has-post-thumbnail","hentry","category-cultura-entretenimiento","category-deliberando","category-diario-armstrong","category-locales","category-politica","category-region","tag-elecciones-de-ctera","tag-la-lista-celeste-y-violeta-visito-las-escuelas-armstronenses"],"jetpack_publicize_connections":[],"jetpack_featured_media_url":"https:\/\/armstrongyregion.com.ar\/diario\/wp-content\/uploads\/2017\/08\/Lista-Celeste-y-Violeta-.jpg","jetpack_shortlink":"https:\/\/wp.me\/p62QDO-3Hy","jetpack_sharing_enabled":true,"amp_enabled":true,"_links":{"self":[{"href":"https:\/\/armstrongyregion.com.ar\/diario\/wp-json\/wp\/v2\/posts\/14232","targetHints":{"allow":["GET"]}}],"collection":[{"href":"https:\/\/armstrongyregion.com.ar\/diario\/wp-json\/wp\/v2\/posts"}],"about":[{"href":"https:\/\/armstrongyregion.com.ar\/diario\/wp-json\/wp\/v2\/types\/post"}],"author":[{"embeddable":true,"href":"https:\/\/armstrongyregion.com.ar\/diario\/wp-json\/wp\/v2\/users\/1"}],"replies":[{"embeddable":true,"href":"https:\/\/armstrongyregion.com.ar\/diario\/wp-json\/wp\/v2\/comments?post=14232"}],"version-history":[{"count":0,"href":"https:\/\/armstrongyregion.com.ar\/diario\/wp-json\/wp\/v2\/posts\/14232\/revisions"}],"wp:featuredmedia":[{"embeddable":true,"href":"https:\/\/armstrongyregion.com.ar\/diario\/wp-json\/wp\/v2\/media\/14233"}],"wp:attachment":[{"href":"https:\/\/armstrongyregion.com.ar\/diario\/wp-json\/wp\/v2\/media?parent=14232"}],"wp:term":[{"taxonomy":"category","embeddable":true,"href":"https:\/\/armstrongyregion.com.ar\/diario\/wp-json\/wp\/v2\/categories?post=14232"},{"taxonomy":"post_tag","embeddable":true,"href":"https:\/\/armstrongyregion.com.ar\/diario\/wp-json\/wp\/v2\/tags?post=14232"}],"curies":[{"name":"wp","href":"https:\/\/api.w.org\/{rel}","templated":true}]}}