{"id":14154,"date":"2017-08-16T14:32:33","date_gmt":"2017-08-16T14:32:33","guid":{"rendered":"https:\/\/armstrongyregion.com.ar\/diario\/?p=14154"},"modified":"2017-08-16T14:32:33","modified_gmt":"2017-08-16T14:32:33","slug":"armstrong-acto-del-17-de-agosto-de-2017","status":"publish","type":"post","link":"https:\/\/armstrongyregion.com.ar\/diario\/armstrong-acto-del-17-de-agosto-de-2017\/","title":{"rendered":"Armstrong. Acto del 17 de Agosto de 2017."},"content":{"rendered":"<p><a href=\"http:\/\/armstrongyregion.com.ar\/diario\/wp-content\/uploads\/2017\/08\/17-ago-2017.jpg\"><img loading=\"lazy\" decoding=\"async\" class=\"alignnone size-medium wp-image-14155\" src=\"http:\/\/armstrongyregion.com.ar\/diario\/wp-content\/uploads\/2017\/08\/17-ago-2017-300x212.jpg\" alt=\"17 ago 2017\" width=\"300\" height=\"212\" srcset=\"https:\/\/armstrongyregion.com.ar\/diario\/wp-content\/uploads\/2017\/08\/17-ago-2017-300x212.jpg 300w, https:\/\/armstrongyregion.com.ar\/diario\/wp-content\/uploads\/2017\/08\/17-ago-2017.jpg 768w\" sizes=\"auto, (max-width: 300px) 100vw, 300px\" \/><\/a>La Municipalidad de Armstrong invita a toda la comunidad a participar del acto por un nuevo aniversario del paso a la Inmortalidad del Gral. Don Jos\u00e9 de San Mart\u00edn, el jueves 17 de agosto a las 14:30 hs. en Plaza San Mart\u00edn.<\/p>\n<p>El Himno Nacional ser\u00e1 interpretado por la Banda Infanto Juvenil del Conservatorio Municipal de M\u00fasica \u201cEnzo Vacchino\u201d, dirigido por el Maestro Cristian Guzm\u00e1n.<\/p>\n<p>Participar\u00e1n tambi\u00e9n las comunidades educativas de la Escuela N\u00ba 262 Domingo Faustino Sarmiento y la E.E.T N\u00ba291 Fray Luis Beltr\u00e1n<\/p>\n<p>En caso de lluvia el acto se trasladar\u00e1 a la Estaci\u00f3n M\u00e1s.<\/p>\n<p>&nbsp;<\/p>\n","protected":false},"excerpt":{"rendered":"<p>La Municipalidad de Armstrong invita a toda la comunidad a participar del acto por un nuevo aniversario del paso a la Inmortalidad del Gral. Don Jos\u00e9 de San Mart\u00edn, el jueves 17 de agosto a las 14:30 hs. en Plaza San Mart\u00edn. El Himno Nacional ser\u00e1 interpretado por la Banda Infanto Juvenil del Conservatorio Municipal <a href=\"https:\/\/armstrongyregion.com.ar\/diario\/armstrong-acto-del-17-de-agosto-de-2017\/\" title=\"Read more\" >&#8230;<\/a><\/p>\n","protected":false},"author":1,"featured_media":14155,"comment_status":"open","ping_status":"open","sticky":false,"template":"","format":"standard","meta":{"_jetpack_memberships_contains_paid_content":false,"footnotes":"","jetpack_publicize_message":"","jetpack_publicize_feature_enabled":true,"jetpack_social_post_already_shared":false,"jetpack_social_options":{"image_generator_settings":{"template":"highway","default_image_id":0,"enabled":false},"version":2}},"categories":[1,2,3],"tags":[5798],"class_list":["post-14154","post","type-post","status-publish","format-standard","has-post-thumbnail","hentry","category-diario-armstrong","category-locales","category-region","tag-armstrong-acto-del-17-de-agosto-de-2017"],"jetpack_publicize_connections":[],"jetpack_featured_media_url":"https:\/\/armstrongyregion.com.ar\/diario\/wp-content\/uploads\/2017\/08\/17-ago-2017.jpg","jetpack_shortlink":"https:\/\/wp.me\/p62QDO-3Gi","jetpack_sharing_enabled":true,"amp_enabled":true,"_links":{"self":[{"href":"https:\/\/armstrongyregion.com.ar\/diario\/wp-json\/wp\/v2\/posts\/14154","targetHints":{"allow":["GET"]}}],"collection":[{"href":"https:\/\/armstrongyregion.com.ar\/diario\/wp-json\/wp\/v2\/posts"}],"about":[{"href":"https:\/\/armstrongyregion.com.ar\/diario\/wp-json\/wp\/v2\/types\/post"}],"author":[{"embeddable":true,"href":"https:\/\/armstrongyregion.com.ar\/diario\/wp-json\/wp\/v2\/users\/1"}],"replies":[{"embeddable":true,"href":"https:\/\/armstrongyregion.com.ar\/diario\/wp-json\/wp\/v2\/comments?post=14154"}],"version-history":[{"count":0,"href":"https:\/\/armstrongyregion.com.ar\/diario\/wp-json\/wp\/v2\/posts\/14154\/revisions"}],"wp:featuredmedia":[{"embeddable":true,"href":"https:\/\/armstrongyregion.com.ar\/diario\/wp-json\/wp\/v2\/media\/14155"}],"wp:attachment":[{"href":"https:\/\/armstrongyregion.com.ar\/diario\/wp-json\/wp\/v2\/media?parent=14154"}],"wp:term":[{"taxonomy":"category","embeddable":true,"href":"https:\/\/armstrongyregion.com.ar\/diario\/wp-json\/wp\/v2\/categories?post=14154"},{"taxonomy":"post_tag","embeddable":true,"href":"https:\/\/armstrongyregion.com.ar\/diario\/wp-json\/wp\/v2\/tags?post=14154"}],"curies":[{"name":"wp","href":"https:\/\/api.w.org\/{rel}","templated":true}]}}