{"id":14151,"date":"2017-08-15T13:34:47","date_gmt":"2017-08-15T13:34:47","guid":{"rendered":"https:\/\/armstrongyregion.com.ar\/diario\/?p=14151"},"modified":"2017-08-15T13:34:47","modified_gmt":"2017-08-15T13:34:47","slug":"armstrong-orden-del-dia-15-de-agosto","status":"publish","type":"post","link":"https:\/\/armstrongyregion.com.ar\/diario\/armstrong-orden-del-dia-15-de-agosto\/","title":{"rendered":"Armstrong. Orden del D\u00eda 15 de agosto."},"content":{"rendered":"<p><a href=\"http:\/\/armstrongyregion.com.ar\/diario\/wp-content\/uploads\/2017\/08\/Armstrong-Concejo-1.jpeg\"><img loading=\"lazy\" decoding=\"async\" class=\"alignnone size-medium wp-image-14152\" src=\"http:\/\/armstrongyregion.com.ar\/diario\/wp-content\/uploads\/2017\/08\/Armstrong-Concejo-1-300x168.jpeg\" alt=\"Armstrong-Concejo-\" width=\"300\" height=\"168\" srcset=\"https:\/\/armstrongyregion.com.ar\/diario\/wp-content\/uploads\/2017\/08\/Armstrong-Concejo-1-300x168.jpeg 300w, https:\/\/armstrongyregion.com.ar\/diario\/wp-content\/uploads\/2017\/08\/Armstrong-Concejo-1.jpeg 960w\" sizes=\"auto, (max-width: 300px) 100vw, 300px\" \/><\/a>1-\u00a0 <u>ACTA\u00a0 SESI\u00d3N\u00a0 N\u00ba 940<\/u><\/p>\n<p><u>\u00a0<\/u>2-\u00a0 <u>MENSAJES DEL D.E.:<\/u><\/p>\n<p>A- PROYECTO DE ORDENANZA: MODIFICACI\u00d3N DE PARTIDAS DEL PRESUPUESTO GENERAL DE GASTOS Y C\u00c1LCULO DE RECURSOS, EJERCICIO FINANCIERO 2017.<\/p>\n<p>&nbsp;<\/p>\n<p>3-\u00a0 <u>CORRESPONDENCIA:<\/u><\/p>\n<p><u>\u00a0<\/u><\/p>\n<p>A- CL\u00cdNICA INTENSIVA DE CAPACITACI\u00d3N, ACTUALIZACI\u00d3N Y SUPERVISI\u00d3N DE TACAS, ORGANIZA EQUINOTERAPIA ARMSTRONG.<\/p>\n<p>&nbsp;<\/p>\n<p>B- CENTRO DE JUBILADOS PENSIONADOS PROVINCIALES: COLABORACI\u00d3N A FIN DE SOLVENTAR GASTOS, \u201cFIESTA CULTURAL NACIONAL E INTERNACIONAL DE REINAS DEL ADULTO MAYOR\u201d.<\/p>\n<p>&nbsp;<\/p>\n<p>C- INVITACI\u00d3N A JORNADA DE ARTICULACI\u00d3N INTERCICLOS E INTERINSTITUCIONAL.<\/p>\n<p>&nbsp;<\/p>\n<p>D- REMISERIA CENTRO: SOLICITA POSIBILIDAD DE HABILITAR MAS CHAPAS REMIS.<\/p>\n<p>&nbsp;<\/p>\n<p>4-\u00a0 <u>DICTAMENES DE COMISIONES:<\/u><\/p>\n<p>&nbsp;<\/p>\n<p>5-\u00a0 <u>PROYECTOS DE CONCEJALES:<\/u><\/p>\n<p>&nbsp;<\/p>\n<p>A- <u>BLOQUE DE FRENTE PROGRESISTA, C\u00cdVICO Y SOCIAL:<\/u><\/p>\n<p>&nbsp;<\/p>\n<p>1- MD.: INTER\u00c8S MUNICIPAL AL PRIMER ENCUENTRO DE CAPACITACI\u00d3N SANTAFESINO DE TACAS.<\/p>\n<p>&nbsp;<\/p>\n<p>B- <u>BLOQUE DE RENOVACI\u00d3N POR ARMSTRONG:<\/u><\/p>\n<p>&nbsp;<\/p>\n<p>C- <u>BLOQUE DE LA GRAN\u00a0 ARGENTINA \u2013 PARTIDO JUSTICIALISTA: <\/u><\/p>\n<p><u>\u00a0<\/u><\/p>\n<p>2- ORD.: PROGRAMA MUNICIPAL \u201cPRIMER EMPLEO\u201d.<\/p>\n<p>&nbsp;<\/p>\n<p>D- <u>BLOQUE DE FRENTE JUSTICIALISTA PARA LA VICTORIA:<\/u><\/p>\n<p>&nbsp;<\/p>\n<p>E- <u>CONCEJO:<\/u><\/p>\n<p>3 &#8211; MD.: 167\u00ba ANIVERSARIO DEL FALLECIMIENTO DE GRAL. JOS\u00c9 DE SAN MART\u00cdN.<\/p>\n<p>INICIO A LAS 20:00 HORAS.-<\/p>\n<p>&nbsp;<\/p>\n<p>&nbsp;<\/p>\n<p>&nbsp;<\/p>\n<p>&nbsp;<\/p>\n<p>&nbsp;<\/p>\n","protected":false},"excerpt":{"rendered":"<p>1-\u00a0 ACTA\u00a0 SESI\u00d3N\u00a0 N\u00ba 940 \u00a02-\u00a0 MENSAJES DEL D.E.: A- PROYECTO DE ORDENANZA: MODIFICACI\u00d3N DE PARTIDAS DEL PRESUPUESTO GENERAL DE GASTOS Y C\u00c1LCULO DE RECURSOS, EJERCICIO FINANCIERO 2017. &nbsp; 3-\u00a0 CORRESPONDENCIA: \u00a0 A- CL\u00cdNICA INTENSIVA DE CAPACITACI\u00d3N, ACTUALIZACI\u00d3N Y SUPERVISI\u00d3N DE TACAS, ORGANIZA EQUINOTERAPIA ARMSTRONG. &nbsp; B- CENTRO DE JUBILADOS PENSIONADOS PROVINCIALES: COLABORACI\u00d3N A FIN <a href=\"https:\/\/armstrongyregion.com.ar\/diario\/armstrong-orden-del-dia-15-de-agosto\/\" title=\"Read more\" >&#8230;<\/a><\/p>\n","protected":false},"author":1,"featured_media":14152,"comment_status":"open","ping_status":"open","sticky":false,"template":"","format":"standard","meta":{"_jetpack_memberships_contains_paid_content":false,"footnotes":"","jetpack_publicize_message":"","jetpack_publicize_feature_enabled":true,"jetpack_social_post_already_shared":false,"jetpack_social_options":{"image_generator_settings":{"template":"highway","default_image_id":0,"enabled":false},"version":2}},"categories":[8,1,2],"tags":[5797],"class_list":["post-14151","post","type-post","status-publish","format-standard","has-post-thumbnail","hentry","category-deliberando","category-diario-armstrong","category-locales","tag-armstrong-orden-del-dia-15-de-agosto"],"jetpack_publicize_connections":[],"jetpack_featured_media_url":"https:\/\/armstrongyregion.com.ar\/diario\/wp-content\/uploads\/2017\/08\/Armstrong-Concejo-1.jpeg","jetpack_shortlink":"https:\/\/wp.me\/p62QDO-3Gf","jetpack_sharing_enabled":true,"amp_enabled":true,"_links":{"self":[{"href":"https:\/\/armstrongyregion.com.ar\/diario\/wp-json\/wp\/v2\/posts\/14151","targetHints":{"allow":["GET"]}}],"collection":[{"href":"https:\/\/armstrongyregion.com.ar\/diario\/wp-json\/wp\/v2\/posts"}],"about":[{"href":"https:\/\/armstrongyregion.com.ar\/diario\/wp-json\/wp\/v2\/types\/post"}],"author":[{"embeddable":true,"href":"https:\/\/armstrongyregion.com.ar\/diario\/wp-json\/wp\/v2\/users\/1"}],"replies":[{"embeddable":true,"href":"https:\/\/armstrongyregion.com.ar\/diario\/wp-json\/wp\/v2\/comments?post=14151"}],"version-history":[{"count":0,"href":"https:\/\/armstrongyregion.com.ar\/diario\/wp-json\/wp\/v2\/posts\/14151\/revisions"}],"wp:featuredmedia":[{"embeddable":true,"href":"https:\/\/armstrongyregion.com.ar\/diario\/wp-json\/wp\/v2\/media\/14152"}],"wp:attachment":[{"href":"https:\/\/armstrongyregion.com.ar\/diario\/wp-json\/wp\/v2\/media?parent=14151"}],"wp:term":[{"taxonomy":"category","embeddable":true,"href":"https:\/\/armstrongyregion.com.ar\/diario\/wp-json\/wp\/v2\/categories?post=14151"},{"taxonomy":"post_tag","embeddable":true,"href":"https:\/\/armstrongyregion.com.ar\/diario\/wp-json\/wp\/v2\/tags?post=14151"}],"curies":[{"name":"wp","href":"https:\/\/api.w.org\/{rel}","templated":true}]}}