{"id":1410,"date":"2015-03-24T15:20:29","date_gmt":"2015-03-24T15:20:29","guid":{"rendered":"https:\/\/armstrongyregion.com.ar\/diario\/?p=1410"},"modified":"2015-03-24T15:20:29","modified_gmt":"2015-03-24T15:20:29","slug":"juan-carlos-valdano-el-departamento-belgrano-es-una-region-economico-social-con-un-fuerte-perfil-industrial","status":"publish","type":"post","link":"https:\/\/armstrongyregion.com.ar\/diario\/juan-carlos-valdano-el-departamento-belgrano-es-una-region-economico-social-con-un-fuerte-perfil-industrial\/","title":{"rendered":"Juan Carlos Valdano: El departamento Belgrano es una regi\u00f3n econ\u00f3mico-social, con un fuerte perfil industrial."},"content":{"rendered":"<p><a href=\"http:\/\/armstrongyregion.com.ar\/diario\/wp-content\/uploads\/2015\/03\/Deliberando-8-023.jpg\"><img loading=\"lazy\" decoding=\"async\" class=\"alignnone size-medium wp-image-1411\" src=\"http:\/\/armstrongyregion.com.ar\/diario\/wp-content\/uploads\/2015\/03\/Deliberando-8-023-300x195.jpg\" alt=\"Deliberando 8 023\" width=\"300\" height=\"195\" srcset=\"https:\/\/armstrongyregion.com.ar\/diario\/wp-content\/uploads\/2015\/03\/Deliberando-8-023-300x195.jpg 300w, https:\/\/armstrongyregion.com.ar\/diario\/wp-content\/uploads\/2015\/03\/Deliberando-8-023.jpg 768w\" sizes=\"auto, (max-width: 300px) 100vw, 300px\" \/><\/a>En Las Parejas se concret\u00f3 el lanzamiento oficial de los pre candidatos del Frente Progresita C\u00edvico y Social a senador departamental y a intendenta, Dr. Juan Carlos Valdano y Arq. Sandra Clerici junto a la lista de concejales.<br \/>\nEl actual Subsecretario de Articulaci\u00f3n Territorial, al responder sobre el momento que estaba viviendo dijo: \u201cMe siento con una suerte de emoci\u00f3n y una mezcla de responsabilidad, ya que nos hemos presentado ante el gran p\u00fablico y tenemos nuestras propuestas que son concretas y est\u00e1n para ser evaluadas, realizando un trabajo empe\u00f1oso, recorriendo todo el departamento, las instituciones y charlando con la gente y por ello tenemos claras percepciones de cambio y eso nos alienta a trabajar m\u00e1s y capacitarnos aun m\u00e1s\u201d.<br \/>\nValdano fue consultado sobre las principales propuestas de esta campa\u00f1a, respondiendo de esta manera: \u201cNosotros apreciamos el departamento Belgrano no como una sumatoria de comunidades sino como una regi\u00f3n econ\u00f3mico social, con un fuerte perfil industrial y a partir de all\u00ed tenemos que estar haciendo todo nuestro trabajo, en cuanto a salud, educaci\u00f3n y cada tema social que est\u00e1 vinculado con esta singular matriz que por algo somos uno de los que m\u00e1s aportamos al producto bruto interno nacional en relaci\u00f3n a los habitantes, por ello nosotros no podemos dejar de ver esa cuesti\u00f3n, es asi que debemos centrar el inter\u00e9s de velar por los intereses sociales de la regi\u00f3n.\u201d<br \/>\nEl pre candidato a senador lleva como suplente en esa categor\u00eda electoral a Maria Alejandra Salvucci, sobre la edila de la ciudad de Las Rosas expres\u00f3: \u201cAlejandra es una compa\u00f1era de un gran compromiso, es una fuerte militante, es una gestora social, es una docente reconocida. Cuando le ped\u00ed me acompa\u00f1ara porque necesitaba alguien de su convicci\u00f3n, de su fuerza, que este conmigo que estemos consustanciados fuertemente, inmediatamente me dijo que s\u00ed, eso ha sido para m\u00ed un regalo, un regalo que uno recibe de la fuerza militante.\u201d<\/p>\n","protected":false},"excerpt":{"rendered":"<p>En Las Parejas se concret\u00f3 el lanzamiento oficial de los pre candidatos del Frente Progresita C\u00edvico y Social a senador departamental y a intendenta, Dr. Juan Carlos Valdano y Arq. Sandra Clerici junto a la lista de concejales. El actual Subsecretario de Articulaci\u00f3n Territorial, al responder sobre el momento que estaba viviendo dijo: \u201cMe siento <a href=\"https:\/\/armstrongyregion.com.ar\/diario\/juan-carlos-valdano-el-departamento-belgrano-es-una-region-economico-social-con-un-fuerte-perfil-industrial\/\" title=\"Read more\" >&#8230;<\/a><\/p>\n","protected":false},"author":2,"featured_media":1411,"comment_status":"open","ping_status":"open","sticky":false,"template":"","format":"standard","meta":{"_jetpack_memberships_contains_paid_content":false,"footnotes":"","jetpack_publicize_message":"","jetpack_publicize_feature_enabled":true,"jetpack_social_post_already_shared":false,"jetpack_social_options":{"image_generator_settings":{"template":"highway","default_image_id":0,"enabled":false},"version":2}},"categories":[1,7,3],"tags":[873,100,872,1229,139,1134,22,1228,1230,388,192,103],"class_list":["post-1410","post","type-post","status-publish","format-standard","has-post-thumbnail","hentry","category-diario-armstrong","category-politica","category-region","tag-belgrano","tag-con","tag-departamento","tag-economico-social","tag-es","tag-fuerte","tag-industrial","tag-juan-carlos-valdano-el","tag-perfil","tag-region-2","tag-un","tag-una"],"jetpack_publicize_connections":[],"jetpack_featured_media_url":"https:\/\/armstrongyregion.com.ar\/diario\/wp-content\/uploads\/2015\/03\/Deliberando-8-023.jpg","jetpack_shortlink":"https:\/\/wp.me\/p62QDO-mK","jetpack_sharing_enabled":true,"amp_enabled":true,"_links":{"self":[{"href":"https:\/\/armstrongyregion.com.ar\/diario\/wp-json\/wp\/v2\/posts\/1410","targetHints":{"allow":["GET"]}}],"collection":[{"href":"https:\/\/armstrongyregion.com.ar\/diario\/wp-json\/wp\/v2\/posts"}],"about":[{"href":"https:\/\/armstrongyregion.com.ar\/diario\/wp-json\/wp\/v2\/types\/post"}],"author":[{"embeddable":true,"href":"https:\/\/armstrongyregion.com.ar\/diario\/wp-json\/wp\/v2\/users\/2"}],"replies":[{"embeddable":true,"href":"https:\/\/armstrongyregion.com.ar\/diario\/wp-json\/wp\/v2\/comments?post=1410"}],"version-history":[{"count":0,"href":"https:\/\/armstrongyregion.com.ar\/diario\/wp-json\/wp\/v2\/posts\/1410\/revisions"}],"wp:featuredmedia":[{"embeddable":true,"href":"https:\/\/armstrongyregion.com.ar\/diario\/wp-json\/wp\/v2\/media\/1411"}],"wp:attachment":[{"href":"https:\/\/armstrongyregion.com.ar\/diario\/wp-json\/wp\/v2\/media?parent=1410"}],"wp:term":[{"taxonomy":"category","embeddable":true,"href":"https:\/\/armstrongyregion.com.ar\/diario\/wp-json\/wp\/v2\/categories?post=1410"},{"taxonomy":"post_tag","embeddable":true,"href":"https:\/\/armstrongyregion.com.ar\/diario\/wp-json\/wp\/v2\/tags?post=1410"}],"curies":[{"name":"wp","href":"https:\/\/api.w.org\/{rel}","templated":true}]}}