{"id":1407,"date":"2015-03-24T15:17:16","date_gmt":"2015-03-24T15:17:16","guid":{"rendered":"https:\/\/armstrongyregion.com.ar\/diario\/?p=1407"},"modified":"2015-03-24T15:17:16","modified_gmt":"2015-03-24T15:17:16","slug":"crossetti-hemos-comenzado-con-el-desarrollo-de-un-parque-tematico-regional-en-bouquet","status":"publish","type":"post","link":"https:\/\/armstrongyregion.com.ar\/diario\/crossetti-hemos-comenzado-con-el-desarrollo-de-un-parque-tematico-regional-en-bouquet\/","title":{"rendered":"Crossetti: \u201cHemos comenzado con el desarrollo de un Parque Tem\u00e1tico Regional en Bouquet\u201d"},"content":{"rendered":"<p><a href=\"http:\/\/armstrongyregion.com.ar\/diario\/wp-content\/uploads\/2015\/03\/11071737_1012040165492416_7001951748978251016_n-1.jpg\"><img loading=\"lazy\" decoding=\"async\" class=\"alignnone size-medium wp-image-1408\" src=\"http:\/\/armstrongyregion.com.ar\/diario\/wp-content\/uploads\/2015\/03\/11071737_1012040165492416_7001951748978251016_n-1-300x200.jpg\" alt=\"crossetti\" width=\"300\" height=\"200\" srcset=\"https:\/\/armstrongyregion.com.ar\/diario\/wp-content\/uploads\/2015\/03\/11071737_1012040165492416_7001951748978251016_n-1-300x200.jpg 300w, https:\/\/armstrongyregion.com.ar\/diario\/wp-content\/uploads\/2015\/03\/11071737_1012040165492416_7001951748978251016_n-1.jpg 960w\" sizes=\"auto, (max-width: 300px) 100vw, 300px\" \/><\/a>El Senador Provincial, Alberto Crossetti, manifest\u00f3 \u201cporque pensamos en los ni\u00f1os de la regi\u00f3n, llegaron las figuras de personajes animados a Bouquet\u201d, adem\u00e1s dio detalles del Plan de Desarrollo Estrat\u00e9gico elaborado por su equipo de trabajo y la Asociaci\u00f3n de Emprendedores de Bouquet para la creaci\u00f3n de un PARQUE TEMATICO en esta localidad, al respecto dijo \u201cLlegaron las primeras figuras de los personajes animados, de un total de m\u00e1s de 30, con la que pensamos hacer un Parque Tem\u00e1tico Regional, que va a ser un atractivo para toda la zona de influencia del Departamento Belgrano y tambi\u00e9n localidades y ciudades aleda\u00f1as, donde habida cuenta que hoy no hay un parque de esas caracter\u00edsticas, de ese tama\u00f1o, que va a tener 1000 metros de largo por un ancho que da al predio del ferrocarril, donde se va a poder hacer, y construir una pista de skate, tirolesa, arborismo, donde los j\u00f3venes los chicos van a poder acampar y disfrutar los mas chiquitos de las figuras, que no solo ser\u00e1n las figuras de Walt Disney, sino de personajes animados de historietas nacionales caso Mafalda, Patoruz\u00fa, etc. Habr\u00e1 una gastronom\u00eda muy econ\u00f3mica, a precios acordes y accesibles, para las personas que traen a sus hijos, a sus nietos, y puedan disfrutar en ambas temporadas ya sea invernal y de verano, tambi\u00e9n va a significar trabajo para la gente de la localidad en ese rubro y en el de servicios y mantenimiento. El parque pensamos completarlo con otras actividades que se puedan desarrollar y que tambi\u00e9n puedan ser did\u00e1cticas pensando en la salud f\u00edsica y ps\u00edquica de los ni\u00f1os y la tranquilidad que tiene Bouquet donde el pap\u00e1, la mama y el abuelo van a poder llegar y van a poder estar tranquilos por la seguridad que brindan los pueblos chicos, en fin un parque que no hay en la zona y que sea el atractivo y la excusa para venir a visitar a Bouquet que deber\u00e1 ofrecer adem\u00e1s en virtud de esto y de la influencia de gente otros servicios.<br \/>\nAdem\u00e1s Crossetti agreg\u00f3 \u201cEsto es parte de un proyecto integral desarrollado a lo largo de un a\u00f1o y medio, arrancamos en el a\u00f1o 2013 se fue llevando a cabo por el arquitecto Santafesino Rafael Araya con la anuencia y la idea de la Asociaci\u00f3n de Emprendedores locales y Movimiento por el Cambio, representado por Nelson Almaraz y todo su equipo, que permanentemente nos consultamos y ve\u00edamos la posibilidad de integrar esto a la comunidad por los espacios desperdiciados, por eso quiero agradecer en esto la idea y el acompa\u00f1amiento del equipo de Nelson Almaraz que si llegan a la Comuna r\u00e1pidamente vamos a poder hacer realidad este parque, que hasta ahora tuvimos la negativa del actual presidente comunal lo que nunca aprob\u00f3 esta idea a pesar de haber presentado los proyectos en tiempo y en forma, nunca tuvimos una contestaci\u00f3n de que pod\u00edamos hacerlo, sino que desde esa administraci\u00f3n comunal lo que se pretend\u00eda era que consigui\u00e9ramos el dinero y sea la comuna quien llevara esta idea y pens\u00e1bamos que no deber\u00eda ser as\u00ed porque la idea fue gestada por este equipo, por este grupo y deber\u00eda ser desde luego ejecutada y terminada por los mismos. Lo \u00fanico que hizo la actual administraci\u00f3n comunal fue poner permanentemente palos en la rueda haciendo denuncias cuando plant\u00e1bamos arboles para hermosear el pueblo impidiendo el acceso a los lugares p\u00fablicos y de dominio comunal a pesar de que dimos todas las muestras de trabajar en conjunto y presentamos el debido proyecto, siempre tuvimos una negativa en ese aspecto\u201d.<\/p>\n","protected":false},"excerpt":{"rendered":"<p>El Senador Provincial, Alberto Crossetti, manifest\u00f3 \u201cporque pensamos en los ni\u00f1os de la regi\u00f3n, llegaron las figuras de personajes animados a Bouquet\u201d, adem\u00e1s dio detalles del Plan de Desarrollo Estrat\u00e9gico elaborado por su equipo de trabajo y la Asociaci\u00f3n de Emprendedores de Bouquet para la creaci\u00f3n de un PARQUE TEMATICO en esta localidad, al respecto <a href=\"https:\/\/armstrongyregion.com.ar\/diario\/crossetti-hemos-comenzado-con-el-desarrollo-de-un-parque-tematico-regional-en-bouquet\/\" title=\"Read more\" >&#8230;<\/a><\/p>\n","protected":false},"author":2,"featured_media":1408,"comment_status":"open","ping_status":"open","sticky":false,"template":"","format":"standard","meta":{"_jetpack_memberships_contains_paid_content":false,"footnotes":"","jetpack_publicize_message":"","jetpack_publicize_feature_enabled":true,"jetpack_social_post_already_shared":false,"jetpack_social_options":{"image_generator_settings":{"template":"highway","default_image_id":0,"enabled":false},"version":2}},"categories":[1,7,3],"tags":[504,229,1224,100,239,19,1225,16,15,1226,246,1227,192],"class_list":["post-1407","post","type-post","status-publish","format-standard","has-post-thumbnail","hentry","category-diario-armstrong","category-politica","category-region","tag-hemos","tag-bouquet","tag-comenzado","tag-con","tag-crossetti","tag-de","tag-desarrollo","tag-el","tag-en","tag-parque","tag-regional","tag-tematico","tag-un"],"jetpack_publicize_connections":[],"jetpack_featured_media_url":"https:\/\/armstrongyregion.com.ar\/diario\/wp-content\/uploads\/2015\/03\/11071737_1012040165492416_7001951748978251016_n-1.jpg","jetpack_shortlink":"https:\/\/wp.me\/p62QDO-mH","jetpack_sharing_enabled":true,"amp_enabled":true,"_links":{"self":[{"href":"https:\/\/armstrongyregion.com.ar\/diario\/wp-json\/wp\/v2\/posts\/1407","targetHints":{"allow":["GET"]}}],"collection":[{"href":"https:\/\/armstrongyregion.com.ar\/diario\/wp-json\/wp\/v2\/posts"}],"about":[{"href":"https:\/\/armstrongyregion.com.ar\/diario\/wp-json\/wp\/v2\/types\/post"}],"author":[{"embeddable":true,"href":"https:\/\/armstrongyregion.com.ar\/diario\/wp-json\/wp\/v2\/users\/2"}],"replies":[{"embeddable":true,"href":"https:\/\/armstrongyregion.com.ar\/diario\/wp-json\/wp\/v2\/comments?post=1407"}],"version-history":[{"count":0,"href":"https:\/\/armstrongyregion.com.ar\/diario\/wp-json\/wp\/v2\/posts\/1407\/revisions"}],"wp:featuredmedia":[{"embeddable":true,"href":"https:\/\/armstrongyregion.com.ar\/diario\/wp-json\/wp\/v2\/media\/1408"}],"wp:attachment":[{"href":"https:\/\/armstrongyregion.com.ar\/diario\/wp-json\/wp\/v2\/media?parent=1407"}],"wp:term":[{"taxonomy":"category","embeddable":true,"href":"https:\/\/armstrongyregion.com.ar\/diario\/wp-json\/wp\/v2\/categories?post=1407"},{"taxonomy":"post_tag","embeddable":true,"href":"https:\/\/armstrongyregion.com.ar\/diario\/wp-json\/wp\/v2\/tags?post=1407"}],"curies":[{"name":"wp","href":"https:\/\/api.w.org\/{rel}","templated":true}]}}