{"id":14067,"date":"2017-08-08T20:22:50","date_gmt":"2017-08-08T20:22:50","guid":{"rendered":"https:\/\/armstrongyregion.com.ar\/diario\/?p=14067"},"modified":"2017-08-08T20:22:50","modified_gmt":"2017-08-08T20:22:50","slug":"deliberando-hoy-dos-candidatos-a-intendentes-de-armstrong-y-una-pre-candidata-a-diputada-nacional","status":"publish","type":"post","link":"https:\/\/armstrongyregion.com.ar\/diario\/deliberando-hoy-dos-candidatos-a-intendentes-de-armstrong-y-una-pre-candidata-a-diputada-nacional\/","title":{"rendered":"Deliberando, hoy dos candidatos a intendentes de Armstrong y una pre candidata a diputada nacional."},"content":{"rendered":"<p><img loading=\"lazy\" decoding=\"async\" class=\"alignnone size-medium wp-image-14070\" src=\"http:\/\/armstrongyregion.com.ar\/diario\/wp-content\/uploads\/2017\/08\/Concejal-Gramigna-101-300x200.jpg\" alt=\"Concejal-Gramigna-10\" width=\"300\" height=\"200\" srcset=\"https:\/\/armstrongyregion.com.ar\/diario\/wp-content\/uploads\/2017\/08\/Concejal-Gramigna-101-300x200.jpg 300w, https:\/\/armstrongyregion.com.ar\/diario\/wp-content\/uploads\/2017\/08\/Concejal-Gramigna-101.jpg 768w\" sizes=\"auto, (max-width: 300px) 100vw, 300px\" \/> <img loading=\"lazy\" decoding=\"async\" class=\"alignnone size-medium wp-image-14071\" src=\"http:\/\/armstrongyregion.com.ar\/diario\/wp-content\/uploads\/2017\/08\/Amalia-Granata-300x200.jpg\" alt=\"Amalia-Granata\" width=\"300\" height=\"200\" srcset=\"https:\/\/armstrongyregion.com.ar\/diario\/wp-content\/uploads\/2017\/08\/Amalia-Granata-300x200.jpg 300w, https:\/\/armstrongyregion.com.ar\/diario\/wp-content\/uploads\/2017\/08\/Amalia-Granata.jpg 768w\" sizes=\"auto, (max-width: 300px) 100vw, 300px\" \/> <img loading=\"lazy\" decoding=\"async\" class=\"alignnone size-medium wp-image-14072\" src=\"http:\/\/armstrongyregion.com.ar\/diario\/wp-content\/uploads\/2017\/08\/Dr.-Pablo-Verdecchia--300x200.jpg\" alt=\"Dr. Pablo Verdecchia-\" width=\"300\" height=\"200\" srcset=\"https:\/\/armstrongyregion.com.ar\/diario\/wp-content\/uploads\/2017\/08\/Dr.-Pablo-Verdecchia--300x200.jpg 300w, https:\/\/armstrongyregion.com.ar\/diario\/wp-content\/uploads\/2017\/08\/Dr.-Pablo-Verdecchia-.jpg 768w\" sizes=\"auto, (max-width: 300px) 100vw, 300px\" \/><\/p>\n<p>Emiliano Gramigna, Amalia Granatta y Pablo Verdecchia, nos contar\u00e1n sobre sus proyectos en la noche de hoy.<\/p>\n<p>El concejal Emiliano\u00a0 Gramigna, va en busca de un sill\u00f3n para darle a la ciudad su impronta y plasmar los proyectos de ciudad que desea, tambi\u00e9n informara porque la gente deber\u00eda de apoyar a sus candidatos el pr\u00f3ximo 13 de agosto.<\/p>\n<p>Camin\u00f3 la provincia en toda su extensi\u00f3n y recogi\u00f3 las necesidades de las distintas zonas y desea desde la c\u00e1mara baja nacional, ayudar a esos sectores sin dejar de pensar en la infraestructura que necesita la provincia y defender los derechos de las mujeres y los ni\u00f1os, la propia Amalia Granatta dir\u00e1 su pensamiento.<\/p>\n<p>El Dr. Pablo Verdecchia \u00a0actual intendente de Armstrong, desde su experiencia se explayar\u00e1 sobre lo que a\u00fan resta concretar de su plan de trabajo en favor de los armtronenses e invita a que la comunidad de Armstrong, acompa\u00f1e a su lista de pre-candidatos el pr\u00f3ximo domingo.<\/p>\n<p>Todo este martes en DELIBERANDO, con la conducci\u00f3n de la licenciada Graciela de la Casa- Oscar Crispino y Ezequiel Piccoli.<\/p>\n<p>Martes 8 de agosto horario especial 22,30hs Por Cable Imagen Armstrong.<\/p>\n<p>Reiteraci\u00f3n Mi\u00e9rcoles 13,30hs.<\/p>\n","protected":false},"excerpt":{"rendered":"<p>Emiliano Gramigna, Amalia Granatta y Pablo Verdecchia, nos contar\u00e1n sobre sus proyectos en la noche de hoy. El concejal Emiliano\u00a0 Gramigna, va en busca de un sill\u00f3n para darle a la ciudad su impronta y plasmar los proyectos de ciudad que desea, tambi\u00e9n informara porque la gente deber\u00eda de apoyar a sus candidatos el pr\u00f3ximo <a href=\"https:\/\/armstrongyregion.com.ar\/diario\/deliberando-hoy-dos-candidatos-a-intendentes-de-armstrong-y-una-pre-candidata-a-diputada-nacional\/\" title=\"Read more\" >&#8230;<\/a><\/p>\n","protected":false},"author":1,"featured_media":14052,"comment_status":"open","ping_status":"open","sticky":false,"template":"","format":"standard","meta":{"_jetpack_memberships_contains_paid_content":false,"footnotes":"","jetpack_publicize_message":"","jetpack_publicize_feature_enabled":true,"jetpack_social_post_already_shared":false,"jetpack_social_options":{"image_generator_settings":{"template":"highway","default_image_id":0,"enabled":false},"version":2}},"categories":[8,1,2,7,3],"tags":[],"class_list":["post-14067","post","type-post","status-publish","format-standard","has-post-thumbnail","hentry","category-deliberando","category-diario-armstrong","category-locales","category-politica","category-region"],"jetpack_publicize_connections":[],"jetpack_featured_media_url":"https:\/\/armstrongyregion.com.ar\/diario\/wp-content\/uploads\/2017\/08\/PROGRAMA-1.00_53_53_21.Imagen-fija008.jpg","jetpack_shortlink":"https:\/\/wp.me\/p62QDO-3ET","jetpack_sharing_enabled":true,"amp_enabled":true,"_links":{"self":[{"href":"https:\/\/armstrongyregion.com.ar\/diario\/wp-json\/wp\/v2\/posts\/14067","targetHints":{"allow":["GET"]}}],"collection":[{"href":"https:\/\/armstrongyregion.com.ar\/diario\/wp-json\/wp\/v2\/posts"}],"about":[{"href":"https:\/\/armstrongyregion.com.ar\/diario\/wp-json\/wp\/v2\/types\/post"}],"author":[{"embeddable":true,"href":"https:\/\/armstrongyregion.com.ar\/diario\/wp-json\/wp\/v2\/users\/1"}],"replies":[{"embeddable":true,"href":"https:\/\/armstrongyregion.com.ar\/diario\/wp-json\/wp\/v2\/comments?post=14067"}],"version-history":[{"count":0,"href":"https:\/\/armstrongyregion.com.ar\/diario\/wp-json\/wp\/v2\/posts\/14067\/revisions"}],"wp:featuredmedia":[{"embeddable":true,"href":"https:\/\/armstrongyregion.com.ar\/diario\/wp-json\/wp\/v2\/media\/14052"}],"wp:attachment":[{"href":"https:\/\/armstrongyregion.com.ar\/diario\/wp-json\/wp\/v2\/media?parent=14067"}],"wp:term":[{"taxonomy":"category","embeddable":true,"href":"https:\/\/armstrongyregion.com.ar\/diario\/wp-json\/wp\/v2\/categories?post=14067"},{"taxonomy":"post_tag","embeddable":true,"href":"https:\/\/armstrongyregion.com.ar\/diario\/wp-json\/wp\/v2\/tags?post=14067"}],"curies":[{"name":"wp","href":"https:\/\/api.w.org\/{rel}","templated":true}]}}