{"id":14043,"date":"2017-08-07T16:51:47","date_gmt":"2017-08-07T16:51:47","guid":{"rendered":"https:\/\/armstrongyregion.com.ar\/diario\/?p=14043"},"modified":"2017-08-07T16:57:31","modified_gmt":"2017-08-07T16:57:31","slug":"alerta-por-tormentas-fuertes-para-el-sur-de-santa-fe","status":"publish","type":"post","link":"https:\/\/armstrongyregion.com.ar\/diario\/alerta-por-tormentas-fuertes-para-el-sur-de-santa-fe\/","title":{"rendered":"Alerta por tormentas fuertes para el sur de Santa Fe."},"content":{"rendered":"<p><strong><a href=\"http:\/\/armstrongyregion.com.ar\/diario\/wp-content\/uploads\/2017\/04\/Alerta-1.jpg\"><img loading=\"lazy\" decoding=\"async\" class=\"alignnone size-medium wp-image-12665\" src=\"http:\/\/armstrongyregion.com.ar\/diario\/wp-content\/uploads\/2017\/04\/Alerta-1-300x198.jpg\" alt=\"Alerta-\" width=\"300\" height=\"198\" srcset=\"https:\/\/armstrongyregion.com.ar\/diario\/wp-content\/uploads\/2017\/04\/Alerta-1-300x198.jpg 300w, https:\/\/armstrongyregion.com.ar\/diario\/wp-content\/uploads\/2017\/04\/Alerta-1.jpg 960w\" sizes=\"auto, (max-width: 300px) 100vw, 300px\" \/><\/a>Se anuncia abundante ca\u00edda de agua en cortos per\u00edodos de tiempo, ocasional ca\u00edda de granizo, fuerte actividad el\u00e9ctrica y r\u00e1fagas.<\/strong><br \/>\n<span id=\"more-565767\"><\/span><\/p>\n<p>El Servicio Meteorol\u00f3gico Nacional (SMN) lanz\u00f3 un alerta por tormentas fuertes para el sur de Santa Fe, centro oeste de la provincia de Buenos Aires, sudeste de C\u00f3rdoba y este de La Pampa.<\/p>\n<p>El organismo indic\u00f3 que \u00e1reas de lluvias y tormentas comenzaron a formarse en el sur del \u00e1rea de cobertura. Se espera que se generalicen durante este lunes al resto de la zona provocando abundante ca\u00edda de agua en cortos per\u00edodos de tiempo, ocasional ca\u00edda de granizo, fuerte actividad el\u00e9ctrica y r\u00e1fagas.<\/p>\n<p>Por lo dem\u00e1s, el SMN a\u00f1adi\u00f3 que las condiciones tender\u00e1n a mejorar a partir de la madrugada de este martes.<\/p>\n<p>Fotograf\u00eda: Mario Duzevic<\/p>\n","protected":false},"excerpt":{"rendered":"<p>Se anuncia abundante ca\u00edda de agua en cortos per\u00edodos de tiempo, ocasional ca\u00edda de granizo, fuerte actividad el\u00e9ctrica y r\u00e1fagas. El Servicio Meteorol\u00f3gico Nacional (SMN) lanz\u00f3 un alerta por tormentas fuertes para el sur de Santa Fe, centro oeste de la provincia de Buenos Aires, sudeste de C\u00f3rdoba y este de La Pampa. El organismo <a href=\"https:\/\/armstrongyregion.com.ar\/diario\/alerta-por-tormentas-fuertes-para-el-sur-de-santa-fe\/\" title=\"Read more\" >&#8230;<\/a><\/p>\n","protected":false},"author":1,"featured_media":12439,"comment_status":"open","ping_status":"open","sticky":false,"template":"","format":"standard","meta":{"_jetpack_memberships_contains_paid_content":false,"footnotes":"","jetpack_publicize_message":"","jetpack_publicize_feature_enabled":true,"jetpack_social_post_already_shared":false,"jetpack_social_options":{"image_generator_settings":{"template":"highway","default_image_id":0,"enabled":false},"version":2}},"categories":[8,1,2,3],"tags":[5770],"class_list":["post-14043","post","type-post","status-publish","format-standard","has-post-thumbnail","hentry","category-deliberando","category-diario-armstrong","category-locales","category-region","tag-alerta-por-tormentas-fuertes-para-el-sur-de-santa-fe"],"jetpack_publicize_connections":[],"jetpack_featured_media_url":"https:\/\/armstrongyregion.com.ar\/diario\/wp-content\/uploads\/2017\/04\/Alerta-.jpg","jetpack_shortlink":"https:\/\/wp.me\/p62QDO-3Ev","jetpack_sharing_enabled":true,"amp_enabled":true,"_links":{"self":[{"href":"https:\/\/armstrongyregion.com.ar\/diario\/wp-json\/wp\/v2\/posts\/14043","targetHints":{"allow":["GET"]}}],"collection":[{"href":"https:\/\/armstrongyregion.com.ar\/diario\/wp-json\/wp\/v2\/posts"}],"about":[{"href":"https:\/\/armstrongyregion.com.ar\/diario\/wp-json\/wp\/v2\/types\/post"}],"author":[{"embeddable":true,"href":"https:\/\/armstrongyregion.com.ar\/diario\/wp-json\/wp\/v2\/users\/1"}],"replies":[{"embeddable":true,"href":"https:\/\/armstrongyregion.com.ar\/diario\/wp-json\/wp\/v2\/comments?post=14043"}],"version-history":[{"count":0,"href":"https:\/\/armstrongyregion.com.ar\/diario\/wp-json\/wp\/v2\/posts\/14043\/revisions"}],"wp:featuredmedia":[{"embeddable":true,"href":"https:\/\/armstrongyregion.com.ar\/diario\/wp-json\/wp\/v2\/media\/12439"}],"wp:attachment":[{"href":"https:\/\/armstrongyregion.com.ar\/diario\/wp-json\/wp\/v2\/media?parent=14043"}],"wp:term":[{"taxonomy":"category","embeddable":true,"href":"https:\/\/armstrongyregion.com.ar\/diario\/wp-json\/wp\/v2\/categories?post=14043"},{"taxonomy":"post_tag","embeddable":true,"href":"https:\/\/armstrongyregion.com.ar\/diario\/wp-json\/wp\/v2\/tags?post=14043"}],"curies":[{"name":"wp","href":"https:\/\/api.w.org\/{rel}","templated":true}]}}