{"id":14040,"date":"2017-08-07T16:41:01","date_gmt":"2017-08-07T16:41:01","guid":{"rendered":"https:\/\/armstrongyregion.com.ar\/diario\/?p=14040"},"modified":"2017-08-07T16:41:01","modified_gmt":"2017-08-07T16:41:01","slug":"canada-de-gomez-culmino-con-exito-la-3ra-edicion-de-la-feria-del-libro","status":"publish","type":"post","link":"https:\/\/armstrongyregion.com.ar\/diario\/canada-de-gomez-culmino-con-exito-la-3ra-edicion-de-la-feria-del-libro\/","title":{"rendered":"Ca\u00f1ada de G\u00f3mez. Culmin\u00f3 con \u00e9xito la 3ra Edici\u00f3n de la Feria del Libro."},"content":{"rendered":"<p><a href=\"http:\/\/armstrongyregion.com.ar\/diario\/wp-content\/uploads\/2017\/08\/feria-ca\u00f1ada.jpeg\"><img loading=\"lazy\" decoding=\"async\" class=\"alignnone size-medium wp-image-14041\" src=\"http:\/\/armstrongyregion.com.ar\/diario\/wp-content\/uploads\/2017\/08\/feria-ca\u00f1ada-300x169.jpeg\" alt=\"feria-ca\u00f1ada\" width=\"300\" height=\"169\" srcset=\"https:\/\/armstrongyregion.com.ar\/diario\/wp-content\/uploads\/2017\/08\/feria-ca\u00f1ada-300x169.jpeg 300w, https:\/\/armstrongyregion.com.ar\/diario\/wp-content\/uploads\/2017\/08\/feria-ca\u00f1ada.jpeg 768w\" sizes=\"auto, (max-width: 300px) 100vw, 300px\" \/><\/a>En la \u00faltima jornada se present\u00f3 la ganadora de MasterChef Elba Rodriguez, el libro \u201cAqu\u00ed lleg\u00f3 Bal\u00e1\u201d y la emblem\u00e1tica banda de rock ca\u00f1adense Punto G.<\/p>\n<p>Con la presentaci\u00f3n de Punto G termin\u00f3 la 3ra edici\u00f3n de la Feria del Libro \u201cCa\u00f1ada Libro y Lectura 2017\u201d organizada por la gesti\u00f3n municipal, que durante cuatro d\u00edas convoc\u00f3 a muchos ca\u00f1adenses que recorrieron los stands de las librer\u00edas Mi Quchitril, Veo Veo, Clisgraf y Armon\u00eda m\u00e1s el de Editorial Pirca.<br \/>\nAdem\u00e1s la feria tuvo espacio de juegos para los m\u00e1s peque\u00f1os, disertaciones junto a presentaciones de libros y un bufet a cargo de Emprendedores de nuestra ciudad. En la \u00faltima jornada, se present\u00f3 el libro \u201cAqu\u00ed lleg\u00f3 Bal\u00e1\u201d con textos, im\u00e1genes y canciones interpretadas por Ruben Carrera y Luchi Giorgis. Estuvo cocinando en vivo Elba Rodr\u00edguez, ganadora de la primera edici\u00f3n del reality Master Chef, que cont\u00f3 con la colaboraci\u00f3n de la secretaria de Cultura y de la intendenta, quienes cocinaron all\u00ed.<br \/>\nPara el cierre, Stella Cl\u00e9rici agradeci\u00f3 a todo el equipo de trabajo por estos cuatro d\u00edas de feria y destac\u00f3 \u201cla importancia de este \u00e1mbito que permite a las librer\u00edas tener su espacio de venta\u00a0 y para que ca\u00f1adenses presenten sus producciones literarias, entre ellas la 2\u00ba Antolog\u00eda de Escritores\u201d.<\/p>\n","protected":false},"excerpt":{"rendered":"<p>En la \u00faltima jornada se present\u00f3 la ganadora de MasterChef Elba Rodriguez, el libro \u201cAqu\u00ed lleg\u00f3 Bal\u00e1\u201d y la emblem\u00e1tica banda de rock ca\u00f1adense Punto G. Con la presentaci\u00f3n de Punto G termin\u00f3 la 3ra edici\u00f3n de la Feria del Libro \u201cCa\u00f1ada Libro y Lectura 2017\u201d organizada por la gesti\u00f3n municipal, que durante cuatro d\u00edas <a href=\"https:\/\/armstrongyregion.com.ar\/diario\/canada-de-gomez-culmino-con-exito-la-3ra-edicion-de-la-feria-del-libro\/\" title=\"Read more\" >&#8230;<\/a><\/p>\n","protected":false},"author":1,"featured_media":14041,"comment_status":"open","ping_status":"open","sticky":false,"template":"","format":"standard","meta":{"_jetpack_memberships_contains_paid_content":false,"footnotes":"","jetpack_publicize_message":"","jetpack_publicize_feature_enabled":true,"jetpack_social_post_already_shared":false,"jetpack_social_options":{"image_generator_settings":{"template":"highway","default_image_id":0,"enabled":false},"version":2}},"categories":[6,8,1,3],"tags":[5769],"class_list":["post-14040","post","type-post","status-publish","format-standard","has-post-thumbnail","hentry","category-cultura-entretenimiento","category-deliberando","category-diario-armstrong","category-region","tag-canada-de-gomez-culmino-con-exito-la-3ra-edicion-de-la-feria-del-libro"],"jetpack_publicize_connections":[],"jetpack_featured_media_url":"https:\/\/armstrongyregion.com.ar\/diario\/wp-content\/uploads\/2017\/08\/feria-ca\u00f1ada.jpeg","jetpack_shortlink":"https:\/\/wp.me\/p62QDO-3Es","jetpack_sharing_enabled":true,"amp_enabled":true,"_links":{"self":[{"href":"https:\/\/armstrongyregion.com.ar\/diario\/wp-json\/wp\/v2\/posts\/14040","targetHints":{"allow":["GET"]}}],"collection":[{"href":"https:\/\/armstrongyregion.com.ar\/diario\/wp-json\/wp\/v2\/posts"}],"about":[{"href":"https:\/\/armstrongyregion.com.ar\/diario\/wp-json\/wp\/v2\/types\/post"}],"author":[{"embeddable":true,"href":"https:\/\/armstrongyregion.com.ar\/diario\/wp-json\/wp\/v2\/users\/1"}],"replies":[{"embeddable":true,"href":"https:\/\/armstrongyregion.com.ar\/diario\/wp-json\/wp\/v2\/comments?post=14040"}],"version-history":[{"count":0,"href":"https:\/\/armstrongyregion.com.ar\/diario\/wp-json\/wp\/v2\/posts\/14040\/revisions"}],"wp:featuredmedia":[{"embeddable":true,"href":"https:\/\/armstrongyregion.com.ar\/diario\/wp-json\/wp\/v2\/media\/14041"}],"wp:attachment":[{"href":"https:\/\/armstrongyregion.com.ar\/diario\/wp-json\/wp\/v2\/media?parent=14040"}],"wp:term":[{"taxonomy":"category","embeddable":true,"href":"https:\/\/armstrongyregion.com.ar\/diario\/wp-json\/wp\/v2\/categories?post=14040"},{"taxonomy":"post_tag","embeddable":true,"href":"https:\/\/armstrongyregion.com.ar\/diario\/wp-json\/wp\/v2\/tags?post=14040"}],"curies":[{"name":"wp","href":"https:\/\/api.w.org\/{rel}","templated":true}]}}