{"id":1403,"date":"2015-03-21T12:56:00","date_gmt":"2015-03-21T12:56:00","guid":{"rendered":"https:\/\/armstrongyregion.com.ar\/diario\/?p=1403"},"modified":"2015-03-21T12:56:00","modified_gmt":"2015-03-21T12:56:00","slug":"diputada-giaccone-estuvo-en-la-comunidad-mocovi-de-colonia-dolores-de-la-cual-es-madrina","status":"publish","type":"post","link":"https:\/\/armstrongyregion.com.ar\/diario\/diputada-giaccone-estuvo-en-la-comunidad-mocovi-de-colonia-dolores-de-la-cual-es-madrina\/","title":{"rendered":"Diputada Giaccone estuvo en la comunidad mocov\u00ed de Colonia Dolores, de la cual es madrina."},"content":{"rendered":"<p><a href=\"http:\/\/armstrongyregion.com.ar\/diario\/wp-content\/uploads\/2015\/03\/coloniadolores-franco-lista500px.jpg\"><img loading=\"lazy\" decoding=\"async\" class=\"alignnone size-medium wp-image-1404\" src=\"http:\/\/armstrongyregion.com.ar\/diario\/wp-content\/uploads\/2015\/03\/coloniadolores-franco-lista500px-300x203.jpg\" alt=\"coloniadolores-franco-lista500px\" width=\"300\" height=\"203\" srcset=\"https:\/\/armstrongyregion.com.ar\/diario\/wp-content\/uploads\/2015\/03\/coloniadolores-franco-lista500px-300x203.jpg 300w, https:\/\/armstrongyregion.com.ar\/diario\/wp-content\/uploads\/2015\/03\/coloniadolores-franco-lista500px.jpg 600w\" sizes=\"auto, (max-width: 300px) 100vw, 300px\" \/><\/a>La diputada nacional Claudia Giaccone estuvo durante este mi\u00e9rcoles 18 con la comunidad mocov\u00ed de Colonia Dolores, de la cual es madrina junto al m\u00fasico Iv\u00e1n Faisal. Fue un emocionante encuentro que comenz\u00f3 al mediod\u00eda al ser recibida por el Cotapic, C\u00e9sar Coria, el candidato a presidente comunal Walter Rub\u00e9n Franco y Alfredo Salte\u00f1o. Una representante de esta comunidad, la ex presidente comunal Dora Salte\u00f1o -, forma parte de la lista a candidatos para diputados provinciales \u00abJuntos por Santa Fe\u00bb (FJpV).<\/p>\n<p>Con otro aspirante a diputado provincial Oscar Yodice \u2013 de Santa Fe-, y acompa\u00f1ada por Oscar Ceschi, candidato a senador por departamento San Justo, y Adri\u00e1n Scozzina, postulado a presidente comunal de San Mart\u00edn Norte, pudieron charlar con toda la lista de j\u00f3venes candidatos en Colonia Dolores. \u00abQueremos que la comunidad tenga sus propios gobernantes\u00bb, dijo Rub\u00e9n Franco.<\/p>\n<p>Junto a Alejandro Vivas, la legisladora nacional fue entrevistada en la radio comunitaria FM 88.5 Aim Mokoilek (Soy mocov\u00ed, en su idioma), lograda gracias a la nueva Ley de Medios. Pudimos entonces emocionarnos al recordar tantas luchas por los derechos de los pueblos.<\/p>\n<p>Claudia Giaccone visit\u00f3 tambi\u00e9n la Escuela Primaria 430 \u00abGeneral Jos\u00e9 de San Mart\u00edn\u00bb de Colonia Dolores, en su hermoso edificio nuevo que realiz\u00f3 la Naci\u00f3n, y convers\u00f3 con Mar\u00eda Fernanda, su directora, donde recordaron los viajes gestionados para que alumnos del establecimiento visiten Tecn\u00f3polis.<\/p>\n<p>Otras actividades.<br \/>\nSan Javier &#8211; Con los integrantes de la lista \u00abJuntos por Santa Fe\u00bb para diputados provinciales Olga Brizio, Alejandro Vivas y Oscar Yodice, se reunieron en la sede del Club Central de San Javier, con su presidente Mateo Marelli y el presidente del Club Hurac\u00e1n, Guillermo Ocampo, para desarrollar las bondades de lo legislado sobre clubes.<\/p>\n<p>Esperanza &#8211; En la ciudad cabecera del departamento Las Colonias, Giaccone mantuvo una reuni\u00f3n de trabajo con los candidatos a diputados provinciales Oscar Yodice -de Santa Fe- y Cristian Nicola -de Grutly-. Y luego se trasladaron a FM 101. Ciudad, para ser entrevistados por Marcela Aguiar. En la ocasi\u00f3n se sum\u00f3 el esperancino Carlitos Cardozo, tambi\u00e9n integrante de la lista.<\/p>\n<p>Santa Fe &#8211; La jornada del mi\u00e9rcoles 18 se cerr\u00f3 en la noche, con un encuentro en casa familiar con vecinos del Barrio Roma. Decenas de j\u00f3venes, mujeres y adultos se congregaron para escuchar las propuestas de la diputada Giaccone, acompa\u00f1ada por Hugo Ponce -candidato a concejal- y el santafesino Oscar Yodice -aspirante a diputado provincial-.<\/p>\n<p>Tostado: \u00abSanta Fe no puede seguir de espaldas a un pa\u00eds que crece. El peronismo debe volver a ser gobierno\u00bb.La diputada nacional Claudia Giaccone, que para estas elecciones santafesinas encabeza la lista \u00abJuntos por Santa Fe\u00bb para diputados provinciales, fue invitada el lunes 16 por la noche, en la ciudad de Tostado \u2013cabecera del departamento 9 de Julio- a la presentaci\u00f3n de candidatos del Frente Justicialista para la Victoria. En una tribuna frente a much\u00edsimos militantes y vecinos, con la presencia del Intendente Enrique Fedele, de los candidatos a senador departamental Fabi\u00e1n Blanco, del candidato a intendente Enrique Mualen y de postulantes al concejo municipal, expres\u00f3 que \u00abtenemos la obligaci\u00f3n de defender este gobierno nacional que tanto hizo por el norte de Santa Fe. No puede seguir nuestra provincia de espaldas a un pa\u00eds que creci\u00f3 \u00a1por eso el peronismo debe volver a ser gobierno!\u00bb<br \/>\nContinu\u00f3 diciendo que con Enrique Mualen vienen de la Agricultura Familiar, \u00abconocemos la realidad de los peque\u00f1os productores y hoy me emociona que llegue a ser el intendente de Tostado.\u00bb<br \/>\nPara luego resaltar al aspirante al senado: \u00abA Fabio Blanco, Presidente Comunal de Villa Minetti, lo conoc\u00ed peleando por la sequ\u00eda y llevamos por primera vez un Ministro de Agricultura nacional a su localidad. Fabio seguramente ser\u00e1 el senador de 9 de julio, un departamento que quiere dejar de ser el m\u00e1s pobre de Santa Fe\u00bb.<br \/>\nCerr\u00f3 su participaci\u00f3n afirmando que \u00ab\u00a1no solo vamos a ganar la intendencia de Tostado, su Concejo y la senadur\u00eda en 9 de Julio! \u00a1Tambi\u00e9n ganaremos la gobernaci\u00f3n y la legislatura! \u00ab\u00a1Gracias compa\u00f1ero intendente Enrique Fedele, por invitarme a compartir este caluroso acto peronista!\u00bb<\/p>\n<p>Progreso &#8211; Tambi\u00e9n en la tarde del lunes 16, la diputada nacional Claudia Giaccone (FPv) visit\u00f3 la localidad de Progreso -en el departamento Las Colonias -, donde junto al dirigente Julio Lehn concurri\u00f3 a distintas instituciones, para conversar sobre la problem\u00e1tica de cada uno de ellas, as\u00ed como atender al modo en que puedan buscarse soluciones.<br \/>\nLa legisladora nacional, que actualmente encabeza la lista \u00abJuntos por Santa Fe\u00bb para diputados provinciales, estuvo en la Escuela n\u00b0341 \u00abJos\u00e9 M. Paz\u00bb, charlando con su directora, y tambi\u00e9n fueron recibidos por la joven comisi\u00f3n de Bomberos Voluntarios de Progreso, que realizan un inestimable labor por su comunidad, manifestando su deseo de incorporar equipamientos y preparaci\u00f3n para mejorar trabajo.<br \/>\nLa oportunidad permiti\u00f3 adem\u00e1s recorrer el camino por donde pasa y se transporta toda la producci\u00f3n local y departamental, analizando posibles gestiones para realizar su ripiado y mejorado.<\/p>\n","protected":false},"excerpt":{"rendered":"<p>La diputada nacional Claudia Giaccone estuvo durante este mi\u00e9rcoles 18 con la comunidad mocov\u00ed de Colonia Dolores, de la cual es madrina junto al m\u00fasico Iv\u00e1n Faisal. Fue un emocionante encuentro que comenz\u00f3 al mediod\u00eda al ser recibida por el Cotapic, C\u00e9sar Coria, el candidato a presidente comunal Walter Rub\u00e9n Franco y Alfredo Salte\u00f1o. Una <a href=\"https:\/\/armstrongyregion.com.ar\/diario\/diputada-giaccone-estuvo-en-la-comunidad-mocovi-de-colonia-dolores-de-la-cual-es-madrina\/\" title=\"Read more\" >&#8230;<\/a><\/p>\n","protected":false},"author":2,"featured_media":1404,"comment_status":"open","ping_status":"open","sticky":false,"template":"","format":"standard","meta":{"_jetpack_memberships_contains_paid_content":false,"footnotes":"","jetpack_publicize_message":"","jetpack_publicize_feature_enabled":true,"jetpack_social_post_already_shared":false,"jetpack_social_options":{"image_generator_settings":{"template":"highway","default_image_id":0,"enabled":false},"version":2}},"categories":[1,7,3],"tags":[537,617,1222,19,1018,1221,15,139,961,1019,31,1223,1220],"class_list":["post-1403","post","type-post","status-publish","format-standard","has-post-thumbnail","hentry","category-diario-armstrong","category-politica","category-region","tag-colonia","tag-comunidad","tag-cual","tag-de","tag-diputada","tag-dolores","tag-en","tag-es","tag-estuvo","tag-giaccone","tag-la","tag-madrina","tag-mocovi"],"jetpack_publicize_connections":[],"jetpack_featured_media_url":"https:\/\/armstrongyregion.com.ar\/diario\/wp-content\/uploads\/2015\/03\/coloniadolores-franco-lista500px.jpg","jetpack_shortlink":"https:\/\/wp.me\/p62QDO-mD","jetpack_sharing_enabled":true,"amp_enabled":true,"_links":{"self":[{"href":"https:\/\/armstrongyregion.com.ar\/diario\/wp-json\/wp\/v2\/posts\/1403","targetHints":{"allow":["GET"]}}],"collection":[{"href":"https:\/\/armstrongyregion.com.ar\/diario\/wp-json\/wp\/v2\/posts"}],"about":[{"href":"https:\/\/armstrongyregion.com.ar\/diario\/wp-json\/wp\/v2\/types\/post"}],"author":[{"embeddable":true,"href":"https:\/\/armstrongyregion.com.ar\/diario\/wp-json\/wp\/v2\/users\/2"}],"replies":[{"embeddable":true,"href":"https:\/\/armstrongyregion.com.ar\/diario\/wp-json\/wp\/v2\/comments?post=1403"}],"version-history":[{"count":0,"href":"https:\/\/armstrongyregion.com.ar\/diario\/wp-json\/wp\/v2\/posts\/1403\/revisions"}],"wp:featuredmedia":[{"embeddable":true,"href":"https:\/\/armstrongyregion.com.ar\/diario\/wp-json\/wp\/v2\/media\/1404"}],"wp:attachment":[{"href":"https:\/\/armstrongyregion.com.ar\/diario\/wp-json\/wp\/v2\/media?parent=1403"}],"wp:term":[{"taxonomy":"category","embeddable":true,"href":"https:\/\/armstrongyregion.com.ar\/diario\/wp-json\/wp\/v2\/categories?post=1403"},{"taxonomy":"post_tag","embeddable":true,"href":"https:\/\/armstrongyregion.com.ar\/diario\/wp-json\/wp\/v2\/tags?post=1403"}],"curies":[{"name":"wp","href":"https:\/\/api.w.org\/{rel}","templated":true}]}}