{"id":13981,"date":"2017-08-03T01:02:04","date_gmt":"2017-08-03T01:02:04","guid":{"rendered":"https:\/\/armstrongyregion.com.ar\/diario\/?p=13981"},"modified":"2017-08-03T01:02:04","modified_gmt":"2017-08-03T01:02:04","slug":"rasetto-y-chale-en-el-aniversario-de-la-confederacion-helvetica","status":"publish","type":"post","link":"https:\/\/armstrongyregion.com.ar\/diario\/rasetto-y-chale-en-el-aniversario-de-la-confederacion-helvetica\/","title":{"rendered":"Rasetto y Chale en el aniversario de la Confederaci\u00f3n Helv\u00e9tica."},"content":{"rendered":"<p><a href=\"http:\/\/armstrongyregion.com.ar\/diario\/wp-content\/uploads\/2017\/08\/chale1.jpg\"><img loading=\"lazy\" decoding=\"async\" class=\"alignnone size-medium wp-image-13982\" src=\"http:\/\/armstrongyregion.com.ar\/diario\/wp-content\/uploads\/2017\/08\/chale1-300x169.jpg\" alt=\"chale\" width=\"300\" height=\"169\" srcset=\"https:\/\/armstrongyregion.com.ar\/diario\/wp-content\/uploads\/2017\/08\/chale1-300x169.jpg 300w, https:\/\/armstrongyregion.com.ar\/diario\/wp-content\/uploads\/2017\/08\/chale1.jpg 768w\" sizes=\"auto, (max-width: 300px) 100vw, 300px\" \/><\/a>Este martes 1 de Agosto, la sociedad Suiza de Ca\u00f1ada de G\u00f3mez conmemor\u00f3 el 726\u00b0 Aniversario de la Fundaci\u00f3n de la Confederaci\u00f3n Helv\u00e9tica (Suiza).<br \/>\nEl acto, cont\u00f3 con la presencia del Senador por el Departamento Iriondo, Hugo Rasetto, el Concejal Matias Chale, miembros de la Sociedad y familiares descendientes de ra\u00edces Suizas. Ademas de cantar los himnos Argentino y Suizo, se proyect\u00f3 un v\u00eddeo con palabras de la Presidente de Suiza, Doris Leuthard para los inmigrantes Suizos en todo el mundo y otro con informaci\u00f3n y curiosidades del pa\u00eds Europeo.<\/p>\n","protected":false},"excerpt":{"rendered":"<p>Este martes 1 de Agosto, la sociedad Suiza de Ca\u00f1ada de G\u00f3mez conmemor\u00f3 el 726\u00b0 Aniversario de la Fundaci\u00f3n de la Confederaci\u00f3n Helv\u00e9tica (Suiza). El acto, cont\u00f3 con la presencia del Senador por el Departamento Iriondo, Hugo Rasetto, el Concejal Matias Chale, miembros de la Sociedad y familiares descendientes de ra\u00edces Suizas. Ademas de cantar <a href=\"https:\/\/armstrongyregion.com.ar\/diario\/rasetto-y-chale-en-el-aniversario-de-la-confederacion-helvetica\/\" title=\"Read more\" >&#8230;<\/a><\/p>\n","protected":false},"author":1,"featured_media":13982,"comment_status":"open","ping_status":"open","sticky":false,"template":"","format":"standard","meta":{"_jetpack_memberships_contains_paid_content":false,"footnotes":"","jetpack_publicize_message":"","jetpack_publicize_feature_enabled":true,"jetpack_social_post_already_shared":false,"jetpack_social_options":{"image_generator_settings":{"template":"highway","default_image_id":0,"enabled":false},"version":2}},"categories":[8,1,7,3],"tags":[5748],"class_list":["post-13981","post","type-post","status-publish","format-standard","has-post-thumbnail","hentry","category-deliberando","category-diario-armstrong","category-politica","category-region","tag-rasetto-y-chale-en-el-aniversario-de-la-confederacion-helvetica"],"jetpack_publicize_connections":[],"jetpack_featured_media_url":"https:\/\/armstrongyregion.com.ar\/diario\/wp-content\/uploads\/2017\/08\/chale1.jpg","jetpack_shortlink":"https:\/\/wp.me\/p62QDO-3Dv","jetpack_sharing_enabled":true,"amp_enabled":true,"_links":{"self":[{"href":"https:\/\/armstrongyregion.com.ar\/diario\/wp-json\/wp\/v2\/posts\/13981","targetHints":{"allow":["GET"]}}],"collection":[{"href":"https:\/\/armstrongyregion.com.ar\/diario\/wp-json\/wp\/v2\/posts"}],"about":[{"href":"https:\/\/armstrongyregion.com.ar\/diario\/wp-json\/wp\/v2\/types\/post"}],"author":[{"embeddable":true,"href":"https:\/\/armstrongyregion.com.ar\/diario\/wp-json\/wp\/v2\/users\/1"}],"replies":[{"embeddable":true,"href":"https:\/\/armstrongyregion.com.ar\/diario\/wp-json\/wp\/v2\/comments?post=13981"}],"version-history":[{"count":0,"href":"https:\/\/armstrongyregion.com.ar\/diario\/wp-json\/wp\/v2\/posts\/13981\/revisions"}],"wp:featuredmedia":[{"embeddable":true,"href":"https:\/\/armstrongyregion.com.ar\/diario\/wp-json\/wp\/v2\/media\/13982"}],"wp:attachment":[{"href":"https:\/\/armstrongyregion.com.ar\/diario\/wp-json\/wp\/v2\/media?parent=13981"}],"wp:term":[{"taxonomy":"category","embeddable":true,"href":"https:\/\/armstrongyregion.com.ar\/diario\/wp-json\/wp\/v2\/categories?post=13981"},{"taxonomy":"post_tag","embeddable":true,"href":"https:\/\/armstrongyregion.com.ar\/diario\/wp-json\/wp\/v2\/tags?post=13981"}],"curies":[{"name":"wp","href":"https:\/\/api.w.org\/{rel}","templated":true}]}}