{"id":13977,"date":"2017-08-03T00:51:40","date_gmt":"2017-08-03T00:51:40","guid":{"rendered":"https:\/\/armstrongyregion.com.ar\/diario\/?p=13977"},"modified":"2017-08-03T00:51:40","modified_gmt":"2017-08-03T00:51:40","slug":"el-ballet-de-pena-el-amanecer-de-correa-se-presentara-en-villa-guillermina","status":"publish","type":"post","link":"https:\/\/armstrongyregion.com.ar\/diario\/el-ballet-de-pena-el-amanecer-de-correa-se-presentara-en-villa-guillermina\/","title":{"rendered":"El Ballet de \u201cPe\u00f1a el Amanecer\u201d de Correa se presentar\u00e1 en Villa Guillermina."},"content":{"rendered":"<p><a href=\"http:\/\/armstrongyregion.com.ar\/diario\/wp-content\/uploads\/2017\/08\/pe\u00f1a.jpg\"><img loading=\"lazy\" decoding=\"async\" class=\"alignnone size-medium wp-image-13979\" src=\"http:\/\/armstrongyregion.com.ar\/diario\/wp-content\/uploads\/2017\/08\/pe\u00f1a-300x225.jpg\" alt=\"pe\u00f1a\" width=\"300\" height=\"225\" srcset=\"https:\/\/armstrongyregion.com.ar\/diario\/wp-content\/uploads\/2017\/08\/pe\u00f1a-300x225.jpg 300w, https:\/\/armstrongyregion.com.ar\/diario\/wp-content\/uploads\/2017\/08\/pe\u00f1a.jpg 768w\" sizes=\"auto, (max-width: 300px) 100vw, 300px\" \/><\/a>El pr\u00f3ximo\u00a0<strong>s\u00e1bado 5<\/strong>\u00a0en el marco del\u00a0<strong>Pre Festival del Chamame y del Mercosur<\/strong>\u00a0en la comunidad de\u00a0<strong>Villa Guillermina<\/strong>, el\u00a0<strong>Ballet mayor de Pe\u00f1a Folkl\u00f3rca \u201cEl Amanecer\u201d<\/strong>\u00a0formar\u00e1 parte de la programaci\u00f3n principal de dicha propuesta cultural del norte santafesino.<\/p>\n<p>El<strong>\u00a0Ballet Folkl\u00f3rico<\/strong>\u00a0de la localidad de\u00a0<strong>Correa<\/strong>\u00a0llega para presentar su propuesta ante un multitudinaria presencia de p\u00fablico y artistas que buscaran un lugar en el escenario mayor del Anfiteatro Transito Cocomarola de Corrientes.<\/p>\n<p>Dicho Pre Festival se llevara a cabo el\u00a0<strong>5 y 6 de agosto<\/strong>\u00a0y su\u00a0<strong>Presidente Comunal Roque Ch\u00e1vez<\/strong>\u00a0se\u00f1al\u00f3 que esta subsede es un orgullo para todo el pueblo de Villa Guillermina, para los vecinos e instituciones que conforman la comunidad, y especialmente a todos los descendientes de aquellos correntinos que vinieron a poblar nuestro suelo en el siglo anterior que llego a ser el 85 % de la poblaci\u00f3n total.<\/p>\n<p><strong>Recordamos que a trav\u00e9s de las gestiones llevadas a cabo por el Ente Cultural Santafesino y la Diputada Provincial Lic. Claudia Giaccone, ante el Instituto de Cultura de la Provincia de Corrientes, la comunidad de Villa Guillermina se tarnsform\u00f3 durante el a\u00f1o 2016 en subsede de la Fiesta Nacional del Chamam\u00e9.<\/strong><\/p>\n<p>El\u00a0<strong>Presidente del Ente Cultural Santafesino Prof. Javier Donetti<\/strong>\u00a0manifest\u00f3 su alegr\u00eda de que esta prestigiosa instituci\u00f3n cultural como lo es la Pe\u00f1a \u201cEl Amanecer\u201d llegue a mostrar todo su talento y jerarquia, profundizando los lazos de integraci\u00f3n cultural dentro de nuestra provincia.<\/p>\n","protected":false},"excerpt":{"rendered":"<p>El pr\u00f3ximo\u00a0s\u00e1bado 5\u00a0en el marco del\u00a0Pre Festival del Chamame y del Mercosur\u00a0en la comunidad de\u00a0Villa Guillermina, el\u00a0Ballet mayor de Pe\u00f1a Folkl\u00f3rca \u201cEl Amanecer\u201d\u00a0formar\u00e1 parte de la programaci\u00f3n principal de dicha propuesta cultural del norte santafesino. El\u00a0Ballet Folkl\u00f3rico\u00a0de la localidad de\u00a0Correa\u00a0llega para presentar su propuesta ante un multitudinaria presencia de p\u00fablico y artistas que buscaran un <a href=\"https:\/\/armstrongyregion.com.ar\/diario\/el-ballet-de-pena-el-amanecer-de-correa-se-presentara-en-villa-guillermina\/\" title=\"Read more\" >&#8230;<\/a><\/p>\n","protected":false},"author":1,"featured_media":13979,"comment_status":"open","ping_status":"open","sticky":false,"template":"","format":"standard","meta":{"_jetpack_memberships_contains_paid_content":false,"footnotes":"","jetpack_publicize_message":"","jetpack_publicize_feature_enabled":true,"jetpack_social_post_already_shared":false,"jetpack_social_options":{"image_generator_settings":{"template":"highway","default_image_id":0,"enabled":false},"version":2}},"categories":[6,1,3],"tags":[5747],"class_list":["post-13977","post","type-post","status-publish","format-standard","has-post-thumbnail","hentry","category-cultura-entretenimiento","category-diario-armstrong","category-region","tag-el-ballet-de-pena-el-amanecer-de-correa-se-presentara-en-villa-guillermina"],"jetpack_publicize_connections":[],"jetpack_featured_media_url":"https:\/\/armstrongyregion.com.ar\/diario\/wp-content\/uploads\/2017\/08\/pe\u00f1a.jpg","jetpack_shortlink":"https:\/\/wp.me\/p62QDO-3Dr","jetpack_sharing_enabled":true,"amp_enabled":true,"_links":{"self":[{"href":"https:\/\/armstrongyregion.com.ar\/diario\/wp-json\/wp\/v2\/posts\/13977","targetHints":{"allow":["GET"]}}],"collection":[{"href":"https:\/\/armstrongyregion.com.ar\/diario\/wp-json\/wp\/v2\/posts"}],"about":[{"href":"https:\/\/armstrongyregion.com.ar\/diario\/wp-json\/wp\/v2\/types\/post"}],"author":[{"embeddable":true,"href":"https:\/\/armstrongyregion.com.ar\/diario\/wp-json\/wp\/v2\/users\/1"}],"replies":[{"embeddable":true,"href":"https:\/\/armstrongyregion.com.ar\/diario\/wp-json\/wp\/v2\/comments?post=13977"}],"version-history":[{"count":0,"href":"https:\/\/armstrongyregion.com.ar\/diario\/wp-json\/wp\/v2\/posts\/13977\/revisions"}],"wp:featuredmedia":[{"embeddable":true,"href":"https:\/\/armstrongyregion.com.ar\/diario\/wp-json\/wp\/v2\/media\/13979"}],"wp:attachment":[{"href":"https:\/\/armstrongyregion.com.ar\/diario\/wp-json\/wp\/v2\/media?parent=13977"}],"wp:term":[{"taxonomy":"category","embeddable":true,"href":"https:\/\/armstrongyregion.com.ar\/diario\/wp-json\/wp\/v2\/categories?post=13977"},{"taxonomy":"post_tag","embeddable":true,"href":"https:\/\/armstrongyregion.com.ar\/diario\/wp-json\/wp\/v2\/tags?post=13977"}],"curies":[{"name":"wp","href":"https:\/\/api.w.org\/{rel}","templated":true}]}}