{"id":13956,"date":"2017-08-01T10:52:21","date_gmt":"2017-08-01T10:52:21","guid":{"rendered":"https:\/\/armstrongyregion.com.ar\/diario\/?p=13956"},"modified":"2017-08-01T10:52:21","modified_gmt":"2017-08-01T10:52:21","slug":"este-martes-en-deliberando-los-pre-candidatos-a-concejales-de-nuestra-ciudad-muestran-sus-cartas","status":"publish","type":"post","link":"https:\/\/armstrongyregion.com.ar\/diario\/este-martes-en-deliberando-los-pre-candidatos-a-concejales-de-nuestra-ciudad-muestran-sus-cartas\/","title":{"rendered":"Este martes en DELIBERANDO, los pre-candidatos a concejales de nuestra ciudad muestran sus cartas."},"content":{"rendered":"<p>Las fuerzas pol\u00edticas de Armstrong entran en la etapa de definiciones de cara a las P.A.S.O.<\/p>\n<p><a href=\"http:\/\/armstrongyregion.com.ar\/diario\/wp-content\/uploads\/2017\/08\/DSC_0706.jpg\"><img loading=\"lazy\" decoding=\"async\" class=\"alignnone size-medium wp-image-13957\" src=\"http:\/\/armstrongyregion.com.ar\/diario\/wp-content\/uploads\/2017\/08\/DSC_0706-300x200.jpg\" alt=\"DSC_0706\" width=\"300\" height=\"200\" srcset=\"https:\/\/armstrongyregion.com.ar\/diario\/wp-content\/uploads\/2017\/08\/DSC_0706-300x200.jpg 300w, https:\/\/armstrongyregion.com.ar\/diario\/wp-content\/uploads\/2017\/08\/DSC_0706-1024x683.jpg 1024w\" sizes=\"auto, (max-width: 300px) 100vw, 300px\" \/><\/a>Visitan el programa cuatro de las cinco listas con aspiraciones a ir a las elecciones generales de octubre.<\/p>\n<p><a href=\"http:\/\/armstrongyregion.com.ar\/diario\/wp-content\/uploads\/2017\/08\/DSC_0693.jpg\"><img loading=\"lazy\" decoding=\"async\" class=\"alignnone size-medium wp-image-13958\" src=\"http:\/\/armstrongyregion.com.ar\/diario\/wp-content\/uploads\/2017\/08\/DSC_0693-300x200.jpg\" alt=\"DSC_0693\" width=\"300\" height=\"200\" srcset=\"https:\/\/armstrongyregion.com.ar\/diario\/wp-content\/uploads\/2017\/08\/DSC_0693-300x200.jpg 300w, https:\/\/armstrongyregion.com.ar\/diario\/wp-content\/uploads\/2017\/08\/DSC_0693-1024x683.jpg 1024w\" sizes=\"auto, (max-width: 300px) 100vw, 300px\" \/><\/a>Estar\u00e1n presentes: Rosana Siri y Carlos Cuffia, que integran la lista denominada \u00abADELANTE\u00bb, dentro del Frente Progresista C\u00edvico y Social; por el mismo Frente, disputar\u00e1n la interna Ver\u00f3nica Barone y Evangelina Solis, bajo la denominaci\u00f3n\u00bbAVANZA\u00bb.<\/p>\n<p><a href=\"http:\/\/armstrongyregion.com.ar\/diario\/wp-content\/uploads\/2017\/08\/DSC_0689.jpg\"><img loading=\"lazy\" decoding=\"async\" class=\"alignnone size-medium wp-image-13959\" src=\"http:\/\/armstrongyregion.com.ar\/diario\/wp-content\/uploads\/2017\/08\/DSC_0689-300x200.jpg\" alt=\"DSC_0689\" width=\"300\" height=\"200\" srcset=\"https:\/\/armstrongyregion.com.ar\/diario\/wp-content\/uploads\/2017\/08\/DSC_0689-300x200.jpg 300w, https:\/\/armstrongyregion.com.ar\/diario\/wp-content\/uploads\/2017\/08\/DSC_0689-1024x683.jpg 1024w\" sizes=\"auto, (max-width: 300px) 100vw, 300px\" \/><\/a>Por el Frente Justicialista, dar\u00e1n su posici\u00f3n pre elecciones, Leonardo Rostagno y Ariel Montaponi,bajo el nombre de \u00abUNIDOS POR ARMSTRONG\u00bb, tambi\u00e9n estuvieron invitados los representantes que acompa\u00f1an al Dr. Augusto Fischer, aunque se excusaron de participar.<\/p>\n<p><a href=\"http:\/\/armstrongyregion.com.ar\/diario\/wp-content\/uploads\/2017\/08\/DSC_0683.jpg\"><img loading=\"lazy\" decoding=\"async\" class=\"alignnone size-medium wp-image-13960\" src=\"http:\/\/armstrongyregion.com.ar\/diario\/wp-content\/uploads\/2017\/08\/DSC_0683-300x200.jpg\" alt=\"DSC_0683\" width=\"300\" height=\"200\" srcset=\"https:\/\/armstrongyregion.com.ar\/diario\/wp-content\/uploads\/2017\/08\/DSC_0683-300x200.jpg 300w, https:\/\/armstrongyregion.com.ar\/diario\/wp-content\/uploads\/2017\/08\/DSC_0683-1024x683.jpg 1024w\" sizes=\"auto, (max-width: 300px) 100vw, 300px\" \/><\/a>En representaci\u00f3n de \u00abRENOVACI\u00d3N Y FUTURO\u00bb, explicaran sus propuestas Jes\u00fas Urquia y Facundo Amil, que no tendr\u00e1n rivales en las P.A.S.O. Dejar\u00e1n en claro porque deben votarlos.<\/p>\n<p>Todos los pre-candidatos fueron invitados, los arriba mencionados estuvieron presentes y estar\u00e1n este martes en DELIBERANDO, con la conducci\u00f3n de la licenciada Graciela de la Casa- Oscar Crispino- Ezequiel Piccoli.<\/p>\n<p>21hs Cable Imagen Armstrong.<\/p>\n<p>&nbsp;<\/p>\n","protected":false},"excerpt":{"rendered":"<p>Las fuerzas pol\u00edticas de Armstrong entran en la etapa de definiciones de cara a las P.A.S.O. Visitan el programa cuatro de las cinco listas con aspiraciones a ir a las elecciones generales de octubre. Estar\u00e1n presentes: Rosana Siri y Carlos Cuffia, que integran la lista denominada \u00abADELANTE\u00bb, dentro del Frente Progresista C\u00edvico y Social; por <a href=\"https:\/\/armstrongyregion.com.ar\/diario\/este-martes-en-deliberando-los-pre-candidatos-a-concejales-de-nuestra-ciudad-muestran-sus-cartas\/\" title=\"Read more\" >&#8230;<\/a><\/p>\n","protected":false},"author":1,"featured_media":13957,"comment_status":"open","ping_status":"open","sticky":false,"template":"","format":"standard","meta":{"_jetpack_memberships_contains_paid_content":false,"footnotes":"","jetpack_publicize_message":"","jetpack_publicize_feature_enabled":true,"jetpack_social_post_already_shared":false,"jetpack_social_options":{"image_generator_settings":{"template":"highway","default_image_id":0,"enabled":false},"version":2}},"categories":[8,1,2,7,3],"tags":[1307,5742],"class_list":["post-13956","post","type-post","status-publish","format-standard","has-post-thumbnail","hentry","category-deliberando","category-diario-armstrong","category-locales","category-politica","category-region","tag-este-martes-en-deliberando","tag-los-pre-candidatos-a-concejales-de-nuestra-ciudad-muestran-sus-cartas"],"jetpack_publicize_connections":[],"jetpack_featured_media_url":"https:\/\/armstrongyregion.com.ar\/diario\/wp-content\/uploads\/2017\/08\/DSC_0706.jpg","jetpack_shortlink":"https:\/\/wp.me\/p62QDO-3D6","jetpack_sharing_enabled":true,"amp_enabled":true,"_links":{"self":[{"href":"https:\/\/armstrongyregion.com.ar\/diario\/wp-json\/wp\/v2\/posts\/13956","targetHints":{"allow":["GET"]}}],"collection":[{"href":"https:\/\/armstrongyregion.com.ar\/diario\/wp-json\/wp\/v2\/posts"}],"about":[{"href":"https:\/\/armstrongyregion.com.ar\/diario\/wp-json\/wp\/v2\/types\/post"}],"author":[{"embeddable":true,"href":"https:\/\/armstrongyregion.com.ar\/diario\/wp-json\/wp\/v2\/users\/1"}],"replies":[{"embeddable":true,"href":"https:\/\/armstrongyregion.com.ar\/diario\/wp-json\/wp\/v2\/comments?post=13956"}],"version-history":[{"count":0,"href":"https:\/\/armstrongyregion.com.ar\/diario\/wp-json\/wp\/v2\/posts\/13956\/revisions"}],"wp:featuredmedia":[{"embeddable":true,"href":"https:\/\/armstrongyregion.com.ar\/diario\/wp-json\/wp\/v2\/media\/13957"}],"wp:attachment":[{"href":"https:\/\/armstrongyregion.com.ar\/diario\/wp-json\/wp\/v2\/media?parent=13956"}],"wp:term":[{"taxonomy":"category","embeddable":true,"href":"https:\/\/armstrongyregion.com.ar\/diario\/wp-json\/wp\/v2\/categories?post=13956"},{"taxonomy":"post_tag","embeddable":true,"href":"https:\/\/armstrongyregion.com.ar\/diario\/wp-json\/wp\/v2\/tags?post=13956"}],"curies":[{"name":"wp","href":"https:\/\/api.w.org\/{rel}","templated":true}]}}