{"id":13953,"date":"2017-08-01T10:15:20","date_gmt":"2017-08-01T10:15:20","guid":{"rendered":"https:\/\/armstrongyregion.com.ar\/diario\/?p=13953"},"modified":"2017-08-01T10:15:20","modified_gmt":"2017-08-01T10:15:20","slug":"maria-eugenia-bielsa-vino-a-brindarles-su-apoyo-a-la-lista-de-unidos-por-armstrong","status":"publish","type":"post","link":"https:\/\/armstrongyregion.com.ar\/diario\/maria-eugenia-bielsa-vino-a-brindarles-su-apoyo-a-la-lista-de-unidos-por-armstrong\/","title":{"rendered":"Mar\u00eda Eugenia Bielsa vino a brindarles su apoyo a la lista de Unidos por Armstrong."},"content":{"rendered":"<p><a href=\"http:\/\/armstrongyregion.com.ar\/diario\/wp-content\/uploads\/2017\/08\/Bielsa-Rostagno-.jpg\"><img loading=\"lazy\" decoding=\"async\" class=\"alignnone size-medium wp-image-13954\" src=\"http:\/\/armstrongyregion.com.ar\/diario\/wp-content\/uploads\/2017\/08\/Bielsa-Rostagno--300x192.jpg\" alt=\"Bielsa-Rostagno-\" width=\"300\" height=\"192\" srcset=\"https:\/\/armstrongyregion.com.ar\/diario\/wp-content\/uploads\/2017\/08\/Bielsa-Rostagno--300x192.jpg 300w, https:\/\/armstrongyregion.com.ar\/diario\/wp-content\/uploads\/2017\/08\/Bielsa-Rostagno-.jpg 768w\" sizes=\"auto, (max-width: 300px) 100vw, 300px\" \/><\/a>En la noche del lunes, la Arq. Mar\u00eda Eugenia Bielsa fue recibida en la b\u00e1sica esquina Fischer bis y Per\u00f3n por los referentes de Unidos Por Armstrong.<\/p>\n<p>La exdiputada y vice-gobernadora reafirm\u00f3 su respaldo a la lista de Unidos Por Armstrong cuyos candidatos a concejales son Leonardo Rostagno, Ariel Montapponi, Agustina Sola, Roberto Marcantoni, Gisela Gim\u00e9nez y Mat\u00edas Bosso. Adem\u00e1s respondi\u00f3 las consultas del periodismo local.<\/p>\n<p>Con respecto al Justicialismo a nivel nacional dijo: \u201cEl peronismo est\u00e1 absolutamente ligado a los intereses del pueblo, a las necesidades de la comunidad y a lo que uno ha recogido con sus errores durante todos estos a\u00f1os, pero hoy uno ve que las decisiones pol\u00edticas van en otro sentido. La realidad es que me parece que lo serio, lo oportuno, lo adecuado para esta instancia es no distraernos en una cuesti\u00f3n electoral\u201d.<\/p>\n<p>Bielsa a\u00f1adi\u00f3: \u201cCreo que hay que tratar de ser coherente, realmente creo que hubo pol\u00edticas en estos a\u00f1os que todos los argentinos podemos sentirnos orgullosos, y fueron importantes, trascendentes y enormes en su magnitud. Y tambi\u00e9n hubo muchos errores. As\u00ed como ve\u00edamos los errores antes, no ahora, no me voy a desdecir de los desaciertos de esas pol\u00edticas. Ojal\u00e1 se pudieran sostener, ojal\u00e1 que un pa\u00eds serio pueda sostener lo m\u00e1s virtuoso de cada gobierno\u201d.<\/p>\n<p>Con respecto a su participaci\u00f3n pol\u00edtica y su visi\u00f3n de peronismo a nivel provincial dijo: \u201cLo he dicho otras veces y lo sigo pensando. Tener la ambici\u00f3n de ser candidato por la ambici\u00f3n de ser candidato es un error que no nos podemos permitir, mucho menos ahora donde est\u00e1 en juego un modelo de pa\u00eds, tanto en un pa\u00eds que est\u00e1 todos los d\u00edas convulsionado, debati\u00e9ndose entre lo que puede, debe o quiere ser, que el candidato debe ser aquel que mejor represente a la sociedad en el momento que haya que nombrarla\u201d.<\/p>\n<p>Tambi\u00e9n agreg\u00f3: \u201cYo nunca dej\u00e9 de participar, que ustedes no me vean haciendo declaraciones no quiere decir que uno no participe. Hay momentos para participar como militante, para participar de las discusiones pol\u00edticas, momentos para estudiar y prepararse. Uno no tiene que ser un funcionario o legislador para siempre. Es muy deseable que esos roles var\u00eden, que puedan ser distintas personas. Estos a\u00f1os segu\u00ed participando activamente, de otra manera, a lo mejor no con visibilidad\u201d.<\/p>\n","protected":false},"excerpt":{"rendered":"<p>En la noche del lunes, la Arq. Mar\u00eda Eugenia Bielsa fue recibida en la b\u00e1sica esquina Fischer bis y Per\u00f3n por los referentes de Unidos Por Armstrong. La exdiputada y vice-gobernadora reafirm\u00f3 su respaldo a la lista de Unidos Por Armstrong cuyos candidatos a concejales son Leonardo Rostagno, Ariel Montapponi, Agustina Sola, Roberto Marcantoni, Gisela <a href=\"https:\/\/armstrongyregion.com.ar\/diario\/maria-eugenia-bielsa-vino-a-brindarles-su-apoyo-a-la-lista-de-unidos-por-armstrong\/\" title=\"Read more\" >&#8230;<\/a><\/p>\n","protected":false},"author":1,"featured_media":13954,"comment_status":"open","ping_status":"open","sticky":false,"template":"","format":"standard","meta":{"_jetpack_memberships_contains_paid_content":false,"footnotes":"","jetpack_publicize_message":"","jetpack_publicize_feature_enabled":true,"jetpack_social_post_already_shared":false,"jetpack_social_options":{"image_generator_settings":{"template":"highway","default_image_id":0,"enabled":false},"version":2}},"categories":[8,1,2,7],"tags":[5741],"class_list":["post-13953","post","type-post","status-publish","format-standard","has-post-thumbnail","hentry","category-deliberando","category-diario-armstrong","category-locales","category-politica","tag-maria-eugenia-bielsa-vino-a-brindarles-su-apoyo-a-la-lista-de-unidos-por-armstrong"],"jetpack_publicize_connections":[],"jetpack_featured_media_url":"https:\/\/armstrongyregion.com.ar\/diario\/wp-content\/uploads\/2017\/08\/Bielsa-Rostagno-.jpg","jetpack_shortlink":"https:\/\/wp.me\/p62QDO-3D3","jetpack_sharing_enabled":true,"amp_enabled":true,"_links":{"self":[{"href":"https:\/\/armstrongyregion.com.ar\/diario\/wp-json\/wp\/v2\/posts\/13953","targetHints":{"allow":["GET"]}}],"collection":[{"href":"https:\/\/armstrongyregion.com.ar\/diario\/wp-json\/wp\/v2\/posts"}],"about":[{"href":"https:\/\/armstrongyregion.com.ar\/diario\/wp-json\/wp\/v2\/types\/post"}],"author":[{"embeddable":true,"href":"https:\/\/armstrongyregion.com.ar\/diario\/wp-json\/wp\/v2\/users\/1"}],"replies":[{"embeddable":true,"href":"https:\/\/armstrongyregion.com.ar\/diario\/wp-json\/wp\/v2\/comments?post=13953"}],"version-history":[{"count":0,"href":"https:\/\/armstrongyregion.com.ar\/diario\/wp-json\/wp\/v2\/posts\/13953\/revisions"}],"wp:featuredmedia":[{"embeddable":true,"href":"https:\/\/armstrongyregion.com.ar\/diario\/wp-json\/wp\/v2\/media\/13954"}],"wp:attachment":[{"href":"https:\/\/armstrongyregion.com.ar\/diario\/wp-json\/wp\/v2\/media?parent=13953"}],"wp:term":[{"taxonomy":"category","embeddable":true,"href":"https:\/\/armstrongyregion.com.ar\/diario\/wp-json\/wp\/v2\/categories?post=13953"},{"taxonomy":"post_tag","embeddable":true,"href":"https:\/\/armstrongyregion.com.ar\/diario\/wp-json\/wp\/v2\/tags?post=13953"}],"curies":[{"name":"wp","href":"https:\/\/api.w.org\/{rel}","templated":true}]}}