{"id":13938,"date":"2017-07-31T10:38:44","date_gmt":"2017-07-31T10:38:44","guid":{"rendered":"https:\/\/armstrongyregion.com.ar\/diario\/?p=13938"},"modified":"2017-07-31T10:38:44","modified_gmt":"2017-07-31T10:38:44","slug":"a-dos-semanas-de-los-comicios-las-paso-comienzan-a-tomar-color","status":"publish","type":"post","link":"https:\/\/armstrongyregion.com.ar\/diario\/a-dos-semanas-de-los-comicios-las-paso-comienzan-a-tomar-color\/","title":{"rendered":"A dos semanas de los comicios, las Paso comienzan a tomar color."},"content":{"rendered":"<p><a href=\"http:\/\/armstrongyregion.com.ar\/diario\/wp-content\/uploads\/2017\/07\/elecciones-.jpg\"><img loading=\"lazy\" decoding=\"async\" class=\"alignnone size-medium wp-image-13939\" src=\"http:\/\/armstrongyregion.com.ar\/diario\/wp-content\/uploads\/2017\/07\/elecciones--300x225.jpg\" alt=\"elecciones-\" width=\"300\" height=\"225\" srcset=\"https:\/\/armstrongyregion.com.ar\/diario\/wp-content\/uploads\/2017\/07\/elecciones--300x225.jpg 300w, https:\/\/armstrongyregion.com.ar\/diario\/wp-content\/uploads\/2017\/07\/elecciones-.jpg 768w\" sizes=\"auto, (max-width: 300px) 100vw, 300px\" \/><\/a>Santa Fe est\u00e1 entre los tres distritos m\u00e1s importantes del pa\u00eds con 2.715.807 votantes. Contin\u00faa la capacitaci\u00f3n de las autoridades.<\/p>\n<p>dos semanas de los comicios, y cuando todav\u00eda no parecen mover el amper\u00edmetro del electorado, las Paso santafesinas ya comienzan a tomar color, al menos en el plano organizativo: hoy proseguir\u00e1n dict\u00e1ndose en Rosario y la capital provincial los cursos de capacitaci\u00f3n de las autoridades que ya fueron convocadas por la Secretar\u00eda Electoral nacional mediante los respectivos telegramas para presidir las 8.038 mesas a constituir en 363 ciudades y localidades. Son 2.715.807 los electores habilitados para votar en las primarias del 13 de agosto pr\u00f3ximo.<\/p>\n<p align=\"justify\">Las tambi\u00e9n denominadas elecciones de medio t\u00e9rmino dirimir\u00e1n, en esta oportunidad en el mismo turno provincial y nacional, a los candidatos que competir\u00e1n en las generales del 22 de octubre por bancas en los Concejos Municipales y miembros comunales y nueve esca\u00f1os a renovar en la C\u00e1mara baja de la Naci\u00f3n. Tambi\u00e9n consagrar\u00e1n a intendentes en trece ciudades.<\/p>\n<p align=\"justify\">Del total de mesas provinciales dispuestas, Rosario, como el mayor caudal de votantes, concentra casi el 30 por ciento del padr\u00f3n (2.360 mesas) y la capital santafesina le sigue con casi un tercio menos: 922.<\/p>\n<p align=\"justify\">Asimismo, para la elecci\u00f3n de cargos legislativos y ejecutivos provinciales solamente habr\u00e1 internas en 103 localidades. En las restantes 260 las Paso quedaron reducidas a un tr\u00e1mite. Es porque en todas ellas las distintas agrupaciones pol\u00edticas oficializaron listas \u00fanicas y los respectivos candidatos ya fueron proclamados por la Justicia electoral para competir en las generales.<\/p>\n<p align=\"justify\">S\u00f3lo justificar\u00e1 el gasto y la log\u00edstica que se desplegar\u00e1 en aquellos lugares donde no habr\u00e1 competencia interna a nivel local el hecho de que all\u00ed se elegir\u00e1n tambi\u00e9n (unificaci\u00f3n de calendarios mediante) precandidatos entre las 57 n\u00f3minas presentadas para seleccionar aspirantes al Congreso nacional.<\/p>\n<p align=\"justify\">\u00abDel total de 8.038 mesas a constituir en la provincia, habr\u00e1 internas en 6.496 mesas comunes y 150 mesas de extranjeros\u00bb, especificaron a La Capital fuentes de la organizaci\u00f3n que, por la simultaneidad de comicios, est\u00e1 a cargo de la Secretar\u00eda Electoral Nacional, con la colaboraci\u00f3n de la Secretar\u00eda Electoral de la provincia que encabeza Patricio Roberto Pascual.<\/p>\n<p align=\"justify\">La mismas fuentes citaron el art\u00edculo 2\u00ba de la ley N\u00ba 12.367 que dispone: \u00abCuando la elecci\u00f3n general a cargos p\u00fablicos electivos refiera exclusivamente a cargos municipales y comunales y se verifique en uno o m\u00e1s municipios o comunas que todos los partidos pol\u00edticos, confederaci\u00f3n de partidos pol\u00edticos o alianzas electorales participantes hayan presentado una \u00fanica lista de candidatos cada uno de ellos, no se realizar\u00e1 el acto comicial de elecci\u00f3n de precandidatos. En tales casos, el Tribunal Electoral provincial, previa verificaci\u00f3n de los requisitos establecidos en la legislaci\u00f3n vigente, oficializar\u00e1 las listas proclamando candidatos a quienes las integren, para la elecci\u00f3n general\u00bb.<\/p>\n<p align=\"justify\">Esa situaci\u00f3n se verific\u00f3 en 260 poblaciones de la provincia, entre ellas las ciudades de Armstrong, San Guillermo, Suardi (en las tres se elegir\u00e1 intendente), Sunchales, Las Rosas, Avellaneda, San Carlos Centro y Puerto General San Mart\u00edn.<\/p>\n<p align=\"justify\">En el departamento Rosario ya fueron proclamadas como definitivas para las generales de octubre las listas de candidatos en las comunas de Acebal, Pueblo Mu\u00f1oz, Arminda, Alvarez, Pi\u00f1ero, Fighiera, Carmen del Sauce, Coronel Bogado, Albarellos, Soldini, Villa Amelia, Coronel Dom\u00ednguez, General Lagos y Zavalla.<\/p>\n<p align=\"justify\">La resoluci\u00f3n por la cual se excluy\u00f3 de participar en las Paso a los candidatos de las localidades donde se presentaron listas \u00fanicas ya fue rubricada por el presidente del Tribunal Electoral santafesino, Daniel Erbetta (titular de la Corte Suprema provincial).<\/p>\n<p align=\"justify\"><strong>Escenario<\/strong><\/p>\n<p align=\"justify\">Con 2.715.807 ciudadanos habilitados para votar en los comicios de medio t\u00e9rmino, Santa Fe integra el selecto podio como tercer distrito electoral del pa\u00eds (en toda la Argentina hay 33.193.686 electores). S\u00f3lo la superan Buenos Aires (12.280.736) y C\u00f3rdoba (2.885.715).<\/p>\n<p align=\"justify\">Detr\u00e1s de la bota se ubica, en cuarto lugar, la Capital Federal, donde la Justicia electoral habilit\u00f3 a 2.553.787 ciudadanos que estar\u00e1n en condiciones de emitir sufragio en las Paso y en las generales.<\/p>\n<p align=\"justify\">Un total de 8.038 mesas de votaci\u00f3n se habilitar\u00e1 en la provincia, 2.360 de ellas en Rosario.<\/p>\n<p align=\"justify\">por\u00a0<a href=\"http:\/\/www.lacapital.com.ar\/marcelo-carne-la-capital-p189.html\">Marcelo Carn\u00e9 \/ La Capita<\/a>l<\/p>\n<p align=\"justify\">\n<p align=\"justify\">\n","protected":false},"excerpt":{"rendered":"<p>Santa Fe est\u00e1 entre los tres distritos m\u00e1s importantes del pa\u00eds con 2.715.807 votantes. Contin\u00faa la capacitaci\u00f3n de las autoridades. dos semanas de los comicios, y cuando todav\u00eda no parecen mover el amper\u00edmetro del electorado, las Paso santafesinas ya comienzan a tomar color, al menos en el plano organizativo: hoy proseguir\u00e1n dict\u00e1ndose en Rosario y <a href=\"https:\/\/armstrongyregion.com.ar\/diario\/a-dos-semanas-de-los-comicios-las-paso-comienzan-a-tomar-color\/\" title=\"Read more\" >&#8230;<\/a><\/p>\n","protected":false},"author":1,"featured_media":13939,"comment_status":"open","ping_status":"open","sticky":false,"template":"","format":"standard","meta":{"_jetpack_memberships_contains_paid_content":false,"footnotes":"","jetpack_publicize_message":"","jetpack_publicize_feature_enabled":true,"jetpack_social_post_already_shared":false,"jetpack_social_options":{"image_generator_settings":{"template":"highway","default_image_id":0,"enabled":false},"version":2}},"categories":[8,1,2,7,3],"tags":[5736,5737],"class_list":["post-13938","post","type-post","status-publish","format-standard","has-post-thumbnail","hentry","category-deliberando","category-diario-armstrong","category-locales","category-politica","category-region","tag-a-dos-semanas-de-los-comicios","tag-las-paso-comienzan-a-tomar-color"],"jetpack_publicize_connections":[],"jetpack_featured_media_url":"https:\/\/armstrongyregion.com.ar\/diario\/wp-content\/uploads\/2017\/07\/elecciones-.jpg","jetpack_shortlink":"https:\/\/wp.me\/p62QDO-3CO","jetpack_sharing_enabled":true,"amp_enabled":true,"_links":{"self":[{"href":"https:\/\/armstrongyregion.com.ar\/diario\/wp-json\/wp\/v2\/posts\/13938","targetHints":{"allow":["GET"]}}],"collection":[{"href":"https:\/\/armstrongyregion.com.ar\/diario\/wp-json\/wp\/v2\/posts"}],"about":[{"href":"https:\/\/armstrongyregion.com.ar\/diario\/wp-json\/wp\/v2\/types\/post"}],"author":[{"embeddable":true,"href":"https:\/\/armstrongyregion.com.ar\/diario\/wp-json\/wp\/v2\/users\/1"}],"replies":[{"embeddable":true,"href":"https:\/\/armstrongyregion.com.ar\/diario\/wp-json\/wp\/v2\/comments?post=13938"}],"version-history":[{"count":0,"href":"https:\/\/armstrongyregion.com.ar\/diario\/wp-json\/wp\/v2\/posts\/13938\/revisions"}],"wp:featuredmedia":[{"embeddable":true,"href":"https:\/\/armstrongyregion.com.ar\/diario\/wp-json\/wp\/v2\/media\/13939"}],"wp:attachment":[{"href":"https:\/\/armstrongyregion.com.ar\/diario\/wp-json\/wp\/v2\/media?parent=13938"}],"wp:term":[{"taxonomy":"category","embeddable":true,"href":"https:\/\/armstrongyregion.com.ar\/diario\/wp-json\/wp\/v2\/categories?post=13938"},{"taxonomy":"post_tag","embeddable":true,"href":"https:\/\/armstrongyregion.com.ar\/diario\/wp-json\/wp\/v2\/tags?post=13938"}],"curies":[{"name":"wp","href":"https:\/\/api.w.org\/{rel}","templated":true}]}}