{"id":13932,"date":"2017-07-29T22:41:29","date_gmt":"2017-07-29T22:41:29","guid":{"rendered":"https:\/\/armstrongyregion.com.ar\/diario\/?p=13932"},"modified":"2017-07-29T22:41:29","modified_gmt":"2017-07-29T22:41:29","slug":"con-emocion-y-alegria-renovacion-y-futuro-presento-a-sus-candidatos","status":"publish","type":"post","link":"https:\/\/armstrongyregion.com.ar\/diario\/con-emocion-y-alegria-renovacion-y-futuro-presento-a-sus-candidatos\/","title":{"rendered":"Con emoci\u00f3n y alegr\u00eda Renovaci\u00f3n y Futuro present\u00f3  a sus candidatos."},"content":{"rendered":"<p><a href=\"http:\/\/armstrongyregion.com.ar\/diario\/wp-content\/uploads\/2017\/07\/renovacion-tutti-.jpg\"><img loading=\"lazy\" decoding=\"async\" class=\"alignnone size-medium wp-image-13933\" src=\"http:\/\/armstrongyregion.com.ar\/diario\/wp-content\/uploads\/2017\/07\/renovacion-tutti--300x198.jpg\" alt=\"renovacion-tutti-\" width=\"300\" height=\"198\" srcset=\"https:\/\/armstrongyregion.com.ar\/diario\/wp-content\/uploads\/2017\/07\/renovacion-tutti--300x198.jpg 300w, https:\/\/armstrongyregion.com.ar\/diario\/wp-content\/uploads\/2017\/07\/renovacion-tutti-.jpg 960w\" sizes=\"auto, (max-width: 300px) 100vw, 300px\" \/><\/a>Como estaba previsto, el pasado viernes 28 de julio, en el Sal\u00f3n de AVE, Renovaci\u00f3n y Futuro present\u00f3 su lista de candidatos.<\/p>\n<p><a href=\"http:\/\/armstrongyregion.com.ar\/diario\/wp-content\/uploads\/2017\/07\/Renovacion-1-.jpg\"><img loading=\"lazy\" decoding=\"async\" class=\"alignnone size-medium wp-image-13934\" src=\"http:\/\/armstrongyregion.com.ar\/diario\/wp-content\/uploads\/2017\/07\/Renovacion-1--300x170.jpg\" alt=\"Renovacion-1-\" width=\"300\" height=\"170\" srcset=\"https:\/\/armstrongyregion.com.ar\/diario\/wp-content\/uploads\/2017\/07\/Renovacion-1--300x170.jpg 300w, https:\/\/armstrongyregion.com.ar\/diario\/wp-content\/uploads\/2017\/07\/Renovacion-1-.jpg 960w\" sizes=\"auto, (max-width: 300px) 100vw, 300px\" \/><\/a>Luego de que los precandidatos a concejales Facundo Amil y Jesus Urquia les contaran a los presentes sobre sus ganas y proyectos que llevaran al concejo en el caso de ser electos, Emiliano Gramigna candidato a intendente expreso estar muy contento y emocionado, ya que este evento a superado las expectativas, \u201cla gente ha respondido a esa invitaci\u00f3n donde nosotros quer\u00edamos contarles que quer\u00edamos hacer, en lo particular lo viv\u00ed con una alegr\u00eda enorme que me lleno el alma, los cimientos que me han forjado \u00a0mis padres hoy han dado \u00a0sus frutos\u201d.<\/p>\n<p><a href=\"http:\/\/armstrongyregion.com.ar\/diario\/wp-content\/uploads\/2017\/07\/REnovacion-2-.jpg\"><img loading=\"lazy\" decoding=\"async\" class=\"alignnone size-medium wp-image-13935\" src=\"http:\/\/armstrongyregion.com.ar\/diario\/wp-content\/uploads\/2017\/07\/REnovacion-2--300x202.jpg\" alt=\"REnovacion-2-\" width=\"300\" height=\"202\" srcset=\"https:\/\/armstrongyregion.com.ar\/diario\/wp-content\/uploads\/2017\/07\/REnovacion-2--300x202.jpg 300w, https:\/\/armstrongyregion.com.ar\/diario\/wp-content\/uploads\/2017\/07\/REnovacion-2-.jpg 960w\" sizes=\"auto, (max-width: 300px) 100vw, 300px\" \/><\/a>Emiliano Gramigna \u00a0ante los medios locales expres\u00f3, \u201cEl mensaje fue dirigido a todos \u00a0a una unidad de la gente no a una unidad partidaria a una unidad de que podamos trabajar entre todos los problemas que realmente tiene Armstrong, que podamos darle soluci\u00f3n pero que lo hagamos sin distinciones de bander\u00edas \u00a0pol\u00edticas tenemos que pensar en la ciudad y no en las mezquindades de los partidos o en las mezquindades de los dirigentes, sino ser abiertos, hacer un municipio abierto a la gente y que esa unidad haga que logremos hacer las obras que hay que hacer, trabajar en el presupuesto de salud, en la prevenci\u00f3n del delito, seguridad, cloacas, pavimento, hacer las obras que realmente hay que hacer\u201d.<\/p>\n<p>Consultado sobre su equipo de trabajo dijo: \u201cEn realidad la mayor\u00eda de quienes integran la lista es la primera vez que participan activamente en pol\u00edtica pero todos tienen una experiencia de vida y mucha calle que es lo que necesitamos, ya que los problemas est\u00e1n en la calle, los problemas no est\u00e1n en una oficina hay que caminar y estar\u201d.<\/p>\n<p><a href=\"http:\/\/armstrongyregion.com.ar\/diario\/wp-content\/uploads\/2017\/07\/REnovacion-intendente-.jpg\"><img loading=\"lazy\" decoding=\"async\" class=\"alignnone size-medium wp-image-13936\" src=\"http:\/\/armstrongyregion.com.ar\/diario\/wp-content\/uploads\/2017\/07\/REnovacion-intendente--300x224.jpg\" alt=\"REnovacion-intendente-\" width=\"300\" height=\"224\" srcset=\"https:\/\/armstrongyregion.com.ar\/diario\/wp-content\/uploads\/2017\/07\/REnovacion-intendente--300x224.jpg 300w, https:\/\/armstrongyregion.com.ar\/diario\/wp-content\/uploads\/2017\/07\/REnovacion-intendente-.jpg 960w\" sizes=\"auto, (max-width: 300px) 100vw, 300px\" \/><\/a>Siguiendo la misma l\u00ednea de discurso a\u00f1adi\u00f3: \u201cDe todo el grupo que me acompa\u00f1a todos tienen una gran convicci\u00f3n de trabajar por el otro un ejemplo es Iris Ontivero, la mayor de nuestro equipo, tiene una experiencia enorme en el tema educativo y en el trabajo social que ha realizado en la escuela 600 asique me siento muy orgulloso de llevar esta lista de concejales como empuje a mi candidatura a intendente\u201d.<\/p>\n<p>&nbsp;<\/p>\n<p>&nbsp;<\/p>\n<p>&nbsp;<\/p>\n","protected":false},"excerpt":{"rendered":"<p>Como estaba previsto, el pasado viernes 28 de julio, en el Sal\u00f3n de AVE, Renovaci\u00f3n y Futuro present\u00f3 su lista de candidatos. Luego de que los precandidatos a concejales Facundo Amil y Jesus Urquia les contaran a los presentes sobre sus ganas y proyectos que llevaran al concejo en el caso de ser electos, Emiliano <a href=\"https:\/\/armstrongyregion.com.ar\/diario\/con-emocion-y-alegria-renovacion-y-futuro-presento-a-sus-candidatos\/\" title=\"Read more\" >&#8230;<\/a><\/p>\n","protected":false},"author":1,"featured_media":13933,"comment_status":"open","ping_status":"open","sticky":false,"template":"","format":"standard","meta":{"_jetpack_memberships_contains_paid_content":false,"footnotes":"","jetpack_publicize_message":"","jetpack_publicize_feature_enabled":true,"jetpack_social_post_already_shared":false,"jetpack_social_options":{"image_generator_settings":{"template":"highway","default_image_id":0,"enabled":false},"version":2}},"categories":[8,1,2,7,3],"tags":[20,5735,388,13],"class_list":["post-13932","post","type-post","status-publish","format-standard","has-post-thumbnail","hentry","category-deliberando","category-diario-armstrong","category-locales","category-politica","category-region","tag-armstrong","tag-con-emocion-y-alegria-renovacion-y-futuro-presento-a-sus-candidatos","tag-region-2","tag-y"],"jetpack_publicize_connections":[],"jetpack_featured_media_url":"https:\/\/armstrongyregion.com.ar\/diario\/wp-content\/uploads\/2017\/07\/renovacion-tutti-.jpg","jetpack_shortlink":"https:\/\/wp.me\/p62QDO-3CI","jetpack_sharing_enabled":true,"amp_enabled":true,"_links":{"self":[{"href":"https:\/\/armstrongyregion.com.ar\/diario\/wp-json\/wp\/v2\/posts\/13932","targetHints":{"allow":["GET"]}}],"collection":[{"href":"https:\/\/armstrongyregion.com.ar\/diario\/wp-json\/wp\/v2\/posts"}],"about":[{"href":"https:\/\/armstrongyregion.com.ar\/diario\/wp-json\/wp\/v2\/types\/post"}],"author":[{"embeddable":true,"href":"https:\/\/armstrongyregion.com.ar\/diario\/wp-json\/wp\/v2\/users\/1"}],"replies":[{"embeddable":true,"href":"https:\/\/armstrongyregion.com.ar\/diario\/wp-json\/wp\/v2\/comments?post=13932"}],"version-history":[{"count":0,"href":"https:\/\/armstrongyregion.com.ar\/diario\/wp-json\/wp\/v2\/posts\/13932\/revisions"}],"wp:featuredmedia":[{"embeddable":true,"href":"https:\/\/armstrongyregion.com.ar\/diario\/wp-json\/wp\/v2\/media\/13933"}],"wp:attachment":[{"href":"https:\/\/armstrongyregion.com.ar\/diario\/wp-json\/wp\/v2\/media?parent=13932"}],"wp:term":[{"taxonomy":"category","embeddable":true,"href":"https:\/\/armstrongyregion.com.ar\/diario\/wp-json\/wp\/v2\/categories?post=13932"},{"taxonomy":"post_tag","embeddable":true,"href":"https:\/\/armstrongyregion.com.ar\/diario\/wp-json\/wp\/v2\/tags?post=13932"}],"curies":[{"name":"wp","href":"https:\/\/api.w.org\/{rel}","templated":true}]}}