{"id":13929,"date":"2017-07-29T15:37:19","date_gmt":"2017-07-29T15:37:19","guid":{"rendered":"https:\/\/armstrongyregion.com.ar\/diario\/?p=13929"},"modified":"2017-07-29T15:37:19","modified_gmt":"2017-07-29T15:37:19","slug":"schmuck-actual-concejala-y-candidata-a-dip-nacional-de-sumemos-x-santa-fe-estuvo-de-visita-en-nuestra-ciudad","status":"publish","type":"post","link":"https:\/\/armstrongyregion.com.ar\/diario\/schmuck-actual-concejala-y-candidata-a-dip-nacional-de-sumemos-x-santa-fe-estuvo-de-visita-en-nuestra-ciudad\/","title":{"rendered":"Schmuck actual concejala y candidata a Dip. Nacional de Sumemos X Santa Fe estuvo de visita en nuestra ciudad."},"content":{"rendered":"<p><a href=\"http:\/\/armstrongyregion.com.ar\/diario\/wp-content\/uploads\/2017\/07\/Schmuck.jpg\"><img loading=\"lazy\" decoding=\"async\" class=\"alignnone size-medium wp-image-13930\" src=\"http:\/\/armstrongyregion.com.ar\/diario\/wp-content\/uploads\/2017\/07\/Schmuck-300x169.jpg\" alt=\"Schmuck\" width=\"300\" height=\"169\" srcset=\"https:\/\/armstrongyregion.com.ar\/diario\/wp-content\/uploads\/2017\/07\/Schmuck-300x169.jpg 300w, https:\/\/armstrongyregion.com.ar\/diario\/wp-content\/uploads\/2017\/07\/Schmuck.jpg 768w\" sizes=\"auto, (max-width: 300px) 100vw, 300px\" \/><\/a>El pasado viernes 28 de julio, la actual concejala Maria Eugenia Schmuck se reunio con el intendente local Dr. Pablo Verdecchia y Rosana Siri quien encabeza lista de concejales y en rueda de prensa elogio el trabajo realizado en estos siete a\u00f1os por el intendente y su equipo y tambi\u00e9n a su lista de concejales, Schmuck pidi\u00f3 a la comunidad el acompa\u00f1amiento en las pr\u00f3ximas elecciones PASO primarias, abiertas simultaneas y obligatorias a realizarse el pr\u00f3ximo 13 de agosto.<\/p>\n<p>La actual concejala y candidata a diputada nacional de Sumemos X Santa Fe pelear\u00e1 una interna contra su par radical Luis Contigiani, representante del oficialismo. \u201cLa gente decidir\u00e1 si elige la lista que construy\u00f3 el socialismo o la de la transformaci\u00f3n y el cambio\u201d, expres\u00f3 a los medios presentes.<\/p>\n<p>La concejala radical Mar\u00eda Eugenia Schmuck se\u00f1al que su lista representa el cambio al tiempo que consider\u00f3 que el Frente Progresista C\u00edvico y Social \u201ctiene que cambiar\u201dde nombres, de ideas y las primarias son una buena oportunidad para que la gente participe de ese debate\u201d. Luego, advirti\u00f3: \u201cNo tenemos padrino, la grieta nos hunde a todos, hace falta en el Congreso representantes de los santafesinos que tengan compromiso con la gente y no con un padrino pol\u00edtico\u201d.<\/p>\n<p>Consultada sobre las diferencias de su posici\u00f3n con respecto a la de Contingiani, manifest\u00f3: \u201cSomos una lista que abogamos por la paridad, somos la \u00fanica lista encabezada por rosarinos y cuya estrategia es la transformaci\u00f3n y el cambio\u201d. Y resumi\u00f3: \u201cLa gente decidir\u00e1 si quiere la lista que construy\u00f3 el socialismo o el cambio y la transformaci\u00f3n\u201d.Tambi\u00e9n destac\u00f3: \u201cEstamos cansados de la elecci\u00f3n de candidatos a dedo\u201d.<\/p>\n<p>Finalmente, expres\u00f3: \u201cNos gustan los desaf\u00edos, nos anima la militancia y las convicciones que tenemos. Hay mucha gente que nos acompa\u00f1a y recorre la provincia. Nunca nadie nos dio nada, todo lo peleamos con la democracia y nunca nadie nos dijo si \u00e9ramos segundos o terceros en una lista\u201d.<\/p>\n<p>&nbsp;<\/p>\n","protected":false},"excerpt":{"rendered":"<p>El pasado viernes 28 de julio, la actual concejala Maria Eugenia Schmuck se reunio con el intendente local Dr. Pablo Verdecchia y Rosana Siri quien encabeza lista de concejales y en rueda de prensa elogio el trabajo realizado en estos siete a\u00f1os por el intendente y su equipo y tambi\u00e9n a su lista de concejales, <a href=\"https:\/\/armstrongyregion.com.ar\/diario\/schmuck-actual-concejala-y-candidata-a-dip-nacional-de-sumemos-x-santa-fe-estuvo-de-visita-en-nuestra-ciudad\/\" title=\"Read more\" >&#8230;<\/a><\/p>\n","protected":false},"author":1,"featured_media":13930,"comment_status":"open","ping_status":"open","sticky":false,"template":"","format":"standard","meta":{"_jetpack_memberships_contains_paid_content":false,"footnotes":"","jetpack_publicize_message":"","jetpack_publicize_feature_enabled":true,"jetpack_social_post_already_shared":false,"jetpack_social_options":{"image_generator_settings":{"template":"highway","default_image_id":0,"enabled":false},"version":2}},"categories":[1,2,7,3],"tags":[5734],"class_list":["post-13929","post","type-post","status-publish","format-standard","has-post-thumbnail","hentry","category-diario-armstrong","category-locales","category-politica","category-region","tag-schmuck-actual-concejala-y-candidata-a-diputada-nacional-de-sumemos-x-santa-fe-estuvo-de-visita-en-nuestra-ciudad"],"jetpack_publicize_connections":[],"jetpack_featured_media_url":"https:\/\/armstrongyregion.com.ar\/diario\/wp-content\/uploads\/2017\/07\/Schmuck.jpg","jetpack_shortlink":"https:\/\/wp.me\/p62QDO-3CF","jetpack_sharing_enabled":true,"amp_enabled":true,"_links":{"self":[{"href":"https:\/\/armstrongyregion.com.ar\/diario\/wp-json\/wp\/v2\/posts\/13929","targetHints":{"allow":["GET"]}}],"collection":[{"href":"https:\/\/armstrongyregion.com.ar\/diario\/wp-json\/wp\/v2\/posts"}],"about":[{"href":"https:\/\/armstrongyregion.com.ar\/diario\/wp-json\/wp\/v2\/types\/post"}],"author":[{"embeddable":true,"href":"https:\/\/armstrongyregion.com.ar\/diario\/wp-json\/wp\/v2\/users\/1"}],"replies":[{"embeddable":true,"href":"https:\/\/armstrongyregion.com.ar\/diario\/wp-json\/wp\/v2\/comments?post=13929"}],"version-history":[{"count":0,"href":"https:\/\/armstrongyregion.com.ar\/diario\/wp-json\/wp\/v2\/posts\/13929\/revisions"}],"wp:featuredmedia":[{"embeddable":true,"href":"https:\/\/armstrongyregion.com.ar\/diario\/wp-json\/wp\/v2\/media\/13930"}],"wp:attachment":[{"href":"https:\/\/armstrongyregion.com.ar\/diario\/wp-json\/wp\/v2\/media?parent=13929"}],"wp:term":[{"taxonomy":"category","embeddable":true,"href":"https:\/\/armstrongyregion.com.ar\/diario\/wp-json\/wp\/v2\/categories?post=13929"},{"taxonomy":"post_tag","embeddable":true,"href":"https:\/\/armstrongyregion.com.ar\/diario\/wp-json\/wp\/v2\/tags?post=13929"}],"curies":[{"name":"wp","href":"https:\/\/api.w.org\/{rel}","templated":true}]}}