{"id":13912,"date":"2017-07-28T15:04:42","date_gmt":"2017-07-28T15:04:42","guid":{"rendered":"https:\/\/armstrongyregion.com.ar\/diario\/?p=13912"},"modified":"2017-07-28T15:04:42","modified_gmt":"2017-07-28T15:04:42","slug":"verdecchia-recibio-un-aporte-de-la-provincia-para-ampliacion-de-minimundo","status":"publish","type":"post","link":"https:\/\/armstrongyregion.com.ar\/diario\/verdecchia-recibio-un-aporte-de-la-provincia-para-ampliacion-de-minimundo\/","title":{"rendered":"Verdecchia recibi\u00f3 un aporte de la provincia para ampliaci\u00f3n de Minimundo."},"content":{"rendered":"<div class=\"jsn-article-content\">\n<p><a href=\"http:\/\/armstrongyregion.com.ar\/diario\/wp-content\/uploads\/2017\/07\/Aporte-Vedecchia-.jpg\"><img loading=\"lazy\" decoding=\"async\" class=\"alignnone size-medium wp-image-13913\" src=\"http:\/\/armstrongyregion.com.ar\/diario\/wp-content\/uploads\/2017\/07\/Aporte-Vedecchia--300x169.jpg\" alt=\"Aporte-Vedecchia-\" width=\"300\" height=\"169\" srcset=\"https:\/\/armstrongyregion.com.ar\/diario\/wp-content\/uploads\/2017\/07\/Aporte-Vedecchia--300x169.jpg 300w, https:\/\/armstrongyregion.com.ar\/diario\/wp-content\/uploads\/2017\/07\/Aporte-Vedecchia-.jpg 768w\" sizes=\"auto, (max-width: 300px) 100vw, 300px\" \/><\/a>El d\u00eda mi\u00e9rcoles 26 de julio, el Intendente Dr. Pablo Verdecchia recibi\u00f3 al Ministro de Desarrollo Social de la Provincia de Santa Fe CP Jorge \u00c1lvarez quien le hizo entrega de un aporte por el Programa \u201cBuenas Pr\u00e1cticas\u201d.<\/p>\n<p>El mismo ser\u00e1 destinado a remodelaciones en el Espacio Minimundo, proyecto presentado a la comunidad por las autoridades municipales hace algunas semanas atr\u00e1s.<\/p>\n<p>\u201cHay que agradecer al Gobernador Lifschitz que hace que los Ministros est\u00e9n en territorio y recorran cada municipio. Realmente nos sentimos muy acompa\u00f1ados porque ante las dificultades, siempre han estado presentes desde el Ministerio de Desarrollo Social, por eso es importante contar hoy con esta presencia\u201d, manifest\u00f3 Verdecchia.<\/p>\n<p>Se trata de una entrega de $ 200.000 que se invertir\u00e1n en la primera parte de las modificaciones anunciadas y lo que ser\u00e1 el nuevo edificio para el traslado de la oficina de Promoci\u00f3n Comunitaria.<\/p>\n<p>Por su parte, \u00c1lvarez cont\u00f3 que el Programa \u201cBuenas Pr\u00e1cticas\u201d consiste en el financiamiento de proyectos sociales tanto para infraestructura como para equipamiento.<\/p>\n<p>&nbsp;<\/p>\n<\/div>\n<p><span class=\"article_separator\">\u00a0<\/span><\/p>\n","protected":false},"excerpt":{"rendered":"<p>El d\u00eda mi\u00e9rcoles 26 de julio, el Intendente Dr. Pablo Verdecchia recibi\u00f3 al Ministro de Desarrollo Social de la Provincia de Santa Fe CP Jorge \u00c1lvarez quien le hizo entrega de un aporte por el Programa \u201cBuenas Pr\u00e1cticas\u201d. El mismo ser\u00e1 destinado a remodelaciones en el Espacio Minimundo, proyecto presentado a la comunidad por las <a href=\"https:\/\/armstrongyregion.com.ar\/diario\/verdecchia-recibio-un-aporte-de-la-provincia-para-ampliacion-de-minimundo\/\" title=\"Read more\" >&#8230;<\/a><\/p>\n","protected":false},"author":1,"featured_media":13913,"comment_status":"open","ping_status":"open","sticky":false,"template":"","format":"standard","meta":{"_jetpack_memberships_contains_paid_content":false,"footnotes":"","jetpack_publicize_message":"","jetpack_publicize_feature_enabled":true,"jetpack_social_post_already_shared":false,"jetpack_social_options":{"image_generator_settings":{"template":"highway","default_image_id":0,"enabled":false},"version":2}},"categories":[6,8,1,2],"tags":[5729],"class_list":["post-13912","post","type-post","status-publish","format-standard","has-post-thumbnail","hentry","category-cultura-entretenimiento","category-deliberando","category-diario-armstrong","category-locales","tag-verdecchia-recibio-un-aporte-de-la-provincia-para-ampliacion-de-minimundo"],"jetpack_publicize_connections":[],"jetpack_featured_media_url":"https:\/\/armstrongyregion.com.ar\/diario\/wp-content\/uploads\/2017\/07\/Aporte-Vedecchia-.jpg","jetpack_shortlink":"https:\/\/wp.me\/p62QDO-3Co","jetpack_sharing_enabled":true,"amp_enabled":true,"_links":{"self":[{"href":"https:\/\/armstrongyregion.com.ar\/diario\/wp-json\/wp\/v2\/posts\/13912","targetHints":{"allow":["GET"]}}],"collection":[{"href":"https:\/\/armstrongyregion.com.ar\/diario\/wp-json\/wp\/v2\/posts"}],"about":[{"href":"https:\/\/armstrongyregion.com.ar\/diario\/wp-json\/wp\/v2\/types\/post"}],"author":[{"embeddable":true,"href":"https:\/\/armstrongyregion.com.ar\/diario\/wp-json\/wp\/v2\/users\/1"}],"replies":[{"embeddable":true,"href":"https:\/\/armstrongyregion.com.ar\/diario\/wp-json\/wp\/v2\/comments?post=13912"}],"version-history":[{"count":0,"href":"https:\/\/armstrongyregion.com.ar\/diario\/wp-json\/wp\/v2\/posts\/13912\/revisions"}],"wp:featuredmedia":[{"embeddable":true,"href":"https:\/\/armstrongyregion.com.ar\/diario\/wp-json\/wp\/v2\/media\/13913"}],"wp:attachment":[{"href":"https:\/\/armstrongyregion.com.ar\/diario\/wp-json\/wp\/v2\/media?parent=13912"}],"wp:term":[{"taxonomy":"category","embeddable":true,"href":"https:\/\/armstrongyregion.com.ar\/diario\/wp-json\/wp\/v2\/categories?post=13912"},{"taxonomy":"post_tag","embeddable":true,"href":"https:\/\/armstrongyregion.com.ar\/diario\/wp-json\/wp\/v2\/tags?post=13912"}],"curies":[{"name":"wp","href":"https:\/\/api.w.org\/{rel}","templated":true}]}}