{"id":13889,"date":"2017-07-27T10:56:03","date_gmt":"2017-07-27T10:56:03","guid":{"rendered":"https:\/\/armstrongyregion.com.ar\/diario\/?p=13889"},"modified":"2017-07-27T10:56:03","modified_gmt":"2017-07-27T10:56:03","slug":"gramigna-hay-tramos-donde-ya-esta-rota-la-ruta-15","status":"publish","type":"post","link":"https:\/\/armstrongyregion.com.ar\/diario\/gramigna-hay-tramos-donde-ya-esta-rota-la-ruta-15\/","title":{"rendered":"Gramigna: \u00abHay tramos donde ya est\u00e1 rota la Ruta 15\u00bb."},"content":{"rendered":"<p><a href=\"http:\/\/armstrongyregion.com.ar\/diario\/wp-content\/uploads\/2017\/07\/Ruta.15.1..jpg\"><img loading=\"lazy\" decoding=\"async\" class=\"alignnone size-medium wp-image-13890\" src=\"http:\/\/armstrongyregion.com.ar\/diario\/wp-content\/uploads\/2017\/07\/Ruta.15.1.-300x225.jpg\" alt=\"Ruta.15.1.\" width=\"300\" height=\"225\" srcset=\"https:\/\/armstrongyregion.com.ar\/diario\/wp-content\/uploads\/2017\/07\/Ruta.15.1.-300x225.jpg 300w, https:\/\/armstrongyregion.com.ar\/diario\/wp-content\/uploads\/2017\/07\/Ruta.15.1..jpg 768w\" sizes=\"auto, (max-width: 300px) 100vw, 300px\" \/><\/a>As\u00ed manifest\u00f3 el Concejal Emiliano Gramigna al ser consultado por su pedido de informe en el que solicita la informaci\u00f3n sobre las roturas que ha tenido en varios tramos la recientemente repavimentada Ruta 15.<br \/>\n<a href=\"http:\/\/armstrongyregion.com.ar\/diario\/wp-content\/uploads\/2017\/07\/Ruta-15-2-.jpg\"><img loading=\"lazy\" decoding=\"async\" class=\"alignnone size-medium wp-image-13891\" src=\"http:\/\/armstrongyregion.com.ar\/diario\/wp-content\/uploads\/2017\/07\/Ruta-15-2--300x225.jpg\" alt=\"Ruta-15-2-\" width=\"300\" height=\"225\" srcset=\"https:\/\/armstrongyregion.com.ar\/diario\/wp-content\/uploads\/2017\/07\/Ruta-15-2--300x225.jpg 300w, https:\/\/armstrongyregion.com.ar\/diario\/wp-content\/uploads\/2017\/07\/Ruta-15-2-.jpg 768w\" sizes=\"auto, (max-width: 300px) 100vw, 300px\" \/><\/a>\u00abSolicitamos la informaci\u00f3n t\u00e9cnica y adem\u00e1s pol\u00edtica de esta situaci\u00f3n ya que los pol\u00edticos desfilaron por la ruta sac\u00e1ndose fotos adjudicandose todos los beneficios de la repavimentacion\u00bb<br \/>\n\u00abLa obra en si es un gran anhelo de hace mucho tiempo y es por eso que luchamos para que se haga de calidad, algo que debe durar much\u00edsimos a\u00f1os en algunos lugares dur\u00f3 meses\u00bb.<br \/>\nPara finalizar expres\u00f3 \u00abVamos a esperar la respuesta por parte de las autoridades y luego emitir nuestra opini\u00f3n y analizar cu\u00e1l va a ser el plan de acci\u00f3n para que esta obra dure lo que tenga durar\u00bb.<\/p>\n","protected":false},"excerpt":{"rendered":"<p>As\u00ed manifest\u00f3 el Concejal Emiliano Gramigna al ser consultado por su pedido de informe en el que solicita la informaci\u00f3n sobre las roturas que ha tenido en varios tramos la recientemente repavimentada Ruta 15. \u00abSolicitamos la informaci\u00f3n t\u00e9cnica y adem\u00e1s pol\u00edtica de esta situaci\u00f3n ya que los pol\u00edticos desfilaron por la ruta sac\u00e1ndose fotos adjudicandose <a href=\"https:\/\/armstrongyregion.com.ar\/diario\/gramigna-hay-tramos-donde-ya-esta-rota-la-ruta-15\/\" title=\"Read more\" >&#8230;<\/a><\/p>\n","protected":false},"author":1,"featured_media":13890,"comment_status":"open","ping_status":"open","sticky":false,"template":"","format":"standard","meta":{"_jetpack_memberships_contains_paid_content":false,"footnotes":"","jetpack_publicize_message":"","jetpack_publicize_feature_enabled":true,"jetpack_social_post_already_shared":false,"jetpack_social_options":{"image_generator_settings":{"template":"highway","default_image_id":0,"enabled":false},"version":2}},"categories":[8,1,2,7,3],"tags":[20,5724,388,13],"class_list":["post-13889","post","type-post","status-publish","format-standard","has-post-thumbnail","hentry","category-deliberando","category-diario-armstrong","category-locales","category-politica","category-region","tag-armstrong","tag-gramigna-hay-tramos-donde-ya-esta-rota-la-ruta-15","tag-region-2","tag-y"],"jetpack_publicize_connections":[],"jetpack_featured_media_url":"https:\/\/armstrongyregion.com.ar\/diario\/wp-content\/uploads\/2017\/07\/Ruta.15.1..jpg","jetpack_shortlink":"https:\/\/wp.me\/p62QDO-3C1","jetpack_sharing_enabled":true,"amp_enabled":true,"_links":{"self":[{"href":"https:\/\/armstrongyregion.com.ar\/diario\/wp-json\/wp\/v2\/posts\/13889","targetHints":{"allow":["GET"]}}],"collection":[{"href":"https:\/\/armstrongyregion.com.ar\/diario\/wp-json\/wp\/v2\/posts"}],"about":[{"href":"https:\/\/armstrongyregion.com.ar\/diario\/wp-json\/wp\/v2\/types\/post"}],"author":[{"embeddable":true,"href":"https:\/\/armstrongyregion.com.ar\/diario\/wp-json\/wp\/v2\/users\/1"}],"replies":[{"embeddable":true,"href":"https:\/\/armstrongyregion.com.ar\/diario\/wp-json\/wp\/v2\/comments?post=13889"}],"version-history":[{"count":0,"href":"https:\/\/armstrongyregion.com.ar\/diario\/wp-json\/wp\/v2\/posts\/13889\/revisions"}],"wp:featuredmedia":[{"embeddable":true,"href":"https:\/\/armstrongyregion.com.ar\/diario\/wp-json\/wp\/v2\/media\/13890"}],"wp:attachment":[{"href":"https:\/\/armstrongyregion.com.ar\/diario\/wp-json\/wp\/v2\/media?parent=13889"}],"wp:term":[{"taxonomy":"category","embeddable":true,"href":"https:\/\/armstrongyregion.com.ar\/diario\/wp-json\/wp\/v2\/categories?post=13889"},{"taxonomy":"post_tag","embeddable":true,"href":"https:\/\/armstrongyregion.com.ar\/diario\/wp-json\/wp\/v2\/tags?post=13889"}],"curies":[{"name":"wp","href":"https:\/\/api.w.org\/{rel}","templated":true}]}}