{"id":13863,"date":"2017-07-25T11:33:57","date_gmt":"2017-07-25T11:33:57","guid":{"rendered":"https:\/\/armstrongyregion.com.ar\/diario\/?p=13863"},"modified":"2017-07-25T11:42:52","modified_gmt":"2017-07-25T11:42:52","slug":"este-martes-en-deliberando-museos-tenis-adaptado-y-rutas-provinciales","status":"publish","type":"post","link":"https:\/\/armstrongyregion.com.ar\/diario\/este-martes-en-deliberando-museos-tenis-adaptado-y-rutas-provinciales\/","title":{"rendered":"Este martes en DELIBERANDO, museos, tenis adaptado y rutas provinciales."},"content":{"rendered":"<p><a href=\"http:\/\/armstrongyregion.com.ar\/diario\/wp-content\/uploads\/2017\/07\/Pablo-DiTomaso-.jpg\"><img loading=\"lazy\" decoding=\"async\" class=\"alignnone size-medium wp-image-13864\" src=\"http:\/\/armstrongyregion.com.ar\/diario\/wp-content\/uploads\/2017\/07\/Pablo-DiTomaso--300x200.jpg\" alt=\"Pablo-DiTomaso-\" width=\"300\" height=\"200\" srcset=\"https:\/\/armstrongyregion.com.ar\/diario\/wp-content\/uploads\/2017\/07\/Pablo-DiTomaso--300x200.jpg 300w, https:\/\/armstrongyregion.com.ar\/diario\/wp-content\/uploads\/2017\/07\/Pablo-DiTomaso-.jpg 768w\" sizes=\"auto, (max-width: 300px) 100vw, 300px\" \/><\/a>El coordinador de museos de la ciudad de Ca\u00f1ada de G\u00f3mez, Pablo Di Tomaso, repasa la actividad que vienen realizado los distintos museos de esa ciudad como as\u00ed tambi\u00e9n los mejoramientos que en cada uno de ellos se ejecutan. Destac\u00f3 las series de charlas y la funcionalidad de cada espacio como as\u00ed tambi\u00e9n la actualizaci\u00f3n de la zona historia de la ciudad.<\/p>\n<p><a href=\"http:\/\/armstrongyregion.com.ar\/diario\/wp-content\/uploads\/2017\/07\/Mat\u00edas-De-Marco-.jpg\"><img loading=\"lazy\" decoding=\"async\" class=\"alignnone size-medium wp-image-13866\" src=\"http:\/\/armstrongyregion.com.ar\/diario\/wp-content\/uploads\/2017\/07\/Mat\u00edas-De-Marco--300x200.jpg\" alt=\"Mat\u00edas-De Marco-\" width=\"300\" height=\"200\" srcset=\"https:\/\/armstrongyregion.com.ar\/diario\/wp-content\/uploads\/2017\/07\/Mat\u00edas-De-Marco--300x200.jpg 300w, https:\/\/armstrongyregion.com.ar\/diario\/wp-content\/uploads\/2017\/07\/Mat\u00edas-De-Marco-.jpg 768w\" sizes=\"auto, (max-width: 300px) 100vw, 300px\" \/><\/a>En la ciudad de Las Rosas se implement\u00f3 el \u00abtenis adaptado\u00bb, a partir del proyecto de una fundaci\u00f3n de implementar ese deporte para aquellos chicos con alguna discapacidad, todos los detalles los brindar\u00e1 Marcos Di Santo, coordinador de este objetivo en esa ciudad.<\/p>\n<p><a href=\"http:\/\/armstrongyregion.com.ar\/diario\/wp-content\/uploads\/2017\/07\/claudio-Recanatessi-.jpg\"><img loading=\"lazy\" decoding=\"async\" class=\"alignnone size-medium wp-image-13868\" src=\"http:\/\/armstrongyregion.com.ar\/diario\/wp-content\/uploads\/2017\/07\/claudio-Recanatessi--300x200.jpg\" alt=\"claudio-Recanatessi-\" width=\"300\" height=\"200\" srcset=\"https:\/\/armstrongyregion.com.ar\/diario\/wp-content\/uploads\/2017\/07\/claudio-Recanatessi--300x200.jpg 300w, https:\/\/armstrongyregion.com.ar\/diario\/wp-content\/uploads\/2017\/07\/claudio-Recanatessi-.jpg 768w\" sizes=\"auto, (max-width: 300px) 100vw, 300px\" \/><\/a>Las tareas y obras que se realizan en nuestra provincia a partir de la direcci\u00f3n provincial de vialidad, ser\u00e1n explicadas y detalladas por el Asesor Legal y T\u00e9cnico de esa direcci\u00f3n Dr. Claudio Recanatesi, entre ellas las obras sobre la ruta provincial 15 que une Armstrong con Cruz Alta pcia de Cordoba. Adem\u00e1s todos los trabajos tanto en las rutas provinciales como en los caminos primarios de la provincia, privilegiando aquellos donde traslade la producci\u00f3n.<\/p>\n<p>Todo este detalle este martes en DELIBERANDO, con la conducci\u00f3n de la licenciada Graciela de la Casa- Oscar Crispino- Ezequiel Piccoli.<\/p>\n<p>21hs por Cable Imagen Armstrong.<\/p>\n","protected":false},"excerpt":{"rendered":"<p>El coordinador de museos de la ciudad de Ca\u00f1ada de G\u00f3mez, Pablo Di Tomaso, repasa la actividad que vienen realizado los distintos museos de esa ciudad como as\u00ed tambi\u00e9n los mejoramientos que en cada uno de ellos se ejecutan. Destac\u00f3 las series de charlas y la funcionalidad de cada espacio como as\u00ed tambi\u00e9n la actualizaci\u00f3n <a href=\"https:\/\/armstrongyregion.com.ar\/diario\/este-martes-en-deliberando-museos-tenis-adaptado-y-rutas-provinciales\/\" title=\"Read more\" >&#8230;<\/a><\/p>\n","protected":false},"author":1,"featured_media":13864,"comment_status":"open","ping_status":"open","sticky":false,"template":"","format":"standard","meta":{"_jetpack_memberships_contains_paid_content":false,"footnotes":"","jetpack_publicize_message":"","jetpack_publicize_feature_enabled":true,"jetpack_social_post_already_shared":false,"jetpack_social_options":{"image_generator_settings":{"template":"highway","default_image_id":0,"enabled":false},"version":2}},"categories":[6,1,2,3],"tags":[1307,2784,5716],"class_list":["post-13863","post","type-post","status-publish","format-standard","has-post-thumbnail","hentry","category-cultura-entretenimiento","category-diario-armstrong","category-locales","category-region","tag-este-martes-en-deliberando","tag-museos","tag-tenis-adaptado-y-rutas-provinciales"],"jetpack_publicize_connections":[],"jetpack_featured_media_url":"https:\/\/armstrongyregion.com.ar\/diario\/wp-content\/uploads\/2017\/07\/Pablo-DiTomaso-.jpg","jetpack_shortlink":"https:\/\/wp.me\/p62QDO-3BB","jetpack_sharing_enabled":true,"amp_enabled":true,"_links":{"self":[{"href":"https:\/\/armstrongyregion.com.ar\/diario\/wp-json\/wp\/v2\/posts\/13863","targetHints":{"allow":["GET"]}}],"collection":[{"href":"https:\/\/armstrongyregion.com.ar\/diario\/wp-json\/wp\/v2\/posts"}],"about":[{"href":"https:\/\/armstrongyregion.com.ar\/diario\/wp-json\/wp\/v2\/types\/post"}],"author":[{"embeddable":true,"href":"https:\/\/armstrongyregion.com.ar\/diario\/wp-json\/wp\/v2\/users\/1"}],"replies":[{"embeddable":true,"href":"https:\/\/armstrongyregion.com.ar\/diario\/wp-json\/wp\/v2\/comments?post=13863"}],"version-history":[{"count":0,"href":"https:\/\/armstrongyregion.com.ar\/diario\/wp-json\/wp\/v2\/posts\/13863\/revisions"}],"wp:featuredmedia":[{"embeddable":true,"href":"https:\/\/armstrongyregion.com.ar\/diario\/wp-json\/wp\/v2\/media\/13864"}],"wp:attachment":[{"href":"https:\/\/armstrongyregion.com.ar\/diario\/wp-json\/wp\/v2\/media?parent=13863"}],"wp:term":[{"taxonomy":"category","embeddable":true,"href":"https:\/\/armstrongyregion.com.ar\/diario\/wp-json\/wp\/v2\/categories?post=13863"},{"taxonomy":"post_tag","embeddable":true,"href":"https:\/\/armstrongyregion.com.ar\/diario\/wp-json\/wp\/v2\/tags?post=13863"}],"curies":[{"name":"wp","href":"https:\/\/api.w.org\/{rel}","templated":true}]}}