{"id":1383,"date":"2015-03-19T12:15:31","date_gmt":"2015-03-19T12:15:31","guid":{"rendered":"https:\/\/armstrongyregion.com.ar\/diario\/?p=1383"},"modified":"2015-03-19T12:15:31","modified_gmt":"2015-03-19T12:15:31","slug":"acto-en-el-dia-de-la-memoria-la-verdad-y-la-justicia","status":"publish","type":"post","link":"https:\/\/armstrongyregion.com.ar\/diario\/acto-en-el-dia-de-la-memoria-la-verdad-y-la-justicia\/","title":{"rendered":"Acto en el D\u00eda de la Memoria, la Verdad y la Justicia."},"content":{"rendered":"<p><a href=\"http:\/\/armstrongyregion.com.ar\/diario\/wp-content\/uploads\/2015\/03\/24demarzo.jpg\"><img loading=\"lazy\" decoding=\"async\" class=\"alignnone size-medium wp-image-1384\" src=\"http:\/\/armstrongyregion.com.ar\/diario\/wp-content\/uploads\/2015\/03\/24demarzo-300x212.jpg\" alt=\"24demarzo\" width=\"300\" height=\"212\" srcset=\"https:\/\/armstrongyregion.com.ar\/diario\/wp-content\/uploads\/2015\/03\/24demarzo-300x212.jpg 300w, https:\/\/armstrongyregion.com.ar\/diario\/wp-content\/uploads\/2015\/03\/24demarzo.jpg 706w\" sizes=\"auto, (max-width: 300px) 100vw, 300px\" \/><\/a>La Municipalidad de Armstrong invita a toda la ciudadan\u00eda a participar del acto en el D\u00eda de la Memoria por la Verdad y la Justicia que se realizar\u00e1 el martes 24 de marzo a las 11 hs., en la Plaza P\u00e9rez Esquivel.<\/p>\n<p>Esta fecha se conmemora en Argentina desde el a\u00f1o 2002, cuando el Congreso de la Naci\u00f3n dict\u00f3 la Ley N\u00ba 25.633 con el fin de rendir homenaje a las v\u00edctimas de la \u00faltima dictadura militar que sufriera nuestro pa\u00eds, en el a\u00f1o 1976.<\/p>\n<p>En caso de lluvia, dicho acto se llevar\u00e1 a cabo en el sal\u00f3n auditorio Delmo Dar\u00f3.<\/p>\n","protected":false},"excerpt":{"rendered":"<p>La Municipalidad de Armstrong invita a toda la ciudadan\u00eda a participar del acto en el D\u00eda de la Memoria por la Verdad y la Justicia que se realizar\u00e1 el martes 24 de marzo a las 11 hs., en la Plaza P\u00e9rez Esquivel. Esta fecha se conmemora en Argentina desde el a\u00f1o 2002, cuando el Congreso <a href=\"https:\/\/armstrongyregion.com.ar\/diario\/acto-en-el-dia-de-la-memoria-la-verdad-y-la-justicia\/\" title=\"Read more\" >&#8230;<\/a><\/p>\n","protected":false},"author":2,"featured_media":1384,"comment_status":"open","ping_status":"open","sticky":false,"template":"","format":"standard","meta":{"_jetpack_memberships_contains_paid_content":false,"footnotes":"","jetpack_publicize_message":"","jetpack_publicize_feature_enabled":true,"jetpack_social_post_already_shared":false,"jetpack_social_options":{"image_generator_settings":{"template":"highway","default_image_id":0,"enabled":false},"version":2}},"categories":[6,1,2],"tags":[33,1212,19,793,16,15,452,31,1058,1154,13],"class_list":["post-1383","post","type-post","status-publish","format-standard","has-post-thumbnail","hentry","category-cultura-entretenimiento","category-diario-armstrong","category-locales","tag-a","tag-acto","tag-de","tag-dia","tag-el","tag-en","tag-justicia","tag-la","tag-memoria","tag-verdad","tag-y"],"jetpack_publicize_connections":[],"jetpack_featured_media_url":"https:\/\/armstrongyregion.com.ar\/diario\/wp-content\/uploads\/2015\/03\/24demarzo.jpg","jetpack_shortlink":"https:\/\/wp.me\/p62QDO-mj","jetpack_sharing_enabled":true,"amp_enabled":true,"_links":{"self":[{"href":"https:\/\/armstrongyregion.com.ar\/diario\/wp-json\/wp\/v2\/posts\/1383","targetHints":{"allow":["GET"]}}],"collection":[{"href":"https:\/\/armstrongyregion.com.ar\/diario\/wp-json\/wp\/v2\/posts"}],"about":[{"href":"https:\/\/armstrongyregion.com.ar\/diario\/wp-json\/wp\/v2\/types\/post"}],"author":[{"embeddable":true,"href":"https:\/\/armstrongyregion.com.ar\/diario\/wp-json\/wp\/v2\/users\/2"}],"replies":[{"embeddable":true,"href":"https:\/\/armstrongyregion.com.ar\/diario\/wp-json\/wp\/v2\/comments?post=1383"}],"version-history":[{"count":0,"href":"https:\/\/armstrongyregion.com.ar\/diario\/wp-json\/wp\/v2\/posts\/1383\/revisions"}],"wp:featuredmedia":[{"embeddable":true,"href":"https:\/\/armstrongyregion.com.ar\/diario\/wp-json\/wp\/v2\/media\/1384"}],"wp:attachment":[{"href":"https:\/\/armstrongyregion.com.ar\/diario\/wp-json\/wp\/v2\/media?parent=1383"}],"wp:term":[{"taxonomy":"category","embeddable":true,"href":"https:\/\/armstrongyregion.com.ar\/diario\/wp-json\/wp\/v2\/categories?post=1383"},{"taxonomy":"post_tag","embeddable":true,"href":"https:\/\/armstrongyregion.com.ar\/diario\/wp-json\/wp\/v2\/tags?post=1383"}],"curies":[{"name":"wp","href":"https:\/\/api.w.org\/{rel}","templated":true}]}}