{"id":13818,"date":"2017-07-23T17:37:39","date_gmt":"2017-07-23T17:37:39","guid":{"rendered":"https:\/\/armstrongyregion.com.ar\/diario\/?p=13818"},"modified":"2017-07-23T17:37:39","modified_gmt":"2017-07-23T17:37:39","slug":"el-cirque-du-soleil-llega-por-primera-vez-a-rosario-para-desplegar-su-magia","status":"publish","type":"post","link":"https:\/\/armstrongyregion.com.ar\/diario\/el-cirque-du-soleil-llega-por-primera-vez-a-rosario-para-desplegar-su-magia\/","title":{"rendered":"El Cirque du Soleil llega por primera vez a Rosario para desplegar su magia."},"content":{"rendered":"<p><a href=\"http:\/\/armstrongyregion.com.ar\/diario\/wp-content\/uploads\/2017\/07\/circo-.jpg\"><img loading=\"lazy\" decoding=\"async\" class=\"alignnone size-medium wp-image-13819\" src=\"http:\/\/armstrongyregion.com.ar\/diario\/wp-content\/uploads\/2017\/07\/circo--300x226.jpg\" alt=\"circo-\" width=\"300\" height=\"226\" srcset=\"https:\/\/armstrongyregion.com.ar\/diario\/wp-content\/uploads\/2017\/07\/circo--300x226.jpg 300w, https:\/\/armstrongyregion.com.ar\/diario\/wp-content\/uploads\/2017\/07\/circo-.jpg 768w\" sizes=\"auto, (max-width: 300px) 100vw, 300px\" \/><\/a>La ciudad ser\u00e1 la escala debut de la gira por Argentina durante la que presentar\u00e1 \u00abAmaluna\u00bb, en la segunda quincena de febrero pr\u00f3ximo.<\/p>\n<p>\u00abAmaluna\u00bb elevar\u00e1 tu esp\u00edritu y llevar\u00e1 tu coraz\u00f3n a lugares que jam\u00e1s has visitado\u00bb. As\u00ed presenta el\u00a0<a class=\"agrupador\" href=\"http:\/\/www.lacapital.com.ar\/cirque-du-soleil-a7629\" rel=\"7629\">Cirque du Soleil<\/a>\u00a0el espect\u00e1culo con el que por primera vez desembarcar\u00e1 en Rosario. Ser\u00e1 el punto inicial de la gira que cumplir\u00e1 en la Argentina, un privilegio que har\u00e1 que los rosarinos disfruten antes que nadie en el pa\u00eds, entre dos y tres semanas, del nuevo show itinerante con el que la prestigiosa compa\u00f1\u00eda canadiense vuelve a la ruta.<\/p>\n<p align=\"justify\">Despu\u00e9s del \u00e9xito de \u00abS\u00e9ptimo d\u00eda\u00bb, la puesta inspirada en la obra de Soda St\u00e9reo que bati\u00f3 r\u00e9cords en sus presentaciones en Buenos Aires y C\u00f3rdoba, la troupe fundada por los otrora artistas callejeros Guy Llibert\u00e9 y Daniel Gauthier en la d\u00e9cada del 80 vuelve a sus or\u00edgenes con \u00abAmaluna\u00bb, la nueva creaci\u00f3n inspirada en los tradicionales n\u00fameros circenses que dar\u00e1 a conocer en el Tour Sudam\u00e9rica 2017-2018.<\/p>\n<p align=\"justify\">Rosario ser\u00e1 la primera escala de la gira, la ciudad que eligi\u00f3 el Cirque du Soleil para estrenar \u00abAmaluna\u00bb en la Argentina. Lo har\u00e1 en la segunda quincena de febrero, en el Aut\u00f3dromo Ciudad de Rosario, un predio que ser\u00e1 especialmente acondicionado para que se instale la enorme carpa de la compa\u00f1\u00eda, que con los a\u00f1os se erigi\u00f3 en un \u00edcono de la excelencia de sus performances art\u00edsticas.<\/p>\n<p align=\"justify\">\u00abAmaluna\u00bb es la primera de las 33 producciones que cre\u00f3 el Cirque du Soleil a lo largo de su historia, que cuenta con un elenco formado por un 70 por ciento de mujeres. El espect\u00e1culo, que se revela como una enigm\u00e1tica exploraci\u00f3n de \u00abuna isla de diosas\u00bb, cuenta un pu\u00f1ado de historias inspiradas en la mitolog\u00eda griega y n\u00f3rdica y le rinde homenaje a obras cl\u00e1sicas como \u00abLa flauta m\u00e1gica\u00bb, de Mozart, y \u00abLa tempestad\u00bb, de Shakespeare.<\/p>\n<p align=\"justify\"><strong>En Paraguay<\/strong><\/p>\n<p align=\"justify\">La obra se estrenar\u00e1 en Sudam\u00e9rica el pr\u00f3ximo mi\u00e9rcoles 26 de julio en Asunci\u00f3n de Paraguay, donde la compa\u00f1\u00eda ya levant\u00f3 la carpa azul y amarilla y entrena intensamente para poner a punto el espect\u00e1culo. Entre las destrezas que sorprender\u00e1n a los rosarinos una vez que se enciendan las luces del escenario se cuentan cuerdas a\u00e9reas, trampol\u00edn doble, barras asim\u00e9tricas y el ya cl\u00e1sico aro y cuenco de agua.<\/p>\n<p align=\"justify\">La historia se desarrolla en una isla gobernada por diosas que rigen sus actitudes por los ciclos de la Luna, de ah\u00ed que el show se titula \u00abAmaluna\u00bb, que significa \u00abMadre Luna\u00bb, precisamente el astro que simboliza a la mujer y que, seg\u00fan tradiciones ancestrales, es la protectora del planeta. Lo explic\u00f3 Diane Paulus, quien tiene a su cargo la direcci\u00f3n art\u00edstica de la puesta que, adelant\u00f3, le rinde tributo a la fortaleza femenina.<\/p>\n<p align=\"justify\">El Cirque du Soleil se define como \u00abun montaje dram\u00e1tico de artes circenses y esparcimiento callejero\u00bb, pero los que han visto sus shows saben que su arte es un prodigio que combina destrezas inimaginables y sensibilidad para narrar historias de ensue\u00f1o. Solo en Las Vegas cuenta con siete puestas en escena, entre ellas, la aclamada \u00abLove\u00bb, basada en la vida y obra de los Beatles y \u00abMindfreak\u00bb del ilusionista Criss Angel.<\/p>\n<p align=\"justify\">Poder gozar de una de sus producciones en Rosario es m\u00e9rito de MA Producciones, la productora de los hermanos Gast\u00f3n y Andr\u00e9s Abiad, quienes no s\u00f3lo asumieron el riesgo empresario que implica traer a la ciudad una compa\u00f1\u00eda de primera l\u00ednea internacional, sino que adem\u00e1s cumplieron los alt\u00edsimos est\u00e1ndares de calidad que exige el Cirque du Soleil para aprobar la puesta en escena de sus espect\u00e1culos.<\/p>\n<p align=\"justify\">La elecci\u00f3n del predio del aut\u00f3dromo, ubicado en el extremo oeste del municipio, para la instalaci\u00f3n de la carpa donde se presentar\u00e1 \u00abAmaluna\u00bb (un prodigio con capacidad para 2.600 personas, con 36 metros de altura, 51 metros de di\u00e1metro que se levanta en apenas cinco minutos) se enmarc\u00f3 precisamente en lo que pide la compa\u00f1\u00eda que, adem\u00e1s de condiciones t\u00e9cnicas, hace especial hincapi\u00e9 en la accesibilidad.<\/p>\n<p align=\"justify\">El principal limitante para decidir la locaci\u00f3n del espect\u00e1culo fue que demanda una superficie asfaltada de 4.500 metros cuadrados que, en buena medida, en el predio del aut\u00f3dromo est\u00e1n cubiertos. Tambi\u00e9n hubo que contemplar el alojamiento de las 120 personas que integran la compa\u00f1\u00eda, de las cuales 46 son artistas, y resolver la log\u00edstica para mover las 2.000 toneladas de equipo que requiere el show.<\/p>\n<p align=\"justify\">Lo concreto es que el pr\u00f3ximo 15 de febrero cuando el Cirque du Soleil levante el tel\u00f3n para que los rosarinos puedan ver \u00abAmaluna\u00bb, a los acr\u00f3batas, bailarines y artistas del circo iluminar el escenario con sus asombrosas habilidades, lo \u00fanico que va a importar es el arte, la fantas\u00eda y el talento. Ser\u00e1 un momento \u00fanico y fascinante como solamente el mundo del espect\u00e1culo puede dar y habr\u00e1 que gozarlo a lo grande.<\/p>\n<div class=\"author-avatar \"><img decoding=\"async\" title=\"Ricardo Luque\" src=\"http:\/\/static.lacapital.com.ar\/adjuntos\/203\/autores\/007\/756\/0007756648.jpg\" alt=\"Ricardo Luque\" \/><\/div>\n<div class=\"author-data\">\n<div class=\"author-title\">por\u00a0<a href=\"http:\/\/www.lacapital.com.ar\/ricardo-luque-p317.html\">Ricardo Luqu<\/a>e . La Capital.<\/div>\n<\/div>\n","protected":false},"excerpt":{"rendered":"<p>La ciudad ser\u00e1 la escala debut de la gira por Argentina durante la que presentar\u00e1 \u00abAmaluna\u00bb, en la segunda quincena de febrero pr\u00f3ximo. \u00abAmaluna\u00bb elevar\u00e1 tu esp\u00edritu y llevar\u00e1 tu coraz\u00f3n a lugares que jam\u00e1s has visitado\u00bb. As\u00ed presenta el\u00a0Cirque du Soleil\u00a0el espect\u00e1culo con el que por primera vez desembarcar\u00e1 en Rosario. Ser\u00e1 el punto <a href=\"https:\/\/armstrongyregion.com.ar\/diario\/el-cirque-du-soleil-llega-por-primera-vez-a-rosario-para-desplegar-su-magia\/\" title=\"Read more\" >&#8230;<\/a><\/p>\n","protected":false},"author":1,"featured_media":13819,"comment_status":"open","ping_status":"open","sticky":false,"template":"","format":"standard","meta":{"_jetpack_memberships_contains_paid_content":false,"footnotes":"","jetpack_publicize_message":"","jetpack_publicize_feature_enabled":true,"jetpack_social_post_already_shared":false,"jetpack_social_options":{"image_generator_settings":{"template":"highway","default_image_id":0,"enabled":false},"version":2}},"categories":[6,1,3],"tags":[5704],"class_list":["post-13818","post","type-post","status-publish","format-standard","has-post-thumbnail","hentry","category-cultura-entretenimiento","category-diario-armstrong","category-region","tag-el-cirque-du-soleil-llega-por-primera-vez-a-rosario-para-desplegar-su-magia"],"jetpack_publicize_connections":[],"jetpack_featured_media_url":"https:\/\/armstrongyregion.com.ar\/diario\/wp-content\/uploads\/2017\/07\/circo-.jpg","jetpack_shortlink":"https:\/\/wp.me\/p62QDO-3AS","jetpack_sharing_enabled":true,"amp_enabled":true,"_links":{"self":[{"href":"https:\/\/armstrongyregion.com.ar\/diario\/wp-json\/wp\/v2\/posts\/13818","targetHints":{"allow":["GET"]}}],"collection":[{"href":"https:\/\/armstrongyregion.com.ar\/diario\/wp-json\/wp\/v2\/posts"}],"about":[{"href":"https:\/\/armstrongyregion.com.ar\/diario\/wp-json\/wp\/v2\/types\/post"}],"author":[{"embeddable":true,"href":"https:\/\/armstrongyregion.com.ar\/diario\/wp-json\/wp\/v2\/users\/1"}],"replies":[{"embeddable":true,"href":"https:\/\/armstrongyregion.com.ar\/diario\/wp-json\/wp\/v2\/comments?post=13818"}],"version-history":[{"count":0,"href":"https:\/\/armstrongyregion.com.ar\/diario\/wp-json\/wp\/v2\/posts\/13818\/revisions"}],"wp:featuredmedia":[{"embeddable":true,"href":"https:\/\/armstrongyregion.com.ar\/diario\/wp-json\/wp\/v2\/media\/13819"}],"wp:attachment":[{"href":"https:\/\/armstrongyregion.com.ar\/diario\/wp-json\/wp\/v2\/media?parent=13818"}],"wp:term":[{"taxonomy":"category","embeddable":true,"href":"https:\/\/armstrongyregion.com.ar\/diario\/wp-json\/wp\/v2\/categories?post=13818"},{"taxonomy":"post_tag","embeddable":true,"href":"https:\/\/armstrongyregion.com.ar\/diario\/wp-json\/wp\/v2\/tags?post=13818"}],"curies":[{"name":"wp","href":"https:\/\/api.w.org\/{rel}","templated":true}]}}