{"id":13808,"date":"2017-07-22T18:18:32","date_gmt":"2017-07-22T18:18:32","guid":{"rendered":"https:\/\/armstrongyregion.com.ar\/diario\/?p=13808"},"modified":"2017-07-22T18:18:32","modified_gmt":"2017-07-22T18:18:32","slug":"alejandra-rodenas-precandidata-a-dip-nacional-apoyo-a-la-lista-mistica-las-parejas","status":"publish","type":"post","link":"https:\/\/armstrongyregion.com.ar\/diario\/alejandra-rodenas-precandidata-a-dip-nacional-apoyo-a-la-lista-mistica-las-parejas\/","title":{"rendered":"Alejandra Rodenas- Precandidata a Dip. Nacional apoyo a la Lista \u00abM\u00edstica Las Parejas\u00bb"},"content":{"rendered":"<p><a href=\"http:\/\/armstrongyregion.com.ar\/diario\/wp-content\/uploads\/2017\/07\/rodenas.jpg\"><img loading=\"lazy\" decoding=\"async\" class=\"alignnone size-medium wp-image-13809\" src=\"http:\/\/armstrongyregion.com.ar\/diario\/wp-content\/uploads\/2017\/07\/rodenas-300x200.jpg\" alt=\"rodenas\" width=\"300\" height=\"200\" srcset=\"https:\/\/armstrongyregion.com.ar\/diario\/wp-content\/uploads\/2017\/07\/rodenas-300x200.jpg 300w, https:\/\/armstrongyregion.com.ar\/diario\/wp-content\/uploads\/2017\/07\/rodenas.jpg 768w\" sizes=\"auto, (max-width: 300px) 100vw, 300px\" \/><\/a>El jueves 20 de julio, en la sede de Sportivo A. C. de Las Parejas, las precandidatas a diputado nacional de Nuevo Espacio Santafesino (Frente Justicialista) Alejandra Rodenas y Claudia Giaccone brindaron una rueda de prensa para hablar de la actualidad pol\u00edtica e institucional, de Santa Fe, la Naci\u00f3n y el peronismo santafesino. Estuvieron acompa\u00f1adas en la mesa por Ra\u00fal R\u00edos, precandidato a concejal parejense; por Daniel Forgia, precandidato a concejalas de Las Rosas; y por el aspirante a presidente comunal de Bouquet, Luis Raffo.<\/p>\n<p>Entre los asistentes se ubicaron los otros integrantes de la lista \u201cM\u00edstica Las Parejas\u201d, referentes de localidades del departamento Belgrano, medios de prensa y p\u00fablico.<\/p>\n<p><a href=\"http:\/\/armstrongyregion.com.ar\/diario\/wp-content\/uploads\/2017\/07\/Rodenas-2-.jpg\"><img loading=\"lazy\" decoding=\"async\" class=\"alignnone size-medium wp-image-13810\" src=\"http:\/\/armstrongyregion.com.ar\/diario\/wp-content\/uploads\/2017\/07\/Rodenas-2--300x200.jpg\" alt=\"Rodenas-2-\" width=\"300\" height=\"200\" srcset=\"https:\/\/armstrongyregion.com.ar\/diario\/wp-content\/uploads\/2017\/07\/Rodenas-2--300x200.jpg 300w, https:\/\/armstrongyregion.com.ar\/diario\/wp-content\/uploads\/2017\/07\/Rodenas-2-.jpg 768w\" sizes=\"auto, (max-width: 300px) 100vw, 300px\" \/><\/a>La diputada provincial Giaccone expres\u00f3 que estaban all\u00ed<em>\u00a0\u201ccon personas de distintas localidades, que han tomado el desaf\u00edo de buscar ser representantes de sus pueblos y administradores de su futuro\u201d.\u00a0<\/em>Para continuar diciendo que<em>\u00a0\u201c en una zona de importante fortaleza en cuanto a sus empresas y la presencia del trabajo, que son valores que queremos nosotros defender, es importante\u00a0\u00a0la presencia de Alejandra Rodenas, que deja su labor un juzgado penal donde llev\u00f3 batallas muy fuertes contra bandas muy poderosas para incorporarse a la pol\u00edtica como herramienta para hacer por el otro, y adem\u00e1s como mujer que aspira a que la justicia est\u00e9 m\u00e1s cerca en todo sentido, se suma a un espacio pol\u00edtico desde donde, con el apoyo de referentes territoriales, donde buscamos refundar un peronismo renovado, que defienda los derechos de grandes sectores de argentinos que se ven avasallados hoy por el gobierno nacional<\/em>.\u201d<\/p>\n<p>A su turno, Rodenas, asegur\u00f3 que el Nuevo Espacio Santafesino es una\u00a0<em>\u201cconstrucci\u00f3n de Santa Fe y para Santa Fe<\/em>\u201d. Resalt\u00f3 que\u00a0<em>\u201cno tienen un liderazgo nacional\u201d;<\/em>\u00a0y que en nuestra provincia\u00a0\u00a0el peronismo viene de tres derrotas,\u00a0\u00a0<em>\u201clo que nos ha puesto en un lugar muy complejo y se ha generado una cierta desintegraci\u00f3n que estamos tratando de reconstruir\u201d.<\/em><\/p>\n<p><em>\u201cQueremos trabajar en una construcci\u00f3n colectiva que se aleje de los personalismo que hicieron da\u00f1o al justicialismo\u201d,\u00a0<\/em>continu\u00f3.<em>\u00a0\u201cTenemos en este espacio representaci\u00f3n territorial a trav\u00e9s\u00a0\u00a0de Intendentes, Presidentes Comunales, gremios, referentes de muchas localidades, y por supuesto una militancia entusiasta\u201d.<\/em><\/p>\n<p>Marc\u00f3 como compromiso de su acci\u00f3n la defensa de derechos que\u00a0<em>\u201cest\u00e1n siendo cercenados cada d\u00eda, con tarifazos, con quita de pensiones, con cierre de f\u00e1bricas u p\u00e9rdida de empleos. Y con un futuro donde se enfrenta una oleada conservadora liderada por Macri, donde se piensa, por ejemplo, en reformas laborales y previsionales proponiendo modelos de gesti\u00f3n que asustan y preocupan. A eso debemos ponerle un freno. No hay que discutir en qu\u00e9 partido estamos, sino si nos ubicamos o no del lado de la gente\u201d.<\/em><\/p>\n<p>Se refiri\u00f3 tambi\u00e9n a la inseguridad con la que se vive incluso en comunidades m\u00e1s chicas, que es\u00a0<em>\u201cuna cuesti\u00f3n donde desde mi profesi\u00f3n puedo aportar mucho para definir pol\u00edticas de estado, tanto de prevenci\u00f3n y como de punici\u00f3n, que permitan avanzar en devolver la tranquilidad de la sociedad.\u201d<\/em><\/p>\n","protected":false},"excerpt":{"rendered":"<p>El jueves 20 de julio, en la sede de Sportivo A. C. de Las Parejas, las precandidatas a diputado nacional de Nuevo Espacio Santafesino (Frente Justicialista) Alejandra Rodenas y Claudia Giaccone brindaron una rueda de prensa para hablar de la actualidad pol\u00edtica e institucional, de Santa Fe, la Naci\u00f3n y el peronismo santafesino. Estuvieron acompa\u00f1adas <a href=\"https:\/\/armstrongyregion.com.ar\/diario\/alejandra-rodenas-precandidata-a-dip-nacional-apoyo-a-la-lista-mistica-las-parejas\/\" title=\"Read more\" >&#8230;<\/a><\/p>\n","protected":false},"author":1,"featured_media":13809,"comment_status":"open","ping_status":"open","sticky":false,"template":"","format":"standard","meta":{"_jetpack_memberships_contains_paid_content":false,"footnotes":"","jetpack_publicize_message":"","jetpack_publicize_feature_enabled":true,"jetpack_social_post_already_shared":false,"jetpack_social_options":{"image_generator_settings":{"template":"highway","default_image_id":0,"enabled":false},"version":2}},"categories":[8,1,7,3],"tags":[5702],"class_list":["post-13808","post","type-post","status-publish","format-standard","has-post-thumbnail","hentry","category-deliberando","category-diario-armstrong","category-politica","category-region","tag-alejandra-rodenas-precandidata-a-diputada-nacional-apoyo-a-la-lista-mistica-las-parejas"],"jetpack_publicize_connections":[],"jetpack_featured_media_url":"https:\/\/armstrongyregion.com.ar\/diario\/wp-content\/uploads\/2017\/07\/rodenas.jpg","jetpack_shortlink":"https:\/\/wp.me\/p62QDO-3AI","jetpack_sharing_enabled":true,"amp_enabled":true,"_links":{"self":[{"href":"https:\/\/armstrongyregion.com.ar\/diario\/wp-json\/wp\/v2\/posts\/13808","targetHints":{"allow":["GET"]}}],"collection":[{"href":"https:\/\/armstrongyregion.com.ar\/diario\/wp-json\/wp\/v2\/posts"}],"about":[{"href":"https:\/\/armstrongyregion.com.ar\/diario\/wp-json\/wp\/v2\/types\/post"}],"author":[{"embeddable":true,"href":"https:\/\/armstrongyregion.com.ar\/diario\/wp-json\/wp\/v2\/users\/1"}],"replies":[{"embeddable":true,"href":"https:\/\/armstrongyregion.com.ar\/diario\/wp-json\/wp\/v2\/comments?post=13808"}],"version-history":[{"count":0,"href":"https:\/\/armstrongyregion.com.ar\/diario\/wp-json\/wp\/v2\/posts\/13808\/revisions"}],"wp:featuredmedia":[{"embeddable":true,"href":"https:\/\/armstrongyregion.com.ar\/diario\/wp-json\/wp\/v2\/media\/13809"}],"wp:attachment":[{"href":"https:\/\/armstrongyregion.com.ar\/diario\/wp-json\/wp\/v2\/media?parent=13808"}],"wp:term":[{"taxonomy":"category","embeddable":true,"href":"https:\/\/armstrongyregion.com.ar\/diario\/wp-json\/wp\/v2\/categories?post=13808"},{"taxonomy":"post_tag","embeddable":true,"href":"https:\/\/armstrongyregion.com.ar\/diario\/wp-json\/wp\/v2\/tags?post=13808"}],"curies":[{"name":"wp","href":"https:\/\/api.w.org\/{rel}","templated":true}]}}