{"id":13801,"date":"2017-07-22T17:58:13","date_gmt":"2017-07-22T17:58:13","guid":{"rendered":"https:\/\/armstrongyregion.com.ar\/diario\/?p=13801"},"modified":"2017-07-22T17:58:13","modified_gmt":"2017-07-22T17:58:13","slug":"el-frente-justicialista-es-tiempo-de-hacer-lanzo-su-campana-proselitista","status":"publish","type":"post","link":"https:\/\/armstrongyregion.com.ar\/diario\/el-frente-justicialista-es-tiempo-de-hacer-lanzo-su-campana-proselitista\/","title":{"rendered":"El Frente Justicialista, \u201cEs Tiempo de Hacer\u201d lanz\u00f3 su campa\u00f1a proselitista."},"content":{"rendered":"<p><a href=\"http:\/\/armstrongyregion.com.ar\/diario\/wp-content\/uploads\/2017\/07\/marconi-.jpg\"><img loading=\"lazy\" decoding=\"async\" class=\"alignnone size-medium wp-image-13803\" src=\"http:\/\/armstrongyregion.com.ar\/diario\/wp-content\/uploads\/2017\/07\/marconi--300x202.jpg\" alt=\"marconi-\" width=\"300\" height=\"202\" srcset=\"https:\/\/armstrongyregion.com.ar\/diario\/wp-content\/uploads\/2017\/07\/marconi--300x202.jpg 300w, https:\/\/armstrongyregion.com.ar\/diario\/wp-content\/uploads\/2017\/07\/marconi-.jpg 768w\" sizes=\"auto, (max-width: 300px) 100vw, 300px\" \/><\/a>En la noche del mi\u00e9rcoles 19 de julio, bajo el lema \u201cEs tiempo de hacer\u201d el Frente Justicialista lanzo la campa\u00f1a rumbo a las PASO, elecciones Primarias Abiertas \u00a0Simultaneas y Obligatorias a realizarse el pr\u00f3ximo 13 de agosto solo en la \u00a0categor\u00eda de Concejales.<\/p>\n<p><a href=\"http:\/\/armstrongyregion.com.ar\/diario\/wp-content\/uploads\/2017\/07\/marconi3-.jpg\"><img loading=\"lazy\" decoding=\"async\" class=\"alignnone size-medium wp-image-13804\" src=\"http:\/\/armstrongyregion.com.ar\/diario\/wp-content\/uploads\/2017\/07\/marconi3--300x169.jpg\" alt=\"marconi3-\" width=\"300\" height=\"169\" srcset=\"https:\/\/armstrongyregion.com.ar\/diario\/wp-content\/uploads\/2017\/07\/marconi3--300x169.jpg 300w, https:\/\/armstrongyregion.com.ar\/diario\/wp-content\/uploads\/2017\/07\/marconi3-.jpg 768w\" sizes=\"auto, (max-width: 300px) 100vw, 300px\" \/><\/a>Compartieron un peque\u00f1o escenario emplazado en la b\u00e1sica el Dr. Auguto Fischer candidato a intendente junto a los pre candidatos a concejales Titulares: Guillermo Marconi, Fernando Gianantuonio, Andrea Pribisalich, Suplentes: \u00a0Juan Pablo Coraglio, Agustina Bossoletti, \u00a0Elian Gasparetti y tambi\u00e9n el Senador Guillermo Cornaglia quien se sum\u00f3 con un breve discurso.<\/p>\n<p><a href=\"http:\/\/armstrongyregion.com.ar\/diario\/wp-content\/uploads\/2017\/07\/Marconi4-.jpg\"><img loading=\"lazy\" decoding=\"async\" class=\"alignnone size-medium wp-image-13805\" src=\"http:\/\/armstrongyregion.com.ar\/diario\/wp-content\/uploads\/2017\/07\/Marconi4--300x169.jpg\" alt=\"Marconi4-\" width=\"300\" height=\"169\" srcset=\"https:\/\/armstrongyregion.com.ar\/diario\/wp-content\/uploads\/2017\/07\/Marconi4--300x169.jpg 300w, https:\/\/armstrongyregion.com.ar\/diario\/wp-content\/uploads\/2017\/07\/Marconi4-.jpg 960w\" sizes=\"auto, (max-width: 300px) 100vw, 300px\" \/><\/a>Augusto Fischer en dialogo con los medios expres\u00f3: \u201cHace tiempo que me vengo preparando para ser intendente. Con Guillermo Marconi como concejal vamos a trabajar en proyectos para modificar este letargo de obra p\u00fablica que se percibe en Armstrong\u201d.<\/p>\n<p>\u201cEsta vez el Justicialismo de Armstrong entendi\u00f3 que es tiempo de hacer, yo estoy preparado para hacer de Armstrong lo que estamos proyectando, una ciudad mejor, queremos volver a ser esa perla de la regi\u00f3n que fuimos alguna vez\u201d Finaliz\u00f3.<\/p>\n","protected":false},"excerpt":{"rendered":"<p>En la noche del mi\u00e9rcoles 19 de julio, bajo el lema \u201cEs tiempo de hacer\u201d el Frente Justicialista lanzo la campa\u00f1a rumbo a las PASO, elecciones Primarias Abiertas \u00a0Simultaneas y Obligatorias a realizarse el pr\u00f3ximo 13 de agosto solo en la \u00a0categor\u00eda de Concejales. Compartieron un peque\u00f1o escenario emplazado en la b\u00e1sica el Dr. Auguto <a href=\"https:\/\/armstrongyregion.com.ar\/diario\/el-frente-justicialista-es-tiempo-de-hacer-lanzo-su-campana-proselitista\/\" title=\"Read more\" >&#8230;<\/a><\/p>\n","protected":false},"author":1,"featured_media":13803,"comment_status":"open","ping_status":"open","sticky":false,"template":"","format":"standard","meta":{"_jetpack_memberships_contains_paid_content":false,"footnotes":"","jetpack_publicize_message":"","jetpack_publicize_feature_enabled":true,"jetpack_social_post_already_shared":false,"jetpack_social_options":{"image_generator_settings":{"template":"highway","default_image_id":0,"enabled":false},"version":2}},"categories":[8,1,2,7],"tags":[5701,5700],"class_list":["post-13801","post","type-post","status-publish","format-standard","has-post-thumbnail","hentry","category-deliberando","category-diario-armstrong","category-locales","category-politica","tag-es-tiempo-de-hacer-lanzo-su-campana-proselitista","tag-el-frente-justicialista"],"jetpack_publicize_connections":[],"jetpack_featured_media_url":"https:\/\/armstrongyregion.com.ar\/diario\/wp-content\/uploads\/2017\/07\/marconi-.jpg","jetpack_shortlink":"https:\/\/wp.me\/p62QDO-3AB","jetpack_sharing_enabled":true,"amp_enabled":true,"_links":{"self":[{"href":"https:\/\/armstrongyregion.com.ar\/diario\/wp-json\/wp\/v2\/posts\/13801","targetHints":{"allow":["GET"]}}],"collection":[{"href":"https:\/\/armstrongyregion.com.ar\/diario\/wp-json\/wp\/v2\/posts"}],"about":[{"href":"https:\/\/armstrongyregion.com.ar\/diario\/wp-json\/wp\/v2\/types\/post"}],"author":[{"embeddable":true,"href":"https:\/\/armstrongyregion.com.ar\/diario\/wp-json\/wp\/v2\/users\/1"}],"replies":[{"embeddable":true,"href":"https:\/\/armstrongyregion.com.ar\/diario\/wp-json\/wp\/v2\/comments?post=13801"}],"version-history":[{"count":0,"href":"https:\/\/armstrongyregion.com.ar\/diario\/wp-json\/wp\/v2\/posts\/13801\/revisions"}],"wp:featuredmedia":[{"embeddable":true,"href":"https:\/\/armstrongyregion.com.ar\/diario\/wp-json\/wp\/v2\/media\/13803"}],"wp:attachment":[{"href":"https:\/\/armstrongyregion.com.ar\/diario\/wp-json\/wp\/v2\/media?parent=13801"}],"wp:term":[{"taxonomy":"category","embeddable":true,"href":"https:\/\/armstrongyregion.com.ar\/diario\/wp-json\/wp\/v2\/categories?post=13801"},{"taxonomy":"post_tag","embeddable":true,"href":"https:\/\/armstrongyregion.com.ar\/diario\/wp-json\/wp\/v2\/tags?post=13801"}],"curies":[{"name":"wp","href":"https:\/\/api.w.org\/{rel}","templated":true}]}}