{"id":13778,"date":"2017-07-19T13:25:07","date_gmt":"2017-07-19T13:25:07","guid":{"rendered":"https:\/\/armstrongyregion.com.ar\/diario\/?p=13778"},"modified":"2017-07-19T13:25:07","modified_gmt":"2017-07-19T13:25:07","slug":"bagnis-y-olivo-arrancaron-con-el-pie-derecho-en-el-atp-de-bastad-y-ya-estan-en-octavos-de-final","status":"publish","type":"post","link":"https:\/\/armstrongyregion.com.ar\/diario\/bagnis-y-olivo-arrancaron-con-el-pie-derecho-en-el-atp-de-bastad-y-ya-estan-en-octavos-de-final\/","title":{"rendered":"Bagnis y Olivo arrancaron con el pie derecho en el ATP de Bastad y ya est\u00e1n en octavos de final."},"content":{"rendered":"<h2><a href=\"http:\/\/armstrongyregion.com.ar\/diario\/wp-content\/uploads\/2017\/07\/facu-bagnis..jpg\"><img loading=\"lazy\" decoding=\"async\" class=\"alignnone size-medium wp-image-13779\" src=\"http:\/\/armstrongyregion.com.ar\/diario\/wp-content\/uploads\/2017\/07\/facu-bagnis.-300x206.jpg\" alt=\"facu-bagnis.\" width=\"300\" height=\"206\" srcset=\"https:\/\/armstrongyregion.com.ar\/diario\/wp-content\/uploads\/2017\/07\/facu-bagnis.-300x206.jpg 300w, https:\/\/armstrongyregion.com.ar\/diario\/wp-content\/uploads\/2017\/07\/facu-bagnis..jpg 768w\" sizes=\"auto, (max-width: 300px) 100vw, 300px\" \/><\/a>El armstronense super\u00f3 en tres sets al veterano Tomy Haas, mientras que el rosarino despach\u00f3 al franc\u00e9s Mathieu.<\/h2>\n<p><strong>Facundo Bagnis venci\u00f3 a Tomy Haas en la primera ronda del ATP de Bastad<\/strong>, donde en la misma jornada tambi\u00e9n se confirm\u00f3 el debut auspicioso del rosarino\u00a0<strong>Renzo Olivo<\/strong>.<\/p>\n<p>El tenista radicado en Armstrong arranc\u00f3 perdiendo el 5-7 el tie break del primer set, pero\u00a0<strong>luego de casi dos horas y media de partido despach\u00f3 al alem\u00e1n<\/strong>\u00a0por 6-3 y 6-2.<\/p>\n<p>Olivo, en tanto, derrot\u00f3\u00a0al franc\u00e9s\u00a0<strong>Paul-Henri Mathieu<\/strong>\u00a0en 1 hora y 7 minutos por 6-2 y 6-4. Luego de la victoria, el rosarino esperaba a su pr\u00f3ximo rival del cruce entre el alem\u00e1n\u00a0<strong>Maximilian Marterer<\/strong>\u00a0y su compatriota\u00a0<strong>Diego Schwartzman<\/strong>.<\/p>\n<p>Bagnis es otro de los argentinos que sigue en carrera en el certamen sueco y podr\u00eda enfrentarse en la pr\u00f3xima instancia con\u00a0<strong>Fernando Verdasco<\/strong>. El espa\u00f1ol es el sexto preclasificado del torneo y debuta en la primera ronda con el sueco\u00a0<strong>Elias Ymer<\/strong>.<\/p>\n<div id=\"twitter-widget-0\" class=\"twitter-video twitter-video-rendered\" data-tweet-id=\"887279326831443968\"><\/div>\n<div class=\"twitter-video twitter-video-rendered\" data-tweet-id=\"887279326831443968\">viapais.com.ar<\/div>\n","protected":false},"excerpt":{"rendered":"<p>El armstronense super\u00f3 en tres sets al veterano Tomy Haas, mientras que el rosarino despach\u00f3 al franc\u00e9s Mathieu. Facundo Bagnis venci\u00f3 a Tomy Haas en la primera ronda del ATP de Bastad, donde en la misma jornada tambi\u00e9n se confirm\u00f3 el debut auspicioso del rosarino\u00a0Renzo Olivo. El tenista radicado en Armstrong arranc\u00f3 perdiendo el 5-7 <a href=\"https:\/\/armstrongyregion.com.ar\/diario\/bagnis-y-olivo-arrancaron-con-el-pie-derecho-en-el-atp-de-bastad-y-ya-estan-en-octavos-de-final\/\" title=\"Read more\" >&#8230;<\/a><\/p>\n","protected":false},"author":1,"featured_media":13779,"comment_status":"open","ping_status":"open","sticky":false,"template":"","format":"standard","meta":{"_jetpack_memberships_contains_paid_content":false,"footnotes":"","jetpack_publicize_message":"","jetpack_publicize_feature_enabled":true,"jetpack_social_post_already_shared":false,"jetpack_social_options":{"image_generator_settings":{"template":"highway","default_image_id":0,"enabled":false},"version":2}},"categories":[5,1,2,3],"tags":[5693],"class_list":["post-13778","post","type-post","status-publish","format-standard","has-post-thumbnail","hentry","category-deportes","category-diario-armstrong","category-locales","category-region","tag-bagnis-y-olivo-arrancaron-con-el-pie-derecho-en-el-atp-de-bastad-y-ya-estan-en-octavos-de-final"],"jetpack_publicize_connections":[],"jetpack_featured_media_url":"https:\/\/armstrongyregion.com.ar\/diario\/wp-content\/uploads\/2017\/07\/facu-bagnis..jpg","jetpack_shortlink":"https:\/\/wp.me\/p62QDO-3Ae","jetpack_sharing_enabled":true,"amp_enabled":true,"_links":{"self":[{"href":"https:\/\/armstrongyregion.com.ar\/diario\/wp-json\/wp\/v2\/posts\/13778","targetHints":{"allow":["GET"]}}],"collection":[{"href":"https:\/\/armstrongyregion.com.ar\/diario\/wp-json\/wp\/v2\/posts"}],"about":[{"href":"https:\/\/armstrongyregion.com.ar\/diario\/wp-json\/wp\/v2\/types\/post"}],"author":[{"embeddable":true,"href":"https:\/\/armstrongyregion.com.ar\/diario\/wp-json\/wp\/v2\/users\/1"}],"replies":[{"embeddable":true,"href":"https:\/\/armstrongyregion.com.ar\/diario\/wp-json\/wp\/v2\/comments?post=13778"}],"version-history":[{"count":0,"href":"https:\/\/armstrongyregion.com.ar\/diario\/wp-json\/wp\/v2\/posts\/13778\/revisions"}],"wp:featuredmedia":[{"embeddable":true,"href":"https:\/\/armstrongyregion.com.ar\/diario\/wp-json\/wp\/v2\/media\/13779"}],"wp:attachment":[{"href":"https:\/\/armstrongyregion.com.ar\/diario\/wp-json\/wp\/v2\/media?parent=13778"}],"wp:term":[{"taxonomy":"category","embeddable":true,"href":"https:\/\/armstrongyregion.com.ar\/diario\/wp-json\/wp\/v2\/categories?post=13778"},{"taxonomy":"post_tag","embeddable":true,"href":"https:\/\/armstrongyregion.com.ar\/diario\/wp-json\/wp\/v2\/tags?post=13778"}],"curies":[{"name":"wp","href":"https:\/\/api.w.org\/{rel}","templated":true}]}}