{"id":1377,"date":"2015-03-18T16:52:35","date_gmt":"2015-03-18T16:52:35","guid":{"rendered":"https:\/\/armstrongyregion.com.ar\/diario\/?p=1377"},"modified":"2015-03-18T16:52:35","modified_gmt":"2015-03-18T16:52:35","slug":"armstrong-presentacion-de-un-nuevo-minicargador","status":"publish","type":"post","link":"https:\/\/armstrongyregion.com.ar\/diario\/armstrong-presentacion-de-un-nuevo-minicargador\/","title":{"rendered":"Armstrong. Presentaci\u00f3n de un nuevo minicargador."},"content":{"rendered":"<p><a href=\"http:\/\/armstrongyregion.com.ar\/diario\/wp-content\/uploads\/2015\/03\/minicargadormarzo.jpg\"><img loading=\"lazy\" decoding=\"async\" class=\"alignnone size-medium wp-image-1378\" src=\"http:\/\/armstrongyregion.com.ar\/diario\/wp-content\/uploads\/2015\/03\/minicargadormarzo-300x224.jpg\" alt=\"minicargadormarzo\" width=\"300\" height=\"224\" srcset=\"https:\/\/armstrongyregion.com.ar\/diario\/wp-content\/uploads\/2015\/03\/minicargadormarzo-300x224.jpg 300w, https:\/\/armstrongyregion.com.ar\/diario\/wp-content\/uploads\/2015\/03\/minicargadormarzo.jpg 667w\" sizes=\"auto, (max-width: 300px) 100vw, 300px\" \/><\/a>En la ma\u00f1ana del martes 17 de marzo, el Intendente Municipal Dr. Pablo Verdecchia present\u00f3 a la comunidad el nuevo minicargador compacto, incrementando as\u00ed el parque automotor del municipio local.<\/p>\n<p>Esta herramienta form\u00f3 parte de la licitaci\u00f3n oportunamente celebrada, y adquirida con el Fondo de Obras Menores 2014.<\/p>\n<p>\u201cPara nosotros es muy importante tener este tipo de maquinaria porque la versatilidad que tiene permite realizar diversas tareas y nos permite seguir atendiendo a los vecinos. Con ella se puede trabajar muy bien en acondicionamiento de cunetas, barrido de esquinas, con el trompo para reparaci\u00f3n de baches, con el martillo neum\u00e1tico o el regulador de terrenos, cortadoras de pasto, es decir que tiene muchas funciones\u201d, cont\u00f3 el Dr. Verdecchia.<\/p>\n","protected":false},"excerpt":{"rendered":"<p>En la ma\u00f1ana del martes 17 de marzo, el Intendente Municipal Dr. Pablo Verdecchia present\u00f3 a la comunidad el nuevo minicargador compacto, incrementando as\u00ed el parque automotor del municipio local. Esta herramienta form\u00f3 parte de la licitaci\u00f3n oportunamente celebrada, y adquirida con el Fondo de Obras Menores 2014. \u201cPara nosotros es muy importante tener este <a href=\"https:\/\/armstrongyregion.com.ar\/diario\/armstrong-presentacion-de-un-nuevo-minicargador\/\" title=\"Read more\" >&#8230;<\/a><\/p>\n","protected":false},"author":2,"featured_media":1378,"comment_status":"open","ping_status":"open","sticky":false,"template":"","format":"standard","meta":{"_jetpack_memberships_contains_paid_content":false,"footnotes":"","jetpack_publicize_message":"","jetpack_publicize_feature_enabled":true,"jetpack_social_post_already_shared":false,"jetpack_social_options":{"image_generator_settings":{"template":"highway","default_image_id":0,"enabled":false},"version":2}},"categories":[1,2],"tags":[],"class_list":["post-1377","post","type-post","status-publish","format-standard","has-post-thumbnail","hentry","category-diario-armstrong","category-locales"],"jetpack_publicize_connections":[],"jetpack_featured_media_url":"https:\/\/armstrongyregion.com.ar\/diario\/wp-content\/uploads\/2015\/03\/minicargadormarzo.jpg","jetpack_shortlink":"https:\/\/wp.me\/p62QDO-md","jetpack_sharing_enabled":true,"amp_enabled":true,"_links":{"self":[{"href":"https:\/\/armstrongyregion.com.ar\/diario\/wp-json\/wp\/v2\/posts\/1377","targetHints":{"allow":["GET"]}}],"collection":[{"href":"https:\/\/armstrongyregion.com.ar\/diario\/wp-json\/wp\/v2\/posts"}],"about":[{"href":"https:\/\/armstrongyregion.com.ar\/diario\/wp-json\/wp\/v2\/types\/post"}],"author":[{"embeddable":true,"href":"https:\/\/armstrongyregion.com.ar\/diario\/wp-json\/wp\/v2\/users\/2"}],"replies":[{"embeddable":true,"href":"https:\/\/armstrongyregion.com.ar\/diario\/wp-json\/wp\/v2\/comments?post=1377"}],"version-history":[{"count":0,"href":"https:\/\/armstrongyregion.com.ar\/diario\/wp-json\/wp\/v2\/posts\/1377\/revisions"}],"wp:featuredmedia":[{"embeddable":true,"href":"https:\/\/armstrongyregion.com.ar\/diario\/wp-json\/wp\/v2\/media\/1378"}],"wp:attachment":[{"href":"https:\/\/armstrongyregion.com.ar\/diario\/wp-json\/wp\/v2\/media?parent=1377"}],"wp:term":[{"taxonomy":"category","embeddable":true,"href":"https:\/\/armstrongyregion.com.ar\/diario\/wp-json\/wp\/v2\/categories?post=1377"},{"taxonomy":"post_tag","embeddable":true,"href":"https:\/\/armstrongyregion.com.ar\/diario\/wp-json\/wp\/v2\/tags?post=1377"}],"curies":[{"name":"wp","href":"https:\/\/api.w.org\/{rel}","templated":true}]}}