{"id":13758,"date":"2017-07-18T03:12:59","date_gmt":"2017-07-18T03:12:59","guid":{"rendered":"https:\/\/armstrongyregion.com.ar\/diario\/?p=13758"},"modified":"2017-07-18T03:12:59","modified_gmt":"2017-07-18T03:12:59","slug":"bonfatti-en-las-rosas-junto-a-mario-ramos","status":"publish","type":"post","link":"https:\/\/armstrongyregion.com.ar\/diario\/bonfatti-en-las-rosas-junto-a-mario-ramos\/","title":{"rendered":"Bonfatti en Las Rosas junto a Mario Ramos."},"content":{"rendered":"<p><a href=\"http:\/\/armstrongyregion.com.ar\/diario\/wp-content\/uploads\/2017\/07\/Imagen-Bonfatti-en-Las-Rosas-junto-a-Mario-Ramos-06-1.jpg\"><img loading=\"lazy\" decoding=\"async\" class=\"alignnone size-medium wp-image-13759\" src=\"http:\/\/armstrongyregion.com.ar\/diario\/wp-content\/uploads\/2017\/07\/Imagen-Bonfatti-en-Las-Rosas-junto-a-Mario-Ramos-06-1-300x200.jpg\" alt=\"Imagen Bonfatti en Las Rosas junto a Mario Ramos 06 (1)\" width=\"300\" height=\"200\" srcset=\"https:\/\/armstrongyregion.com.ar\/diario\/wp-content\/uploads\/2017\/07\/Imagen-Bonfatti-en-Las-Rosas-junto-a-Mario-Ramos-06-1-300x200.jpg 300w, https:\/\/armstrongyregion.com.ar\/diario\/wp-content\/uploads\/2017\/07\/Imagen-Bonfatti-en-Las-Rosas-junto-a-Mario-Ramos-06-1.jpg 768w\" sizes=\"auto, (max-width: 300px) 100vw, 300px\" \/><\/a>En la tarde de este lunes, el actual presidente de la c\u00e1mara de Diputados provincial Antonio Bonfatti visit\u00f3 Las Rosas donde comparti\u00f3 una conferencia de prensa junto con el diputado Miguel Sol\u00eds y los candidatos locales a concejal del partido Socialista, Mario Ramos y Florencia Invernizzi. El exgobernador reflexion\u00f3 sobre \u201cno caer en la trampa\u201d de elegir entre el pasado corrupto y el ajuste del presente.<\/p>\n<p>Durante su intervenci\u00f3n, Mario Ramos afirm\u00f3 que se tiene la \u201cexpectativa de llevar al concejo una propuesta fresca, joven, con coherencia pol\u00edtica, que le d\u00e9 continuidad al trabajo de Alejandro Marentes y Alejandra Salvucci\u201d.<\/p>\n<p>Luego record\u00f3 cuando Bonfatti tuvo que gobernar la provincia con ambas c\u00e1maras legislativas con control de la oposici\u00f3n, en un contexto donde \u201csupo construir consensos, tender puentes y llevar adelante pol\u00edticas p\u00fablicas que le dieron continuidad a la transformaci\u00f3n iniciada por Binner\u201d. \u201cTomamos como propio ese ejemplo porque nos parece importante apostar a esa gimnasia de metodolog\u00eda\u201d, agreg\u00f3 el actual\u00a0delegado del ministerio de Educaci\u00f3n en la Regi\u00f3n V.<\/p>\n<p>\u201cVemos de manera preocupante algunos s\u00edntomas de crear una grieta a nivel local, se llevan adelante formas que son violentas, que solo buscan descalificar, que no tienen que nadie tienen que ver con lo que la ciudadan\u00eda espera de la dirigencia pol\u00edtica\u201d, sostuvo Ramos. \u201cEl gobierno nacional y el local proponen profundizar divisiones, nosotros concebimos otra forma de hacer pol\u00edtica, las diferencias nos deben permitir crecer\u201d, finaliz\u00f3.<\/p>\n","protected":false},"excerpt":{"rendered":"<p>En la tarde de este lunes, el actual presidente de la c\u00e1mara de Diputados provincial Antonio Bonfatti visit\u00f3 Las Rosas donde comparti\u00f3 una conferencia de prensa junto con el diputado Miguel Sol\u00eds y los candidatos locales a concejal del partido Socialista, Mario Ramos y Florencia Invernizzi. El exgobernador reflexion\u00f3 sobre \u201cno caer en la trampa\u201d <a href=\"https:\/\/armstrongyregion.com.ar\/diario\/bonfatti-en-las-rosas-junto-a-mario-ramos\/\" title=\"Read more\" >&#8230;<\/a><\/p>\n","protected":false},"author":1,"featured_media":13759,"comment_status":"open","ping_status":"open","sticky":false,"template":"","format":"standard","meta":{"_jetpack_memberships_contains_paid_content":false,"footnotes":"","jetpack_publicize_message":"","jetpack_publicize_feature_enabled":true,"jetpack_social_post_already_shared":false,"jetpack_social_options":{"image_generator_settings":{"template":"highway","default_image_id":0,"enabled":false},"version":2}},"categories":[8,1,7,3],"tags":[5686],"class_list":["post-13758","post","type-post","status-publish","format-standard","has-post-thumbnail","hentry","category-deliberando","category-diario-armstrong","category-politica","category-region","tag-bonfatti-en-las-rosas-junto-a-mario-ramos"],"jetpack_publicize_connections":[],"jetpack_featured_media_url":"https:\/\/armstrongyregion.com.ar\/diario\/wp-content\/uploads\/2017\/07\/Imagen-Bonfatti-en-Las-Rosas-junto-a-Mario-Ramos-06-1.jpg","jetpack_shortlink":"https:\/\/wp.me\/p62QDO-3zU","jetpack_sharing_enabled":true,"amp_enabled":true,"_links":{"self":[{"href":"https:\/\/armstrongyregion.com.ar\/diario\/wp-json\/wp\/v2\/posts\/13758","targetHints":{"allow":["GET"]}}],"collection":[{"href":"https:\/\/armstrongyregion.com.ar\/diario\/wp-json\/wp\/v2\/posts"}],"about":[{"href":"https:\/\/armstrongyregion.com.ar\/diario\/wp-json\/wp\/v2\/types\/post"}],"author":[{"embeddable":true,"href":"https:\/\/armstrongyregion.com.ar\/diario\/wp-json\/wp\/v2\/users\/1"}],"replies":[{"embeddable":true,"href":"https:\/\/armstrongyregion.com.ar\/diario\/wp-json\/wp\/v2\/comments?post=13758"}],"version-history":[{"count":0,"href":"https:\/\/armstrongyregion.com.ar\/diario\/wp-json\/wp\/v2\/posts\/13758\/revisions"}],"wp:featuredmedia":[{"embeddable":true,"href":"https:\/\/armstrongyregion.com.ar\/diario\/wp-json\/wp\/v2\/media\/13759"}],"wp:attachment":[{"href":"https:\/\/armstrongyregion.com.ar\/diario\/wp-json\/wp\/v2\/media?parent=13758"}],"wp:term":[{"taxonomy":"category","embeddable":true,"href":"https:\/\/armstrongyregion.com.ar\/diario\/wp-json\/wp\/v2\/categories?post=13758"},{"taxonomy":"post_tag","embeddable":true,"href":"https:\/\/armstrongyregion.com.ar\/diario\/wp-json\/wp\/v2\/tags?post=13758"}],"curies":[{"name":"wp","href":"https:\/\/api.w.org\/{rel}","templated":true}]}}